{"id":117917,"date":"2025-10-22T18:58:00","date_gmt":"2025-10-22T21:58:00","guid":{"rendered":"https:\/\/bluestudio.estadao.com.br\/agencia-de-comunicacao\/prnewswire\/alps-blockchain-anuncia-mudanca-de-marca-corporativa-para-alps\/"},"modified":"2025-10-22T18:58:00","modified_gmt":"2025-10-22T21:58:00","slug":"alps-blockchain-anuncia-mudanca-de-marca-corporativa-para-alps","status":"publish","type":"post","link":"https:\/\/bluestudio.estadao.com.br\/agencia-de-comunicacao\/prnewswire\/alps-blockchain-anuncia-mudanca-de-marca-corporativa-para-alps\/","title":{"rendered":"Alps Blockchain anuncia mudan\u00e7a de marca corporativa para Alps"},"content":{"rendered":"\n<div class=\"xn-content\">\n<i>Refletindo sua evolu\u00e7\u00e3o para uma construtora global de infraestrutura de data centers de nova gera\u00e7\u00e3o, que impulsionam o Bitcoin e, futuramente, a computa\u00e7\u00e3o em IA<\/i>\n <\/p>\n<p><span class=\"legendSpanClass\">TRENTO, It\u00e1lia<\/span>, <span class=\"legendSpanClass\">22 de outubro de 2025<\/span> \/PRNewswire\/ &#8212; A <i>Alps Blockchain<\/i>, l\u00edder europeia em infraestrutura digital e minera\u00e7\u00e3o de Bitcoin, anunciou hoje sua <b>mudan\u00e7a de marca corporativa para <span><a href=\"https:\/\/www.alpsblockchain.com\/en\" target=\"_blank\" rel=\"nofollow\">Alps<\/a><\/span><\/b>, marcando um novo cap\u00edtulo em seu crescimento como uma empresa de infraestrutura totalmente integrada.<\/p>\n<div id=\"prni_dvprnejpg940dleft\" dir=\"ltr\" style=\"width: 800px;text-align: left\"><img decoding=\"async\" id=\"prnejpg940dleft\" title=\"Nova identidade visual da ALPS\" src=\"https:\/\/mma.prnewswire.com\/media\/2800995\/ALPS_Logo.jpg\" alt=\"Nova identidade visual da ALPS\" align=\"middle\" \/> <\/div>\n<p>A mudan\u00e7a de marca destaca a transforma\u00e7\u00e3o da Alps de uma operadora pioneira em minera\u00e7\u00e3o de Bitcoin para uma <b>construtora e gestora verticalmente integrada de data centers avan\u00e7ados<\/b>, capaz de converter energia em computa\u00e7\u00e3o digital &#8212; desde a minera\u00e7\u00e3o de Bitcoin com sistemas ASIC at\u00e9, no futuro, a <b>computa\u00e7\u00e3o de alto desempenho (HPC) para intelig\u00eancia artificial<\/b>.<\/p>\n<p>&#8220;<i>Essa mudan\u00e7a de marca reflete o que a Alps se tornou,<\/i>&#8221; afirmou <b>Francesco Buffa, CEO e cofundador da Alps<\/b>. &#8220;<i>N\u00e3o somos mais apenas uma empresa de blockchain &#8212; somos uma empresa de infraestrutura. Projetamos, constru\u00edmos e operamos data centers de alta efici\u00eancia desde o in\u00edcio, transformando energia em poder computacional que alimenta a economia digital.<\/i>&#8220;<\/p>\n<p>&#8220;<i>Do ponto de vista financeiro, produzir poder computacional para a rede Bitcoin sempre proporcionou &#8212; e continua proporcionando &#8212; um fluxo de caixa constante e sem precedentes no setor de infraestrutura digital,<\/i>&#8221; acrescentou <b>Francesca Failoni, CFO e cofundadora da Alps<\/b>. &#8220;<i>Essa base s\u00f3lida nos permite planejar com uma vis\u00e3o de longo prazo e integrar estrategicamente novas aplica\u00e7\u00f5es, como a computa\u00e7\u00e3o em IA, \u00e0 nossa infraestrutura existente.<\/i>&#8220;<\/p>\n<p>Desde sua funda\u00e7\u00e3o em 2018, a Alps desenvolveu e gerenciou data centers modulares e energeticamente eficientes na It\u00e1lia, Paraguai, Equador, Om\u00e3 e Estados Unidos, com infraestrutura e contratos de energia j\u00e1 estabelecidos para atingir <b>15 EH\/s de poder computacional em um futuro pr\u00f3ximo<\/b>, o que equivale a aproximadamente <b>1,5% do hash rate global do Bitcoin<\/b>.<\/p>\n<p>A Alps controla e opera mais de <b>250 MW<\/b> de capacidade instalada ou pronta para implanta\u00e7\u00e3o, com uma <b>efici\u00eancia energ\u00e9tica de 15,4 J\/TH<\/b>, entre as melhores do mundo. A empresa segue com um ambicioso plano de expans\u00e3o at\u00e9 2029.<\/p>\n<p>A transi\u00e7\u00e3o para <b>Alps<\/b> representa melhor essa miss\u00e3o ampliada e posiciona a empresa como um agente-chave na interse\u00e7\u00e3o emergente entre energia e infraestrutura digital. A Alps integra toda a cadeia de valor &#8212; desde o <b>desenvolvimento de locais e engenharia el\u00e9trica<\/b> at\u00e9 a <b>fabrica\u00e7\u00e3o de data centers em cont\u00eainer e opera\u00e7\u00f5es no local<\/b> &#8212; permitindo implanta\u00e7\u00e3o escal\u00e1vel e sustent\u00e1vel em todo o mundo.<\/p>\n<p>A estrutura jur\u00eddica da empresa, a composi\u00e7\u00e3o acion\u00e1ria e os projetos em andamento permanecem inalterados.<\/p>\n<p><b>  <span>Sobre a Alps<\/span><\/b>\n <\/p>\n<p><span><br \/>\n  <a href=\"https:\/\/www.alpsblockchain.com\/en\" target=\"_blank\" rel=\"nofollow\">Alps<\/a> <\/span>\u00e9 uma empresa de infraestrutura digital que projeta, constr\u00f3i e gerencia data centers modulares e energeticamente eficientes que transformam energia em computa\u00e7\u00e3o. Por meio de sua rede global de locais, a Alps produz poder computacional para minera\u00e7\u00e3o de Bitcoin e se prepara para expandir para aplica\u00e7\u00f5es de computa\u00e7\u00e3o de alto desempenho. Fundada em Trento em 2018, a Alps atua na Europa, Oriente M\u00e9dio e Am\u00e9ricas.<\/p>\n<p>Voc\u00ea pode acessar o <b>kit de m\u00eddia oficial<\/b>, que inclui a nova identidade visual e as fazendas de minera\u00e7\u00e3o, <b><span><a href=\"https:\/\/drive.google.com\/drive\/folders\/1mObiQdSpsUt2mPY5fvHLUNZHLvo7rGok?usp=sharing\" target=\"_blank\" rel=\"nofollow\">aqui<\/a><\/span><\/b>.<\/p>\n<p>Logotipo &#8211; <a href=\"https:\/\/mma.prnewswire.com\/media\/2800995\/ALPS_Logo.jpg\" target=\"_blank\" rel=\"nofollow\">https:\/\/mma.prnewswire.com\/media\/2800995\/ALPS_Logo.jpg<\/a><\/p>\n<p id=\"PURL\">\n<img loading=\"lazy\" decoding=\"async\" title=\"Cision\" width=\"12\" height=\"12\" alt=\"Cision\" src=\"https:\/\/edge.prnewswire.com\/c\/img\/favicon.png?sn=PT02669&amp;sd=2025-10-22\" \/> View original content:<a id=\"PRNURL\" rel=\"nofollow\" href=\"https:\/\/www.prnewswire.com\/br\/comunicados-para-a-imprensa\/alps-blockchain-anuncia-mudanca-de-marca-corporativa-para-alps-302592033.html\" target=\"_blank\">https:\/\/www.prnewswire.com\/br\/comunicados-para-a-imprensa\/alps-blockchain-anuncia-mudanca-de-marca-corporativa-para-alps-302592033.html<\/a><\/p>\n<p>FONTE ALPS<\/p>\n<\/p><\/div>\n<p>  <img decoding=\"async\" alt=\"\" src=\"https:\/\/rt.prnewswire.com\/rt.gif?NewsItemId=PT02669&amp;Transmission_Id=202510221754PR_NEWS_LATAM____PT02669&amp;DateId=20251022\" style=\"border:0px;width:1px;height:1px\" \/><\/p>\n<p><strong>T\u00f3picos Relacionados:<\/strong> Novos Produtos\/Servi\u00e7os, Tecnologia Financeira, Blockchain, Computador\/Eletr\u00f4nica, Criptomoeda<\/p>\n<p>A <b>OESP<\/b> n\u00e3o \u00e9(s\u00e3o) respons\u00e1vel(is) por erros, incorre\u00e7\u00f5es, atrasos ou quaisquer decis\u00f5es tomadas por seus clientes com base nos Conte\u00fados ora disponibilizados, bem como tais Conte\u00fados n\u00e3o representam a opini\u00e3o da <b>OESP<\/b> e s\u00e3o de inteira responsabilidade da <b>PR Newswire Ltda<\/b><\/p>\n","protected":false},"excerpt":{"rendered":"Refletindo sua evolu\u00e7\u00e3o para uma construtora global de infraestrutura de data centers de nova gera\u00e7\u00e3o, que impulsionam o Bitcoin e, futuramente, a computa\u00e7\u00e3o em IA TRENTO, It\u00e1lia, 22 de outubro","protected":false},"author":1,"featured_media":117918,"comment_status":"open","ping_status":"closed","sticky":false,"template":"","format":"standard","meta":{"_acf_changed":false,"inline_featured_image":false,"_monsterinsights_skip_tracking":false,"_monsterinsights_sitenote_active":false,"_monsterinsights_sitenote_note":"","_monsterinsights_sitenote_category":0,"footnotes":""},"categories":[27],"tags":[3579,3581,3580,3582],"class_list":["post-117917","post","type-post","status-publish","format-standard","has-post-thumbnail","hentry","category-prnewswire","tag-a-alps-blockchain","tag-anunciou-hoje-sua-mudanca-de-marca-corporativa-para-alps","tag-lider-europeia-em-infraestrutura-digital-e-mineracao-de-bitcoin","tag-marcando-um-novo-capitu"],"acf":[],"_links":{"self":[{"href":"https:\/\/bluestudio.estadao.com.br\/agencia-de-comunicacao\/wp-json\/wp\/v2\/posts\/117917","targetHints":{"allow":["GET"]}}],"collection":[{"href":"https:\/\/bluestudio.estadao.com.br\/agencia-de-comunicacao\/wp-json\/wp\/v2\/posts"}],"about":[{"href":"https:\/\/bluestudio.estadao.com.br\/agencia-de-comunicacao\/wp-json\/wp\/v2\/types\/post"}],"author":[{"embeddable":true,"href":"https:\/\/bluestudio.estadao.com.br\/agencia-de-comunicacao\/wp-json\/wp\/v2\/users\/1"}],"replies":[{"embeddable":true,"href":"https:\/\/bluestudio.estadao.com.br\/agencia-de-comunicacao\/wp-json\/wp\/v2\/comments?post=117917"}],"version-history":[{"count":0,"href":"https:\/\/bluestudio.estadao.com.br\/agencia-de-comunicacao\/wp-json\/wp\/v2\/posts\/117917\/revisions"}],"wp:featuredmedia":[{"embeddable":true,"href":"https:\/\/bluestudio.estadao.com.br\/agencia-de-comunicacao\/wp-json\/wp\/v2\/media\/117918"}],"wp:attachment":[{"href":"https:\/\/bluestudio.estadao.com.br\/agencia-de-comunicacao\/wp-json\/wp\/v2\/media?parent=117917"}],"wp:term":[{"taxonomy":"category","embeddable":true,"href":"https:\/\/bluestudio.estadao.com.br\/agencia-de-comunicacao\/wp-json\/wp\/v2\/categories?post=117917"},{"taxonomy":"post_tag","embeddable":true,"href":"https:\/\/bluestudio.estadao.com.br\/agencia-de-comunicacao\/wp-json\/wp\/v2\/tags?post=117917"}],"curies":[{"name":"wp","href":"https:\/\/api.w.org\/{rel}","templated":true}]}}