{"id":117900,"date":"2025-10-22T12:27:00","date_gmt":"2025-10-22T15:27:00","guid":{"rendered":"https:\/\/bluestudio.estadao.com.br\/agencia-de-comunicacao\/prnewswire\/miami-fashion-weekr-retorna-de-20-a-25-de-outubro-de-2025-com-icones-globais-visionarios-latino-americanos-e-talentos-de-miami\/"},"modified":"2025-10-22T12:27:00","modified_gmt":"2025-10-22T15:27:00","slug":"miami-fashion-weekr-retorna-de-20-a-25-de-outubro-de-2025-com-icones-globais-visionarios-latino-americanos-e-talentos-de-miami","status":"publish","type":"post","link":"https:\/\/bluestudio.estadao.com.br\/agencia-de-comunicacao\/prnewswire\/miami-fashion-weekr-retorna-de-20-a-25-de-outubro-de-2025-com-icones-globais-visionarios-latino-americanos-e-talentos-de-miami\/","title":{"rendered":"Miami Fashion Week(R) retorna de 20 a 25 de outubro de 2025 com \u00edcones globais, vision\u00e1rios latino-americanos e talentos de Miami"},"content":{"rendered":"\n<div class=\"xn-content\">\n<p><span class=\"legendSpanClass\">MIAMI<\/span>, <span class=\"legendSpanClass\">22 de outubro de 2025<\/span> \/PRNewswire\/ &#8212; A <a href=\"https:\/\/edge.prnewswire.com\/c\/link\/?t=0&amp;l=pt&amp;o=4536963-1&amp;h=2344986313&amp;u=https%3A%2F%2Fedge.prnewswire.com%2Fc%2Flink%2F%3Ft%3D0%26l%3Den%26o%3D4536963-1%26h%3D2709865634%26u%3Dhttps%253A%252F%252Fwww.miamifashionweek.com%252F%26a%3DMiami%2BFashion%2BWeek%25C2%25AE&amp;a=Miami+Fashion+Week%C2%AE\" target=\"_blank\" rel=\"nofollow\">Miami Fashion Week<sup>(R)<\/sup><\/a> (MIAFW) retorna de 20 a 25 de outubro de 2025, com uma celebra\u00e7\u00e3o de uma semana de estilo, sustentabilidade e cultura. A edi\u00e7\u00e3o deste ano une pot\u00eancias globais da moda, inovadores latino-americanos e o talento mais brilhante de Miami &#8211; consolidando o papel de Miami como a encruzilhada mais colorida do mundo da moda internacional.<\/p>\n<div class=\"PRN_ImbeddedAssetReference\" id=\"DivAssetPlaceHolder1\">\n  <a href=\"https:\/\/mma.prnewswire.com\/media\/2801035\/Miami_Fashion_Week.html\" target=\"_blank\" rel=\"nofollow\"> <img decoding=\"async\" src=\"https:\/\/mma.prnewswire.com\/media\/2801035\/Miami_Fashion_Week.jpg\" title=\"Miami Fashion Week\" alt=\"Miami Fashion Week\" \/>  <\/a>\n<\/p>\n<\/p><\/div>\n<p>&#8220;A Miami Fashion Week \u00e9 onde a criatividade encontra a oportunidade&#8221;, diz Lourdes Fernandez-Velasco, diretora executiva da Miami Fashion Week. &#8220;De talentos emergentes de Miami a \u00edcones internacionais, nosso objetivo \u00e9 inspirar a colabora\u00e7\u00e3o, estimular a inova\u00e7\u00e3o e mostrar a moda como uma for\u00e7a para a cultura e a sustentabilidade.&#8221;<\/p>\n<p>Come\u00e7ando oficialmente na segunda-feira, 20 de outubro, com uma coletiva de imprensa na <a href=\"https:\/\/edge.prnewswire.com\/c\/link\/?t=0&amp;l=pt&amp;o=4536963-1&amp;h=2867818054&amp;u=https%3A%2F%2Fedge.prnewswire.com%2Fc%2Flink%2F%3Ft%3D0%26l%3Den%26o%3D4536963-1%26h%3D462701090%26u%3Dhttps%253A%252F%252Fwww.mdc.edu%252Ffreedomtower%252F%26a%3DFreedom%2BTower&amp;a=Freedom+Tower\" target=\"_blank\" rel=\"nofollow\">Freedom Tower<\/a> no Miami Dade College, um marco que simboliza a heran\u00e7a cultural e a energia criativa de Miami, os palestrantes e convidados inclu\u00edram Lourdes Fernandez-Velasco (Diretora Executiva da Miami Fashion Week), o Comiss\u00e1rio Oliver G. Gilbert III, Madeline Pumariega (Presidente do Miami Dade College) e os principais designers de moda.<\/p>\n<p><b>Destaques do Programa<\/b>\n <\/p>\n<ul type=\"disc\">\n<li>  <b>Ter\u00e7a-feira, 21 de outubro <\/b>&#8211; <a href=\"https:\/\/edge.prnewswire.com\/c\/link\/?t=0&amp;l=pt&amp;o=4536963-1&amp;h=488802828&amp;u=https%3A%2F%2Fedge.prnewswire.com%2Fc%2Flink%2F%3Ft%3D0%26l%3Den%26o%3D4536963-1%26h%3D585945328%26u%3Dhttps%253A%252F%252Fwww.instagram.com%252Fbeatrizdelacamara%252F%26a%3DBeatriz%2Bde%2Bla%2BC%25C3%25A1mara&amp;a=Beatriz+de+la+C%C3%A1mara\" target=\"_blank\" rel=\"nofollow\">Beatriz de la C\u00e1mara<\/a> (Sr. C Miami, 15:00) e <a href=\"https:\/\/edge.prnewswire.com\/c\/link\/?t=0&amp;l=pt&amp;o=4536963-1&amp;h=147448917&amp;u=https%3A%2F%2Fedge.prnewswire.com%2Fc%2Flink%2F%3Ft%3D0%26l%3Den%26o%3D4536963-1%26h%3D3521181988%26u%3Dhttps%253A%252F%252Fwww.instagram.com%252Fsitka.semsch%252F%26a%3DSitka%2BSemsch&amp;a=Sitka+Semsch\" target=\"_blank\" rel=\"nofollow\">Sitka Semsch<\/a> (Lojas no Merrick Park, 18:00).\n<\/li>\n<li>  <b>Quarta-feira, 22 de outubro <\/b>&#8211; MIAFW Summit com o Miami Fashion Institute (Miami Dade College, 9:00 &#8211; 18:00), com o tema &#8220;O futuro da moda \u00e9 constru\u00eddo aqui&#8221;. Com <a href=\"https:\/\/edge.prnewswire.com\/c\/link\/?t=0&amp;l=pt&amp;o=4536963-1&amp;h=2060944258&amp;u=https%3A%2F%2Fedge.prnewswire.com%2Fc%2Flink%2F%3Ft%3D0%26l%3Den%26o%3D4536963-1%26h%3D1902994636%26u%3Dhttps%253A%252F%252Fwww.instagram.com%252Fnicolemillernyc%252F%26a%3DNicole%2BMiller&amp;a=Nicole+Miller\" target=\"_blank\" rel=\"nofollow\">Nicole Miller<\/a>, Naeem Khan, Angel Sanchez e outros, fechar\u00e1 com o primeiro Desfile de Moda Digital do Instituto.\n<\/li>\n<li>  <b>Quinta-feira, 23 de outubro <\/b>&#8211; Miami Fashion Week Gala e <a href=\"https:\/\/edge.prnewswire.com\/c\/link\/?t=0&amp;l=pt&amp;o=4536963-1&amp;h=1669099048&amp;u=https%3A%2F%2Fedge.prnewswire.com%2Fc%2Flink%2F%3Ft%3D0%26l%3Den%26o%3D4536963-1%26h%3D2103027980%26u%3Dhttps%253A%252F%252Fwww.instagram.com%252Fnaeemkhannyc%252F%26a%3DNaeem%2BKhan&amp;a=Naeem+Khan\" target=\"_blank\" rel=\"nofollow\">Naeem Khan<\/a> Fashion Show (Queen Miami Beach, 17:30-22:30), um <a href=\"https:\/\/edge.prnewswire.com\/c\/link\/?t=0&amp;l=pt&amp;o=4536963-1&amp;h=3358121017&amp;u=https%3A%2F%2Fedge.prnewswire.com%2Fc%2Flink%2F%3Ft%3D0%26l%3Den%26o%3D4536963-1%26h%3D2919835242%26u%3Dhttps%253A%252F%252Fwww.eventbrite.com%252Fe%252Fmiami-fashion-week-gala-ft-naeem-khan-queen-miami-beach-tickets-1802335045639%26a%3Dticketed%2Bevent&amp;a=evento+com+ingressos%C2%A0\" target=\"_blank\" rel=\"nofollow\">evento com ingressos <\/a>que beneficia o Miami Fashion Institute.\n<\/li>\n<li>  <b>Sex., 24 de outubro <\/b>&#8211; <a href=\"https:\/\/edge.prnewswire.com\/c\/link\/?t=0&amp;l=pt&amp;o=4536963-1&amp;h=3532227861&amp;u=https%3A%2F%2Fedge.prnewswire.com%2Fc%2Flink%2F%3Ft%3D0%26l%3Den%26o%3D4536963-1%26h%3D3526821686%26u%3Dhttps%253A%252F%252Fwww.instagram.com%252Fbrendanoyofficial%252F%26a%3DBrenda%2BNoy&amp;a=Brenda+Noy\" target=\"_blank\" rel=\"nofollow\">Brenda Noy<\/a> (17:30) e <a href=\"https:\/\/edge.prnewswire.com\/c\/link\/?t=0&amp;l=pt&amp;o=4536963-1&amp;h=1332144689&amp;u=https%3A%2F%2Fedge.prnewswire.com%2Fc%2Flink%2F%3Ft%3D0%26l%3Den%26o%3D4536963-1%26h%3D1840988990%26u%3Dhttps%253A%252F%252Fwww.instagram.com%252Fjennypolanco%252F%26a%3DJenny%2BPolanco&amp;a=Jenny+Polanco\" target=\"_blank\" rel=\"nofollow\">Jenny Polanco<\/a> (19:00) no Gary Nader Art Centre.\n<\/li>\n<li>  <b>S\u00e1bado, 25 de outubro <\/b>&#8211; <a href=\"https:\/\/edge.prnewswire.com\/c\/link\/?t=0&amp;l=pt&amp;o=4536963-1&amp;h=2933652920&amp;u=https%3A%2F%2Fedge.prnewswire.com%2Fc%2Flink%2F%3Ft%3D0%26l%3Den%26o%3D4536963-1%26h%3D3794762328%26u%3Dhttps%253A%252F%252Fwww.instagram.com%252Fyennybastida%252F%26a%3DYenny%2BBastida&amp;a=Yenny+Bastida\" target=\"_blank\" rel=\"nofollow\">Yenny Bastida<\/a> (18:30) e <a href=\"https:\/\/edge.prnewswire.com\/c\/link\/?t=0&amp;l=pt&amp;o=4536963-1&amp;h=4226979632&amp;u=https%3A%2F%2Fedge.prnewswire.com%2Fc%2Flink%2F%3Ft%3D0%26l%3Den%26o%3D4536963-1%26h%3D63084486%26u%3Dhttps%253A%252F%252Fwww.instagram.com%252Fiamsebastiangrey%252F%26a%3DJhoan%2BSebastian%2BGrey&amp;a=Jhoan+Sebastian+Grey\" target=\"_blank\" rel=\"nofollow\">Jhoan Sebastian Grey<\/a> (20:00) no Gale Miami Hotel &amp; Residences.<\/li>\n<\/ul>\n<p>Com o apoio do Condado de Miami-Dade, a MIAFW continua a defender a inclus\u00e3o e a diversidade cultural, ao mesmo tempo em que fortalece a posi\u00e7\u00e3o de Miami como um centro global de moda. Os designers participantes ganham acesso ao <a href=\"https:\/\/edge.prnewswire.com\/c\/link\/?t=0&amp;l=pt&amp;o=4536963-1&amp;h=3714592899&amp;u=https%3A%2F%2Fedge.prnewswire.com%2Fc%2Flink%2F%3Ft%3D0%26l%3Den%26o%3D4536963-1%26h%3D257330539%26u%3Dhttps%253A%252F%252Ffashion.manacommon.com%252Fshowroom%252F%26a%3DMana%2BFashion%2BShowroom&amp;a=Mana+Fashion+Showroom\" target=\"_blank\" rel=\"nofollow\">Mana Fashion Showroom<\/a>, conectando-se diretamente com compradores, varejistas e l\u00edderes do setor por meio de mesas redondas de neg\u00f3cios exclusivas e suporte promocional compartilhado.<\/p>\n<p><b>Sobre a Miami Fashion Week <sup>(R)<br \/><\/sup><\/b>Reconhecida pelo Calend\u00e1rio de Moda do CFDA ao lado de Nova York, Londres, Paris e Mil\u00e3o, a MIAFW est\u00e1 enraizada na arte, sustentabilidade e inova\u00e7\u00e3o, unindo continentes, destacando designers latino-americanos, pot\u00eancias internacionais e talentos de Miami. Para mais informa\u00e7\u00f5es, acesse <a href=\"https:\/\/edge.prnewswire.com\/c\/link\/?t=0&amp;l=pt&amp;o=4536963-1&amp;h=988093113&amp;u=https%3A%2F%2Fedge.prnewswire.com%2Fc%2Flink%2F%3Ft%3D0%26l%3Den%26o%3D4536963-1%26h%3D857988908%26u%3Dhttp%253A%252F%252Fwww.miamifashionweek.com%252F%26a%3Dwww.miamifashionweek.com&amp;a=www.miamifashionweek.com\" target=\"_blank\" rel=\"nofollow\">www.miamifashionweek.com<\/a> e siga @<a href=\"https:\/\/edge.prnewswire.com\/c\/link\/?t=0&amp;l=pt&amp;o=4536963-1&amp;h=3379405531&amp;u=https%3A%2F%2Fedge.prnewswire.com%2Fc%2Flink%2F%3Ft%3D0%26l%3Den%26o%3D4536963-1%26h%3D2078171724%26u%3Dhttps%253A%252F%252Fwww.instagram.com%252Fmiamifashionweek%252F%26a%3Dmiamifashionweek&amp;a=miamifashionweek\" target=\"_blank\" rel=\"nofollow\">miamifashionweek<\/a>.<\/p>\n<p>CONTATO COM A M\u00cdDIA:<br \/>LORA PR<br \/>Laura Neroulias<br \/><a href=\"mailto:laura@lorapr.com\" target=\"_blank\" rel=\"nofollow\">laura@lorapr.com<\/a><\/p>\n<p>Foto &#8211; <a href=\"https:\/\/edge.prnewswire.com\/c\/link\/?t=0&amp;l=pt&amp;o=4536963-1&amp;h=1974168294&amp;u=https%3A%2F%2Fmma.prnewswire.com%2Fmedia%2F2801035%2FMiami_Fashion_Week.jpg&amp;a=https%3A%2F%2Fmma.prnewswire.com%2Fmedia%2F2801035%2FMiami_Fashion_Week.jpg\" target=\"_blank\" rel=\"nofollow\">https:\/\/mma.prnewswire.com\/media\/2801035\/Miami_Fashion_Week.jpg<\/a><br \/>Logo &#8211; <a href=\"https:\/\/edge.prnewswire.com\/c\/link\/?t=0&amp;l=pt&amp;o=4536963-1&amp;h=3601822034&amp;u=https%3A%2F%2Fedge.prnewswire.com%2Fc%2Flink%2F%3Ft%3D0%26l%3Den%26o%3D4536963-1%26h%3D2293885073%26u%3Dhttps%253A%252F%252Fmma.prnewswire.com%252Fmedia%252F2059853%252FMiami_Fashion_Week_Logo.jpg%26a%3Dhttps%253A%252F%252Fmma.prnewswire.com%252Fmedia%252F2059853%252FMiami_Fashion_Week_Logo.jpg&amp;a=https%3A%2F%2Fmma.prnewswire.com%2Fmedia%2F2059853%2FMiami_Fashion_Week_Logo.jpg\" target=\"_blank\" rel=\"nofollow\">https:\/\/mma.prnewswire.com\/media\/2059853\/Miami_Fashion_Week_Logo.jpg<\/a><\/p>\n<div class=\"PRN_ImbeddedAssetReference\" id=\"DivAssetPlaceHolder2\">\n  <a href=\"https:\/\/mma.prnewswire.com\/media\/2059853\/Miami_Fashion_Week_Logo.html\" target=\"_blank\" rel=\"nofollow\"> <img decoding=\"async\" src=\"https:\/\/mma.prnewswire.com\/media\/2059853\/Miami_Fashion_Week_Logo.jpg\" title=\"Miami Fashion Week (PRNewsfoto\/Miami Fashion Week)\" alt=\"Miami Fashion Week (PRNewsfoto\/Miami Fashion Week)\" \/>  <\/a>\n<\/p>\n<\/p><\/div>\n<p id=\"PURL\">\n<img loading=\"lazy\" decoding=\"async\" title=\"Cision\" width=\"12\" height=\"12\" alt=\"Cision\" src=\"https:\/\/edge.prnewswire.com\/c\/img\/favicon.png?sn=PT02327&amp;sd=2025-10-22\" \/> View original content to download multimedia:<a id=\"PRNURL\" rel=\"nofollow\" href=\"https:\/\/www.prnewswire.com\/br\/comunicados-para-a-imprensa\/miami-fashion-week-retorna-de-20-a-25-de-outubro-de-2025-com-icones-globais-visionarios-latino-americanos-e-talentos-de-miami-302591664.html\" target=\"_blank\">https:\/\/www.prnewswire.com\/br\/comunicados-para-a-imprensa\/miami-fashion-week-retorna-de-20-a-25-de-outubro-de-2025-com-icones-globais-visionarios-latino-americanos-e-talentos-de-miami-302591664.html<\/a><\/p>\n<p>FONTE Miami Fashion Week<\/p>\n<\/p><\/div>\n<p>  <img decoding=\"async\" alt=\"\" src=\"https:\/\/rt.prnewswire.com\/rt.gif?NewsItemId=PT02327&amp;Transmission_Id=202510221124PR_NEWS_LATAM____PT02327&amp;DateId=20251022\" style=\"border:0px;width:1px;height:1px\" \/><\/p>\n<p><strong>T\u00f3picos Relacionados:<\/strong> Moda, Varejo, Arte, Cultura e Design<\/p>\n<p>A <b>OESP<\/b> n\u00e3o \u00e9(s\u00e3o) respons\u00e1vel(is) por erros, incorre\u00e7\u00f5es, atrasos ou quaisquer decis\u00f5es tomadas por seus clientes com base nos Conte\u00fados ora disponibilizados, bem como tais Conte\u00fados n\u00e3o representam a opini\u00e3o da <b>OESP<\/b> e s\u00e3o de inteira responsabilidade da <b>PR Newswire Ltda<\/b><\/p>\n","protected":false},"excerpt":{"rendered":"MIAMI, 22 de outubro de 2025 \/PRNewswire\/ &#8212; A Miami Fashion Week(R) (MIAFW) retorna de 20 a 25 de outubro de 2025, com uma celebra\u00e7\u00e3o de uma semana de estilo, sustentabilidade e cultura. A","protected":false},"author":1,"featured_media":117901,"comment_status":"open","ping_status":"closed","sticky":false,"template":"","format":"standard","meta":{"_acf_changed":false,"inline_featured_image":false,"_monsterinsights_skip_tracking":false,"_monsterinsights_sitenote_active":false,"_monsterinsights_sitenote_note":"","_monsterinsights_sitenote_category":0,"footnotes":""},"categories":[27],"tags":[3565,3566,3567],"class_list":["post-117900","post","type-post","status-publish","format-standard","has-post-thumbnail","hentry","category-prnewswire","tag-a-miami-fashion-weekr-miafw-retorna-de-20-a-25-de-outubro-de-2025","tag-com-uma-celebracao-de-uma-semana-de-estilo","tag-sustentabilidade-e-cultura-a-edicao-deste-ano-une-potencias-glo"],"acf":[],"_links":{"self":[{"href":"https:\/\/bluestudio.estadao.com.br\/agencia-de-comunicacao\/wp-json\/wp\/v2\/posts\/117900","targetHints":{"allow":["GET"]}}],"collection":[{"href":"https:\/\/bluestudio.estadao.com.br\/agencia-de-comunicacao\/wp-json\/wp\/v2\/posts"}],"about":[{"href":"https:\/\/bluestudio.estadao.com.br\/agencia-de-comunicacao\/wp-json\/wp\/v2\/types\/post"}],"author":[{"embeddable":true,"href":"https:\/\/bluestudio.estadao.com.br\/agencia-de-comunicacao\/wp-json\/wp\/v2\/users\/1"}],"replies":[{"embeddable":true,"href":"https:\/\/bluestudio.estadao.com.br\/agencia-de-comunicacao\/wp-json\/wp\/v2\/comments?post=117900"}],"version-history":[{"count":0,"href":"https:\/\/bluestudio.estadao.com.br\/agencia-de-comunicacao\/wp-json\/wp\/v2\/posts\/117900\/revisions"}],"wp:featuredmedia":[{"embeddable":true,"href":"https:\/\/bluestudio.estadao.com.br\/agencia-de-comunicacao\/wp-json\/wp\/v2\/media\/117901"}],"wp:attachment":[{"href":"https:\/\/bluestudio.estadao.com.br\/agencia-de-comunicacao\/wp-json\/wp\/v2\/media?parent=117900"}],"wp:term":[{"taxonomy":"category","embeddable":true,"href":"https:\/\/bluestudio.estadao.com.br\/agencia-de-comunicacao\/wp-json\/wp\/v2\/categories?post=117900"},{"taxonomy":"post_tag","embeddable":true,"href":"https:\/\/bluestudio.estadao.com.br\/agencia-de-comunicacao\/wp-json\/wp\/v2\/tags?post=117900"}],"curies":[{"name":"wp","href":"https:\/\/api.w.org\/{rel}","templated":true}]}}