{"id":117835,"date":"2025-10-21T19:57:00","date_gmt":"2025-10-21T22:57:00","guid":{"rendered":"https:\/\/bluestudio.estadao.com.br\/agencia-de-comunicacao\/prnewswire\/a-alta-costura-de-stephane-rolland-iluminara-o-decimo-aniversario-da-barcelona-bridal-night\/"},"modified":"2025-10-21T19:57:00","modified_gmt":"2025-10-21T22:57:00","slug":"a-alta-costura-de-stephane-rolland-iluminara-o-decimo-aniversario-da-barcelona-bridal-night","status":"publish","type":"post","link":"https:\/\/bluestudio.estadao.com.br\/agencia-de-comunicacao\/prnewswire\/a-alta-costura-de-stephane-rolland-iluminara-o-decimo-aniversario-da-barcelona-bridal-night\/","title":{"rendered":"A alta-costura de St\u00e9phane Rolland iluminar\u00e1 o d\u00e9cimo anivers\u00e1rio da Barcelona Bridal Night"},"content":{"rendered":"\n<div class=\"xn-content\">\n<p><span class=\"legendSpanClass\">BARCELONA, Espanha<\/span>, <span class=\"legendSpanClass\">22 de outubro de 2025<\/span> \/PRNewswire\/ &#8212; A alta-costura de St\u00e9phane Rolland ser\u00e1 o grande destaque do 10\u00ba anivers\u00e1rio da Barcelona Bridal Night, o principal evento de gala da Barcelona Bridal Fashion Week (BBFW) 2026, marcando o primeiro desfile do estilista parisiense na Espanha. Membro ilustre da Chambre Syndicale de la Haute Couture, o Sr. Rolland apresentar\u00e1 uma vitrine especial que combina pe\u00e7as retrospectivas com 20 novas cria\u00e7\u00f5es exclusivas, desenhadas especialmente para esta ocasi\u00e3o. Ao todo, 80 looks de alta-costura &#8211; divididos igualmente entre noiva, noite e tapete vermelho &#8211; celebrar\u00e3o sua vis\u00e3o da moda como escultura viva e pura emo\u00e7\u00e3o.<\/p>\n<div id=\"prni_dvprnejpg24f1left\" dir=\"ltr\" style=\"width: 100%;text-align: left\"><img decoding=\"async\" id=\"prnejpg24f1left\" title=\"O designer St\u00e9phane Rolland com a diretora da BBFW, Albasar\u00ed Caro\" src=\"https:\/\/mma.prnewswire.com\/media\/2800752\/Stephane_Albasari.jpg\" alt=\"O designer St\u00e9phane Rolland com a diretora da BBFW, Albasar\u00ed Caro\" align=\"middle\" data-name=\"url$https%3A%2F%2Fmma.prnewswire.com%2Fmedia%2F2800752%2FStephane_Albasari.jpg;width$400;height$267\" \/> <\/div>\n<p>O desfile ser\u00e1 realizado na noite de 22 de abril, no Pavilh\u00e3o 8 do local Montju\u00efc da Fira de Barcelona &#8211; um espa\u00e7o ic\u00f4nico em estilo art d\u00e9co constru\u00eddo para a Exposi\u00e7\u00e3o Internacional de 1929. Sua grandiosidade arquitet\u00f4nica refletir\u00e1 a linguagem visual caracter\u00edstica do Sr. Rolland, na qual volume, geometria e silhuetas dram\u00e1ticas revelam a alta-costura como uma forma de express\u00e3o cultural e art\u00edstica. A BBFW, que ocorrer\u00e1 de 22 a 26 de abril, \u00e9 amplamente reconhecida como o epicentro global da moda nupcial, de cerim\u00f4nia e de tapete vermelho, reunindo mais de 400 marcas e cerca de 40 designers internacionais. A edi\u00e7\u00e3o de 2026 ganha significado especial, pois Barcelona se tornar\u00e1 a Capital Mundial da Arquitetura.<\/p>\n<p>&#8220;Apresentar meu trabalho na BBFW \u00e9 uma grande honra&#8221;, afirma o Sr. Rolland. &#8220;Barcelona compartilha com a alta-costura a mesma devo\u00e7\u00e3o \u00e0 forma, ao volume e \u00e0 express\u00e3o art\u00edstica.&#8221; Sua participa\u00e7\u00e3o sucede a de grandes nomes como Vivienne Westwood, Giambattista Valli, Viktor &amp; Rolf e Elie Saab &#8211; refor\u00e7ando o compromisso da BBFW com a excel\u00eancia art\u00edstica e sua lideran\u00e7a cultural no cen\u00e1rio internacional.<\/p>\n<p>Fiel ao seu compromisso de incentivar novos talentos, o Sr. Rolland convidou 24 estudantes das principais escolas de moda de Barcelona &#8211; IED, ESDI e LCI &#8211; para abrir o desfile com suas pr\u00f3prias cria\u00e7\u00f5es, desenvolvidas em colabora\u00e7\u00e3o com a Maison St\u00e9phane Rolland e confeccionadas com tecidos doados pela Gratac\u00f3s. Essa iniciativa reflete uma convic\u00e7\u00e3o compartilhada entre o Sr. Rolland e a BBFW: a de que a inova\u00e7\u00e3o na alta-costura come\u00e7a com o fortalecimento da nova gera\u00e7\u00e3o.<\/p>\n<p>Celebrado por \u00edcones como Lady Gaga, Celine Dion, Beyonc\u00e9, Jennifer Lopez e Nieves \u00c1lvarez &#8211; sua musa e presen\u00e7a frequente nas passarelas -, o Sr. Rolland \u00e9 aclamado por sua maestria na alta-costura escultural, precis\u00e3o arquitet\u00f4nica e eleg\u00e2ncia teatral. Sua chegada \u00e0 BBFW reafirma a miss\u00e3o do evento: apresentar a alta-costura como uma forma de arte viva que continua a moldar a cultura e a beleza em escala global.<\/p>\n<p>Foto &#8211; <a href=\"https:\/\/mma.prnewswire.com\/media\/2800752\/Stephane_Albasari.jpg\" target=\"_blank\" rel=\"nofollow\">https:\/\/mma.prnewswire.com\/media\/2800752\/Stephane_Albasari.jpg<\/a><br \/>Logotipo &#8211; <a href=\"https:\/\/mma.prnewswire.com\/media\/659718\/5572585\/Fira_Barcelona_Logo.jpg\" target=\"_blank\" rel=\"nofollow\">https:\/\/mma.prnewswire.com\/media\/659718\/5572585\/Fira_Barcelona_Logo.jpg<\/a><\/p>\n<\/p>\n<div id=\"prni_dvprnejpgeed8left\" dir=\"ltr\" style=\"width: 100%;text-align: left\"><img decoding=\"async\" id=\"prnejpgeed8left\" title=\"Logotipo da Fira Barcelona\" src=\"https:\/\/mma.prnewswire.com\/media\/659718\/5572585\/Fira_Barcelona_Logo.jpg\" alt=\"Logotipo da Fira Barcelona\" align=\"middle\" data-name=\"url$https%3A%2F%2Fmma.prnewswire.com%2Fmedia%2F659718%2F5572585%2FFira_Barcelona_Logo.jpg;width$400;height$174\" \/> <\/div>\n<\/p>\n<p id=\"PURL\">\n<img loading=\"lazy\" decoding=\"async\" title=\"Cision\" width=\"12\" height=\"12\" alt=\"Cision\" src=\"https:\/\/edge.prnewswire.com\/c\/img\/favicon.png?sn=PT02343&amp;sd=2025-10-21\" \/> View original content:<a id=\"PRNURL\" rel=\"nofollow\" href=\"https:\/\/www.prnewswire.com\/br\/comunicados-para-a-imprensa\/a-alta-costura-de-stephane-rolland-iluminara-o-decimo-aniversario-da-barcelona-bridal-night-302590740.html\" target=\"_blank\">https:\/\/www.prnewswire.com\/br\/comunicados-para-a-imprensa\/a-alta-costura-de-stephane-rolland-iluminara-o-decimo-aniversario-da-barcelona-bridal-night-302590740.html<\/a><\/p>\n<p>FONTE Fira de Barcelona<\/p>\n<\/p><\/div>\n<p>  <img decoding=\"async\" alt=\"\" src=\"https:\/\/rt.prnewswire.com\/rt.gif?NewsItemId=PT02343&amp;Transmission_Id=202510211841PR_NEWS_LATAM____PT02343&amp;DateId=20251021\" style=\"border:0px;width:1px;height:1px\" \/><\/p>\n<p><strong>T\u00f3picos Relacionados:<\/strong> Not\u00edcias de Feiras Comerciais, Moda, Varejo, Arte, Cultura e Design, Dom\u00e9stico\/Consumidor\/Cosm\u00e9ticos, Entretenimento<\/p>\n<p>A <b>OESP<\/b> n\u00e3o \u00e9(s\u00e3o) respons\u00e1vel(is) por erros, incorre\u00e7\u00f5es, atrasos ou quaisquer decis\u00f5es tomadas por seus clientes com base nos Conte\u00fados ora disponibilizados, bem como tais Conte\u00fados n\u00e3o representam a opini\u00e3o da <b>OESP<\/b> e s\u00e3o de inteira responsabilidade da <b>PR Newswire Ltda<\/b><\/p>\n","protected":false},"excerpt":{"rendered":"BARCELONA, Espanha, 22 de outubro de 2025 \/PRNewswire\/ &#8212; A alta-costura de St\u00e9phane Rolland ser\u00e1 o grande destaque do 10\u00ba anivers\u00e1rio da Barcelona Bridal Night, o principal evento de gala da","protected":false},"author":1,"featured_media":117836,"comment_status":"open","ping_status":"closed","sticky":false,"template":"","format":"standard","meta":{"_acf_changed":false,"inline_featured_image":false,"_monsterinsights_skip_tracking":false,"_monsterinsights_sitenote_active":false,"_monsterinsights_sitenote_note":"","_monsterinsights_sitenote_category":0,"footnotes":""},"categories":[27],"tags":[3500,3502,3501],"class_list":["post-117835","post","type-post","status-publish","format-standard","has-post-thumbnail","hentry","category-prnewswire","tag-a-alta-costura-de-stephane-rolland-sera-o-grande-destaque-do-10o-aniversario-da-barcelona-bridal-night","tag-ma","tag-o-principal-evento-de-gala-da-barcelona-bridal-fashion-week-bbfw-2026"],"acf":[],"_links":{"self":[{"href":"https:\/\/bluestudio.estadao.com.br\/agencia-de-comunicacao\/wp-json\/wp\/v2\/posts\/117835","targetHints":{"allow":["GET"]}}],"collection":[{"href":"https:\/\/bluestudio.estadao.com.br\/agencia-de-comunicacao\/wp-json\/wp\/v2\/posts"}],"about":[{"href":"https:\/\/bluestudio.estadao.com.br\/agencia-de-comunicacao\/wp-json\/wp\/v2\/types\/post"}],"author":[{"embeddable":true,"href":"https:\/\/bluestudio.estadao.com.br\/agencia-de-comunicacao\/wp-json\/wp\/v2\/users\/1"}],"replies":[{"embeddable":true,"href":"https:\/\/bluestudio.estadao.com.br\/agencia-de-comunicacao\/wp-json\/wp\/v2\/comments?post=117835"}],"version-history":[{"count":0,"href":"https:\/\/bluestudio.estadao.com.br\/agencia-de-comunicacao\/wp-json\/wp\/v2\/posts\/117835\/revisions"}],"wp:featuredmedia":[{"embeddable":true,"href":"https:\/\/bluestudio.estadao.com.br\/agencia-de-comunicacao\/wp-json\/wp\/v2\/media\/117836"}],"wp:attachment":[{"href":"https:\/\/bluestudio.estadao.com.br\/agencia-de-comunicacao\/wp-json\/wp\/v2\/media?parent=117835"}],"wp:term":[{"taxonomy":"category","embeddable":true,"href":"https:\/\/bluestudio.estadao.com.br\/agencia-de-comunicacao\/wp-json\/wp\/v2\/categories?post=117835"},{"taxonomy":"post_tag","embeddable":true,"href":"https:\/\/bluestudio.estadao.com.br\/agencia-de-comunicacao\/wp-json\/wp\/v2\/tags?post=117835"}],"curies":[{"name":"wp","href":"https:\/\/api.w.org\/{rel}","templated":true}]}}