{"id":117693,"date":"2025-10-17T15:12:00","date_gmt":"2025-10-17T18:12:00","guid":{"rendered":"https:\/\/bluestudio.estadao.com.br\/agencia-de-comunicacao\/prnewswire\/o-gac-estreia-na-138a-canton-fair-apresentando-tecnologia-e-cultura-como-o-motor-duplo-que-impulsiona-a-expansao-global\/"},"modified":"2025-10-17T15:12:00","modified_gmt":"2025-10-17T18:12:00","slug":"o-gac-estreia-na-138a-canton-fair-apresentando-tecnologia-e-cultura-como-o-motor-duplo-que-impulsiona-a-expansao-global","status":"publish","type":"post","link":"https:\/\/bluestudio.estadao.com.br\/agencia-de-comunicacao\/prnewswire\/o-gac-estreia-na-138a-canton-fair-apresentando-tecnologia-e-cultura-como-o-motor-duplo-que-impulsiona-a-expansao-global\/","title":{"rendered":"O GAC estreia na 138\u00aa Canton Fair, apresentando tecnologia e cultura como o motor duplo que impulsiona a expans\u00e3o global"},"content":{"rendered":"\n<div class=\"xn-content\">\n<p><span class=\"legendSpanClass\">GUANGZHOU, China<\/span>, <span class=\"legendSpanClass\">17 de outubro de 2025<\/span> \/PRNewswire\/ &#8212; Em 15 de outubro, a 138\u00aa Canton Fair foi inaugurada em uma grande cerim\u00f4nia em Guangzhou. Com o tema &#8220;Onde o artesanato encontra a tecnologia&#8221;, a GAC fez uma forte apari\u00e7\u00e3o na Autumn Canton Fair com tr\u00eas modelos estrat\u00e9gicos &#8211; AION UT, S7 e HPYTEC HL &#8211; juntamente com suas conquistas no ecossistema de energia. Este ano, o GAC integrou profundamente o patrim\u00f4nio cultural de Lingnan e os elementos dos Jogos Nacionais, oferecendo uma vitrine multidimensional da &#8220;globaliza\u00e7\u00e3o da tecnologia, globaliza\u00e7\u00e3o do ecossistema e globaliza\u00e7\u00e3o da cultura&#8221;. A exposi\u00e7\u00e3o destacou a formid\u00e1vel for\u00e7a tecnol\u00f3gica da GAC e demonstrou as pr\u00e1ticas inovadoras e a competitividade sistem\u00e1tica das marcas automotivas chinesas no mercado global.<\/p>\n<p>Na \u00e1rea de exposi\u00e7\u00e3o do GAC, a mobilidade inteligente ocupou o centro do palco por meio de vitrines dedicadas a ve\u00edculos, uma zona de tecnologia imersiva em RV e uma exibi\u00e7\u00e3o de planejamento para solu\u00e7\u00f5es globais de armazenamento de energia. Essas ofertas proporcionaram aos compradores globais uma experi\u00eancia de mobilidade envolvente e voltada para a tecnologia.<\/p>\n<p>Como parceira oficial dos 15\u00ba Jogos Nacionais e 12\u00ba Jogos Nacionais para Pessoas com Defici\u00eancia e 9\u00ba Jogos Ol\u00edmpicos Especiais Nacionais, e a \u00fanica marca automotiva participante do &#8220;138th Canton Fair Music &amp; Cuisine Festival&#8221;, a GAC criou um espa\u00e7o de estilo de vida imersivo que combina mobilidade inteligente, culin\u00e1ria cantonesa e experi\u00eancias interativas. Ao apresentar ve\u00edculos como o M8, o AION UT e o AION V em cen\u00e1rios de espa\u00e7o din\u00e2mico e m\u00f3vel, a GAC capacitou a experi\u00eancia gourmet e transformou esses modelos em &#8220;salas de recep\u00e7\u00e3o m\u00f3veis&#8221;, apresentando vividamente novas possibilidades de vida entre humanos e ve\u00edculos para visitantes globais.<\/p>\n<p>Com base em anos de expans\u00e3o dedicada ao longo de seu caminho de internacionaliza\u00e7\u00e3o, o GAC estabeleceu progressivamente uma rede mundial que abrange 85 pa\u00edses e regi\u00f5es. Essa rede engloba mais de 570 pontos de vendas e servi\u00e7os, cinco f\u00e1bricas no exterior e sete armaz\u00e9ns de tr\u00e2nsito, formando um modelo de neg\u00f3cios maduro que integra exporta\u00e7\u00f5es de ve\u00edculos com opera\u00e7\u00f5es localizadas. De janeiro a setembro de 2025, a GAC exportou 92.000 ve\u00edculos, com marcas pr\u00f3prias respondendo por mais de 92% dos embarques &#8212; um crescimento anual de 16,5%. Olhando para o futuro, o GAC continuar\u00e1 a se concentrar nas necessidades globais dos clientes, otimizando seu portf\u00f3lio de produtos e experi\u00eancia de servi\u00e7o e oferecendo modelos mais competitivos, juntamente com sistemas de servi\u00e7o sintonizados com o mercado. Essa abordagem criar\u00e1 um ciclo fechado de ciclo completo, desde a entrega do produto at\u00e9 a satisfa\u00e7\u00e3o do cliente, aumentando ainda mais a for\u00e7a do produto da GAC nos mercados globais.<\/p>\n<div id=\"prni_dvprnejpg8fd6left\" dir=\"ltr\" style=\"width: 100%;text-align: left\"><img decoding=\"async\" id=\"prnejpg8fd6left\" title=\"\" src=\"https:\/\/mma.prnewswire.com\/media\/2798863\/GAC_Debuts_at_the_138th_Canton_Fair.jpg\" alt=\"\" align=\"middle\" \/> <\/div>\n<p>Foto &#8211; <a href=\"https:\/\/mma.prnewswire.com\/media\/2798863\/GAC_Debuts_at_the_138th_Canton_Fair.jpg\" target=\"_blank\" rel=\"nofollow\"> https:\/\/mma.prnewswire.com\/media\/2798863\/GAC_Debuts_at_the_138th_Canton_Fair.jpg<\/a><\/p>\n<p id=\"PURL\">\n<img loading=\"lazy\" decoding=\"async\" title=\"Cision\" width=\"12\" height=\"12\" alt=\"Cision\" src=\"https:\/\/edge.prnewswire.com\/c\/img\/favicon.png?sn=PT00585&amp;sd=2025-10-17\" \/> View original content:<a id=\"PRNURL\" rel=\"nofollow\" href=\"https:\/\/www.prnewswire.com\/br\/comunicados-para-a-imprensa\/o-gac-estreia-na-138-canton-fair-apresentando-tecnologia-e-cultura-como-o-motor-duplo-que-impulsiona-a-expansao-global-302587878.html\" target=\"_blank\">https:\/\/www.prnewswire.com\/br\/comunicados-para-a-imprensa\/o-gac-estreia-na-138-canton-fair-apresentando-tecnologia-e-cultura-como-o-motor-duplo-que-impulsiona-a-expansao-global-302587878.html<\/a><\/p>\n<p>FONTE GAC<\/p>\n<\/p><\/div>\n<p>  <img decoding=\"async\" alt=\"\" src=\"https:\/\/rt.prnewswire.com\/rt.gif?NewsItemId=PT00585&amp;Transmission_Id=202510171402PR_NEWS_LATAM____PT00585&amp;DateId=20251017\" style=\"border:0px;width:1px;height:1px\" \/><\/p>\n<p><strong>T\u00f3picos Relacionados:<\/strong> Novos Produtos\/Servi\u00e7os, Not\u00edcias de Feiras Comerciais, Transporte \/ Caminh\u00f5es \/ Ferrovias, Automotivo, Produtos e Servi\u00e7os Ambientais, Tecnologia Verde<\/p>\n<p>A <b>OESP<\/b> n\u00e3o \u00e9(s\u00e3o) respons\u00e1vel(is) por erros, incorre\u00e7\u00f5es, atrasos ou quaisquer decis\u00f5es tomadas por seus clientes com base nos Conte\u00fados ora disponibilizados, bem como tais Conte\u00fados n\u00e3o representam a opini\u00e3o da <b>OESP<\/b> e s\u00e3o de inteira responsabilidade da <b>PR Newswire Ltda<\/b><\/p>\n","protected":false},"excerpt":{"rendered":"GUANGZHOU, China, 17 de outubro de 2025 \/PRNewswire\/ &#8212; Em 15 de outubro, a 138\u00aa Canton Fair foi inaugurada em uma grande cerim\u00f4nia em Guangzhou. Com o tema &#8220;Onde o artesanato encontra a","protected":false},"author":1,"featured_media":117694,"comment_status":"open","ping_status":"closed","sticky":false,"template":"","format":"standard","meta":{"_acf_changed":false,"inline_featured_image":false,"_monsterinsights_skip_tracking":false,"_monsterinsights_sitenote_active":false,"_monsterinsights_sitenote_note":"","_monsterinsights_sitenote_category":0,"footnotes":""},"categories":[27],"tags":[3411,3412,3410],"class_list":["post-117693","post","type-post","status-publish","format-standard","has-post-thumbnail","hentry","category-prnewswire","tag-a-138a-canton-fair-foi-inaugurada-em-uma-grande-cerimonia-em-guangzhou-com-o-tema-onde-o-artesanato-encontra-a-tecnologia","tag-a-gac-fez-uma-forte-aparicao-na-aut","tag-em-15-de-outubro"],"acf":[],"_links":{"self":[{"href":"https:\/\/bluestudio.estadao.com.br\/agencia-de-comunicacao\/wp-json\/wp\/v2\/posts\/117693","targetHints":{"allow":["GET"]}}],"collection":[{"href":"https:\/\/bluestudio.estadao.com.br\/agencia-de-comunicacao\/wp-json\/wp\/v2\/posts"}],"about":[{"href":"https:\/\/bluestudio.estadao.com.br\/agencia-de-comunicacao\/wp-json\/wp\/v2\/types\/post"}],"author":[{"embeddable":true,"href":"https:\/\/bluestudio.estadao.com.br\/agencia-de-comunicacao\/wp-json\/wp\/v2\/users\/1"}],"replies":[{"embeddable":true,"href":"https:\/\/bluestudio.estadao.com.br\/agencia-de-comunicacao\/wp-json\/wp\/v2\/comments?post=117693"}],"version-history":[{"count":0,"href":"https:\/\/bluestudio.estadao.com.br\/agencia-de-comunicacao\/wp-json\/wp\/v2\/posts\/117693\/revisions"}],"wp:featuredmedia":[{"embeddable":true,"href":"https:\/\/bluestudio.estadao.com.br\/agencia-de-comunicacao\/wp-json\/wp\/v2\/media\/117694"}],"wp:attachment":[{"href":"https:\/\/bluestudio.estadao.com.br\/agencia-de-comunicacao\/wp-json\/wp\/v2\/media?parent=117693"}],"wp:term":[{"taxonomy":"category","embeddable":true,"href":"https:\/\/bluestudio.estadao.com.br\/agencia-de-comunicacao\/wp-json\/wp\/v2\/categories?post=117693"},{"taxonomy":"post_tag","embeddable":true,"href":"https:\/\/bluestudio.estadao.com.br\/agencia-de-comunicacao\/wp-json\/wp\/v2\/tags?post=117693"}],"curies":[{"name":"wp","href":"https:\/\/api.w.org\/{rel}","templated":true}]}}