{"id":117668,"date":"2025-10-17T10:27:00","date_gmt":"2025-10-17T13:27:00","guid":{"rendered":"https:\/\/bluestudio.estadao.com.br\/agencia-de-comunicacao\/prnewswire\/a-sany-recebe-duas-homenagens-globais-pela-excelencia-como-empregadora-e-pela-forca-da-marca\/"},"modified":"2025-10-17T10:27:00","modified_gmt":"2025-10-17T13:27:00","slug":"a-sany-recebe-duas-homenagens-globais-pela-excelencia-como-empregadora-e-pela-forca-da-marca","status":"publish","type":"post","link":"https:\/\/bluestudio.estadao.com.br\/agencia-de-comunicacao\/prnewswire\/a-sany-recebe-duas-homenagens-globais-pela-excelencia-como-empregadora-e-pela-forca-da-marca\/","title":{"rendered":"A SANY recebe duas homenagens globais pela excel\u00eancia como empregadora e pela for\u00e7a da marca"},"content":{"rendered":"\n<div class=\"xn-content\">\n<p><span class=\"legendSpanClass\">PEQUIM<\/span>, <span class=\"legendSpanClass\">17 de outubro de 2025<\/span> \/PRNewswire\/ &#8212; Com seu foco cont\u00ednuo no cuidado com os funcion\u00e1rios, forma\u00e7\u00e3o de talentos, desenvolvimento da marca e globaliza\u00e7\u00e3o, o SANY Group mais uma vez garantiu vagas nas listas da <i>Forbes<\/i> e <i>World Brand Lab<\/i>, sendo reconhecido como o <i>Melhor Empregador do Mundo<\/i> de 2025 e a <i>Marca Mais Influente da \u00c1sia<\/i> de 2025, respectivamente. Esses pr\u00eamios destacam a s\u00f3lida competitividade global da SANY e a crescente influ\u00eancia da marca.<\/p>\n<div class=\"PRN_ImbeddedAssetReference\" id=\"DivAssetPlaceHolder1\">\n  <a href=\"https:\/\/mma.prnewswire.com\/media\/2798133\/On_Forbes_World_s_Best_Employers__Highlighting__Employee_First.html\" target=\"_blank\" rel=\"nofollow\"> <img decoding=\"async\" src=\"https:\/\/mma.prnewswire.com\/media\/2798133\/On_Forbes_World_s_Best_Employers__Highlighting__Employee_First.jpg\" title=\"A SANY figura entre os Melhores Empregadores do Mundo de 2025 da Forbes, liderando o setor de m\u00e1quinas de constru\u00e7\u00e3o da China (PRNewsfoto\/SANY Group)\" alt=\"A SANY figura entre os Melhores Empregadores do Mundo de 2025 da Forbes, liderando o setor de m\u00e1quinas de constru\u00e7\u00e3o da China (PRNewsfoto\/SANY Group)\" \/>  <\/a>\n<\/p>\n<\/p><\/div>\n<p><b>Na lista dos melhores empregadores do mundo da Forbes, com destaque para &#8220;O funcion\u00e1rio em primeiro lugar&#8221;<\/b>\n <\/p>\n<p>Em 9 de outubro, a Forbes divulgou oficialmente a lista dos Melhores Empregadores do Mundo de 2025. O SANY Group entrou na lista gra\u00e7as \u00e0s suas pr\u00e1ticas excepcionais em mat\u00e9ria de cuidados com os funcion\u00e1rios, constru\u00e7\u00e3o organizacional e desenvolvimento de carreira, ocupando a 21<sup>a<\/sup> posi\u00e7\u00e3o entre as empresas da China continental e a 480<sup>a<\/sup> posi\u00e7\u00e3o a n\u00edvel mundial, mantendo a posi\u00e7\u00e3o de lideran\u00e7a no setor de m\u00e1quinas de constru\u00e7\u00e3o da China.<\/p>\n<p>A SANY tem se comprometido em valorizar os &#8220;Funcion\u00e1rios em Primeiro Lugar&#8221;, melhorando continuamente o sistema de cuidados e desenvolvimento dos funcion\u00e1rios, construindo uma cultura organizacional s\u00f3lida, diversificada e inclusiva.<\/p>\n<p>Dentro da sua estrat\u00e9gia global, a SANY cultiva fortemente o talento local e cria empregos. Em 2024, a SANY lan\u00e7ou o programa &#8220;Overseas Lighthouse Factory Academy&#8221; (Academia de F\u00e1bricas Farol no Exterior), oferecendo treinamento sistematizado e aprendizagem pr\u00e1tica para ajudar os jovens locais a adquirir habilidades avan\u00e7adas, aumentando sua atratividade no mercado de trabalho. Atualmente, 89% dos funcion\u00e1rios da SANY no exterior s\u00e3o contratados localmente, gerando um grande n\u00famero de empregos de alta qualidade e contribuindo permanentemente para o desenvolvimento econ\u00f4mico e social sustent\u00e1vel das comunidades locais.<\/p>\n<p><b>Entre as 500 maiores empresas da \u00c1sia, liderando o setor de maquin\u00e1rio da China<\/b>\n <\/p>\n<p>Em 24 de setembro, o World Brand Lab divulgou seu relat\u00f3rio <i>As 500 marcas mais influentes da \u00c1sia<\/i> em 2025. O SANY Group ficou em 54\u00ba lugar entre as empresas chinesas e em 108\u00ba lugar na \u00c1sia, conquistando mais uma vez a 1\u00aa posi\u00e7\u00e3o no setor de m\u00e1quinas de constru\u00e7\u00e3o da China.<\/p>\n<p>Como l\u00edder global na fabrica\u00e7\u00e3o de equipamentos, a SANY opera em mais de 180 pa\u00edses e regi\u00f5es, com mais de 900 pontos de atendimento fora da China. Ela se estabeleceu como a principal marca local em mais de 30 pa\u00edses, aumentando consistentemente a influ\u00eancia global de sua marca.<\/p>\n<p>Nos \u00faltimos anos, a SANY vem promovendo sua estrat\u00e9gia de &#8220;Globaliza\u00e7\u00e3o, Digitaliza\u00e7\u00e3o e Descarboniza\u00e7\u00e3o&#8221;, incentivando a inova\u00e7\u00e3o e o desenvolvimento da marca para aumentar sua competitividade internacional. A presen\u00e7a nas listas <i>500 Marcas Mais Influentes da \u00c1sia<\/i> e <i>Melhores Empregadores Globais da Forbes<\/i> destaca o crescente reconhecimento internacional da SANY tanto pela influ\u00eancia da marca quanto pelo seu valor como empregadora. No futuro, a SANY continuar\u00e1 a defender sua filosofia de &#8220;Funcion\u00e1rios em primeiro lugar&#8221;, promover a vitalidade organizacional e incentivar a inova\u00e7\u00e3o para contribuir ainda mais para o desenvolvimento de alta qualidade dos setores globais.<\/p>\n<p>Foto &#8211; <a href=\"https:\/\/mma.prnewswire.com\/media\/2798133\/On_Forbes_World_s_Best_Employers__Highlighting__Employee_First.jpg\" target=\"_blank\" rel=\"nofollow\">https:\/\/mma.prnewswire.com\/media\/2798133\/On_Forbes_World_s_Best_Employers__Highlighting__Employee_First.jpg<\/a><br \/>Logo &#8211; <a href=\"https:\/\/mma.prnewswire.com\/media\/2770994\/5566613\/SANY_LOGO_Logo.jpg\" target=\"_blank\" rel=\"nofollow\">https:\/\/mma.prnewswire.com\/media\/2770994\/5566613\/SANY_LOGO_Logo.jpg<\/a><\/p>\n<div class=\"PRN_ImbeddedAssetReference\" id=\"DivAssetPlaceHolder2\">\n  <a href=\"https:\/\/mma.prnewswire.com\/media\/2770994\/SANY_LOGO_Logo.html\" target=\"_blank\" rel=\"nofollow\"> <img decoding=\"async\" src=\"https:\/\/mma.prnewswire.com\/media\/2770994\/SANY_LOGO_Logo.jpg\" title=\"(PRNewsfoto\/SANY Group)\" alt=\"(PRNewsfoto\/SANY Group)\" \/>  <\/a>\n<\/p>\n<\/p><\/div>\n<p id=\"PURL\">\n<img loading=\"lazy\" decoding=\"async\" title=\"Cision\" width=\"12\" height=\"12\" alt=\"Cision\" src=\"https:\/\/edge.prnewswire.com\/c\/img\/favicon.png?sn=PT99722&amp;sd=2025-10-17\" \/> View original content to download multimedia:<a id=\"PRNURL\" rel=\"nofollow\" href=\"https:\/\/www.prnewswire.com\/br\/comunicados-para-a-imprensa\/a-sany-recebe-duas-homenagens-globais-pela-excelencia-como-empregadora-e-pela-forca-da-marca-302587612.html\" target=\"_blank\">https:\/\/www.prnewswire.com\/br\/comunicados-para-a-imprensa\/a-sany-recebe-duas-homenagens-globais-pela-excelencia-como-empregadora-e-pela-forca-da-marca-302587612.html<\/a><\/p>\n<p>FONTE SANY Group<\/p>\n<\/p><\/div>\n<p>  <img decoding=\"async\" alt=\"\" src=\"https:\/\/rt.prnewswire.com\/rt.gif?NewsItemId=PT99722&amp;Transmission_Id=202510170918PR_NEWS_LATAM____PT99722&amp;DateId=20251017\" style=\"border:0px;width:1px;height:1px\" \/><\/p>\n<p><strong>T\u00f3picos Relacionados:<\/strong> Fabrica\u00e7\u00e3o Geral, Pr\u00eamios, Constru\u00e7\u00e3o\/Edifica\u00e7\u00e3o, Gest\u00e3o de For\u00e7a de Trabalho\/RH, Ferramentas de M\u00e1quina, Metalurgia e Metal\u00fargica<\/p>\n<p>A <b>OESP<\/b> n\u00e3o \u00e9(s\u00e3o) respons\u00e1vel(is) por erros, incorre\u00e7\u00f5es, atrasos ou quaisquer decis\u00f5es tomadas por seus clientes com base nos Conte\u00fados ora disponibilizados, bem como tais Conte\u00fados n\u00e3o representam a opini\u00e3o da <b>OESP<\/b> e s\u00e3o de inteira responsabilidade da <b>PR Newswire Ltda<\/b><\/p>\n","protected":false},"excerpt":{"rendered":"PEQUIM, 17 de outubro de 2025 \/PRNewswire\/ &#8212; Com seu foco cont\u00ednuo no cuidado com os funcion\u00e1rios, forma\u00e7\u00e3o de talentos, desenvolvimento da marca e globaliza\u00e7\u00e3o, o SANY Group mais uma vez","protected":false},"author":1,"featured_media":117669,"comment_status":"open","ping_status":"closed","sticky":false,"template":"","format":"standard","meta":{"_acf_changed":false,"inline_featured_image":false,"_monsterinsights_skip_tracking":false,"_monsterinsights_sitenote_active":false,"_monsterinsights_sitenote_note":"","_monsterinsights_sitenote_category":0,"footnotes":""},"categories":[27],"tags":[3396,3398,3397,3399],"class_list":["post-117668","post","type-post","status-publish","format-standard","has-post-thumbnail","hentry","category-prnewswire","tag-com-seu-foco-continuo-no-cuidado-com-os-funcionarios","tag-desenvolvimento-da-marca-e-globalizacao","tag-formacao-de-talentos","tag-o-sany-group-mais-uma-vez-garantiu-vagas-nas-listas-da-forb"],"acf":[],"_links":{"self":[{"href":"https:\/\/bluestudio.estadao.com.br\/agencia-de-comunicacao\/wp-json\/wp\/v2\/posts\/117668","targetHints":{"allow":["GET"]}}],"collection":[{"href":"https:\/\/bluestudio.estadao.com.br\/agencia-de-comunicacao\/wp-json\/wp\/v2\/posts"}],"about":[{"href":"https:\/\/bluestudio.estadao.com.br\/agencia-de-comunicacao\/wp-json\/wp\/v2\/types\/post"}],"author":[{"embeddable":true,"href":"https:\/\/bluestudio.estadao.com.br\/agencia-de-comunicacao\/wp-json\/wp\/v2\/users\/1"}],"replies":[{"embeddable":true,"href":"https:\/\/bluestudio.estadao.com.br\/agencia-de-comunicacao\/wp-json\/wp\/v2\/comments?post=117668"}],"version-history":[{"count":0,"href":"https:\/\/bluestudio.estadao.com.br\/agencia-de-comunicacao\/wp-json\/wp\/v2\/posts\/117668\/revisions"}],"wp:featuredmedia":[{"embeddable":true,"href":"https:\/\/bluestudio.estadao.com.br\/agencia-de-comunicacao\/wp-json\/wp\/v2\/media\/117669"}],"wp:attachment":[{"href":"https:\/\/bluestudio.estadao.com.br\/agencia-de-comunicacao\/wp-json\/wp\/v2\/media?parent=117668"}],"wp:term":[{"taxonomy":"category","embeddable":true,"href":"https:\/\/bluestudio.estadao.com.br\/agencia-de-comunicacao\/wp-json\/wp\/v2\/categories?post=117668"},{"taxonomy":"post_tag","embeddable":true,"href":"https:\/\/bluestudio.estadao.com.br\/agencia-de-comunicacao\/wp-json\/wp\/v2\/tags?post=117668"}],"curies":[{"name":"wp","href":"https:\/\/api.w.org\/{rel}","templated":true}]}}