{"id":117602,"date":"2025-10-16T09:27:00","date_gmt":"2025-10-16T12:27:00","guid":{"rendered":"https:\/\/bluestudio.estadao.com.br\/agencia-de-comunicacao\/prnewswire\/a-microban-international-nomeia-shermon-mcmillan-como-novo-presidente\/"},"modified":"2025-10-16T09:27:00","modified_gmt":"2025-10-16T12:27:00","slug":"a-microban-international-nomeia-shermon-mcmillan-como-novo-presidente","status":"publish","type":"post","link":"https:\/\/bluestudio.estadao.com.br\/agencia-de-comunicacao\/prnewswire\/a-microban-international-nomeia-shermon-mcmillan-como-novo-presidente\/","title":{"rendered":"A Microban International nomeia Shermon McMillan como novo presidente"},"content":{"rendered":"\n<div class=\"xn-content\">\n<p><span class=\"legendSpanClass\">HUNTERSVILLE, Carolina do Norte<\/span>, <span class=\"legendSpanClass\">16 de outubro de 2025<\/span> \/PRNewswire\/ &#8212; A Microban International, l\u00edder global em solu\u00e7\u00f5es antimicrobianas e de controle de odores, anunciou hoje a nomea\u00e7\u00e3o de Shermon McMillan como seu novo presidente. Um executivo global experiente com um hist\u00f3rico comprovado de impulsionar o crescimento em empresas da Fortune 500, McMillan guiar\u00e1 a estrat\u00e9gia, as opera\u00e7\u00f5es e o pipeline de inova\u00e7\u00e3o da Microban em dire\u00e7\u00e3o ao crescimento sustent\u00e1vel.<\/p>\n<div class=\"PRN_ImbeddedAssetReference\" id=\"DivAssetPlaceHolder2262\">\n  <a href=\"https:\/\/mma.prnewswire.com\/media\/2796150\/Microban_International_New_President.html\" target=\"_blank\" rel=\"nofollow\"> <img decoding=\"async\" src=\"https:\/\/mma.prnewswire.com\/media\/2796150\/Microban_International_New_President.jpg\" title=\"Shermon McMillan supervisionar\u00e1 as opera\u00e7\u00f5es, a estrat\u00e9gia e o pipeline de inova\u00e7\u00e3o da Microban para impulsionar o crescimento sustent\u00e1vel.\" alt=\"Shermon McMillan supervisionar\u00e1 as opera\u00e7\u00f5es, a estrat\u00e9gia e o pipeline de inova\u00e7\u00e3o da Microban para impulsionar o crescimento sustent\u00e1vel.\" \/>  <\/a>\n<\/p>\n<\/p><\/div>\n<p>&#8220;Shermon McMillan \u00e9 um l\u00edder estrat\u00e9gico e experiente que entende os objetivos da Microban e como concretiz\u00e1-los&#8221;, disse Scott Beal, CEO da Barr Brands International, controladora da Microban. &#8220;Estamos confiantes de que ele nos ajudar\u00e1 a elevar a marca Microban e manter uma posi\u00e7\u00e3o de lideran\u00e7a no mercado global.&#8221;<\/p>\n<p>Como presidente, McMillan se concentrar\u00e1 na constru\u00e7\u00e3o da marca Microban e no crescimento da reputa\u00e7\u00e3o da empresa como o nome mais confi\u00e1vel em prote\u00e7\u00e3o de produtos. Sua lideran\u00e7a colocar\u00e1 os clientes no centro, priorizar\u00e1 a execu\u00e7\u00e3o de inova\u00e7\u00f5es relevantes e criar\u00e1 valor de marca. Ao combinar centralidade no cliente, inova\u00e7\u00e3o e constru\u00e7\u00e3o de marca, a McMillan garantir\u00e1 que a Microban continue a agregar valor aos parceiros do setor e aos usu\u00e1rios finais.<\/p>\n<p>&#8220;A Microban experimentou um crescimento not\u00e1vel ao longo de sua hist\u00f3ria de quatro d\u00e9cadas, e estou ansioso para ajudar a impulsionar nossa pr\u00f3xima fase de crescimento e inova\u00e7\u00e3o global&#8221;, disse Shermon. &#8220;Com a ajuda de nossa equipe talentosa, a Microban ser\u00e1 a l\u00edder mais reconhecida em prote\u00e7\u00e3o de produtos.&#8221;<\/p>\n<p>McMillan traz uma vasta experi\u00eancia nas categorias de sa\u00fade do consumidor e resid\u00eancias. Mais recentemente, ele atuou como vice-presidente e gerente geral da The Clorox Company, onde ele transformou com sucesso o neg\u00f3cio de vitaminas, minerais e suplementos, oferecendo lucratividade pela primeira vez e gerenciando seu desinvestimento bem-sucedido. Antes disso, McMillan ocupou cargos de lideran\u00e7a s\u00eanior na Sanofi Consumer Healthcare, incluindo vice-presidente global, supervisionando um portf\u00f3lio global multibilion\u00e1rio de alergias, resfriados e tosse em mais de 100 pa\u00edses.<\/p>\n<p><b> Sobre a Microban International<\/b>\n <\/p>\n<p>Parte da Barr Brands International, a Microban International abriga as marcas globais mais confi\u00e1veis e conhecidas nos mercados de antimicrobianos, controle de odores e higieniza\u00e7\u00e3o\/desinfec\u00e7\u00e3o: Microban <sup>(R)<\/sup> e Ultra-Fresh <sup>(R)<\/sup>. Nossa organiza\u00e7\u00e3o experimentou mais de 100 anos coletivos de crescimento e revolucionou o setor. Como l\u00edder global, nossos sistemas proativos mant\u00eam os produtos mais limpos e controlam melhor os odores, evitando problemas antes que eles comecem. A Microban International impulsiona a inova\u00e7\u00e3o combinando ci\u00eancia e solu\u00e7\u00f5es criativas que aprimoram produtos de consumo, t\u00eaxteis, industriais e m\u00e9dicos de alta qualidade em todo o mundo. Hoje, as marcas Microban e Ultra-Fresh e nossas tecnologias s\u00e3o apresentadas em milhares de produtos em todo o mundo. A empresa tem sede na Carolina do Norte e opera na Am\u00e9rica do Norte, Europa e \u00c1sia-Pac\u00edfico. Para obter mais informa\u00e7\u00f5es, acesse <u><a href=\"https:\/\/edge.prnewswire.com\/c\/link\/?t=0&amp;l=pt&amp;o=4532348-1&amp;h=4102503151&amp;u=https%3A%2F%2Fedge.prnewswire.com%2Fc%2Flink%2F%3Ft%3D0%26l%3Den%26o%3D4532348-1%26h%3D1490923%26u%3Dhttps%253A%252F%252Fwww.microban.com%26a%3Dwww.microban.com&amp;a=www.microban.com\" target=\"_blank\" rel=\"nofollow\">www.microban.com<\/a><\/u>.<\/p>\n<div class=\"PRN_ImbeddedAssetReference\" id=\"DivAssetPlaceHolder2890\">\n  <a href=\"https:\/\/mma.prnewswire.com\/media\/2457592\/Microban_WITH_TAG_COLOR_Logo.html\" target=\"_blank\" rel=\"nofollow\"> <img decoding=\"async\" src=\"https:\/\/mma.prnewswire.com\/media\/2457592\/Microban_WITH_TAG_COLOR_Logo.jpg\" title=\"Microban Logo (PRNewsfoto\/Microban International)\" alt=\"Microban Logo (PRNewsfoto\/Microban International)\" \/>  <\/a>\n<\/p>\n<\/p><\/div>\n<p>Foto &#8211; <a href=\"https:\/\/edge.prnewswire.com\/c\/link\/?t=0&amp;l=pt&amp;o=4532348-1&amp;h=1837905707&amp;u=https%3A%2F%2Fmma.prnewswire.com%2Fmedia%2F2796150%2FMicroban_International_New_President.jpg&amp;a=https%3A%2F%2Fmma.prnewswire.com%2Fmedia%2F2796150%2FMicroban_International_New_President.jpg\" target=\"_blank\" rel=\"nofollow\">https:\/\/mma.prnewswire.com\/media\/2796150\/Microban_International_New_President.jpg<\/a><\/p>\n<p>Logo &#8211; <a href=\"https:\/\/edge.prnewswire.com\/c\/link\/?t=0&amp;l=pt&amp;o=4532348-1&amp;h=4268539657&amp;u=https%3A%2F%2Fmma.prnewswire.com%2Fmedia%2F2457592%2F5562349%2FMicroban_WITH_TAG_COLOR_Logo.jpg&amp;a=https%3A%2F%2Fmma.prnewswire.com%2Fmedia%2F2457592%2F5562349%2FMicroban_WITH_TAG_COLOR_Logo.jpg\" target=\"_blank\" rel=\"nofollow\">https:\/\/mma.prnewswire.com\/media\/2457592\/5562349\/Microban_WITH_TAG_COLOR_Logo.jpg<\/a><\/p>\n<\/p>\n<div class=\"PRN_ImbeddedAssetReference\" id=\"DivAssetPlaceHolder0\"><\/div>\n<p id=\"PURL\">\n<img loading=\"lazy\" decoding=\"async\" title=\"Cision\" width=\"12\" height=\"12\" alt=\"Cision\" src=\"https:\/\/edge.prnewswire.com\/c\/img\/favicon.png?sn=PT97437&amp;sd=2025-10-16\" \/> View original content to download multimedia:<a id=\"PRNURL\" rel=\"nofollow\" href=\"https:\/\/www.prnewswire.com\/br\/comunicados-para-a-imprensa\/a-microban-international-nomeia-shermon-mcmillan-como-novo-presidente-302585518.html\" target=\"_blank\">https:\/\/www.prnewswire.com\/br\/comunicados-para-a-imprensa\/a-microban-international-nomeia-shermon-mcmillan-como-novo-presidente-302585518.html<\/a><\/p>\n<p>FONTE Microban International<\/p>\n<\/p><\/div>\n<p>  <img decoding=\"async\" alt=\"\" src=\"https:\/\/rt.prnewswire.com\/rt.gif?NewsItemId=PT97437&amp;Transmission_Id=202510160816PR_NEWS_LATAM____PT97437&amp;DateId=20251016\" style=\"border:0px;width:1px;height:1px\" \/><\/p>\n<p><strong>T\u00f3picos Relacionados:<\/strong> An\u00fancios de Pessoal, Varejo, Sa\u00fade\/Hospitais, Dom\u00e9stico\/Consumidor\/Cosm\u00e9ticos, Qu\u00edmica, Melhorias Dom\u00e9sticas<\/p>\n<p>A <b>OESP<\/b> n\u00e3o \u00e9(s\u00e3o) respons\u00e1vel(is) por erros, incorre\u00e7\u00f5es, atrasos ou quaisquer decis\u00f5es tomadas por seus clientes com base nos Conte\u00fados ora disponibilizados, bem como tais Conte\u00fados n\u00e3o representam a opini\u00e3o da <b>OESP<\/b> e s\u00e3o de inteira responsabilidade da <b>PR Newswire Ltda<\/b><\/p>\n","protected":false},"excerpt":{"rendered":"HUNTERSVILLE, Carolina do Norte, 16 de outubro de 2025 \/PRNewswire\/ &#8212; A Microban International, l\u00edder global em solu\u00e7\u00f5es antimicrobianas e de controle de odores, anunciou hoje a nomea\u00e7\u00e3o de","protected":false},"author":1,"featured_media":117603,"comment_status":"open","ping_status":"closed","sticky":false,"template":"","format":"standard","meta":{"_acf_changed":false,"inline_featured_image":false,"_monsterinsights_skip_tracking":false,"_monsterinsights_sitenote_active":false,"_monsterinsights_sitenote_note":"","_monsterinsights_sitenote_category":0,"footnotes":""},"categories":[27],"tags":[3339,3341,3340],"class_list":["post-117602","post","type-post","status-publish","format-standard","has-post-thumbnail","hentry","category-prnewswire","tag-a-microban-international","tag-anunciou-hoje-a-nomeacao-de-shermon-mcmillan-como-seu-novo-presidente-um-executivo-glo","tag-lider-global-em-solucoes-antimicrobianas-e-de-controle-de-odores"],"acf":[],"_links":{"self":[{"href":"https:\/\/bluestudio.estadao.com.br\/agencia-de-comunicacao\/wp-json\/wp\/v2\/posts\/117602","targetHints":{"allow":["GET"]}}],"collection":[{"href":"https:\/\/bluestudio.estadao.com.br\/agencia-de-comunicacao\/wp-json\/wp\/v2\/posts"}],"about":[{"href":"https:\/\/bluestudio.estadao.com.br\/agencia-de-comunicacao\/wp-json\/wp\/v2\/types\/post"}],"author":[{"embeddable":true,"href":"https:\/\/bluestudio.estadao.com.br\/agencia-de-comunicacao\/wp-json\/wp\/v2\/users\/1"}],"replies":[{"embeddable":true,"href":"https:\/\/bluestudio.estadao.com.br\/agencia-de-comunicacao\/wp-json\/wp\/v2\/comments?post=117602"}],"version-history":[{"count":0,"href":"https:\/\/bluestudio.estadao.com.br\/agencia-de-comunicacao\/wp-json\/wp\/v2\/posts\/117602\/revisions"}],"wp:featuredmedia":[{"embeddable":true,"href":"https:\/\/bluestudio.estadao.com.br\/agencia-de-comunicacao\/wp-json\/wp\/v2\/media\/117603"}],"wp:attachment":[{"href":"https:\/\/bluestudio.estadao.com.br\/agencia-de-comunicacao\/wp-json\/wp\/v2\/media?parent=117602"}],"wp:term":[{"taxonomy":"category","embeddable":true,"href":"https:\/\/bluestudio.estadao.com.br\/agencia-de-comunicacao\/wp-json\/wp\/v2\/categories?post=117602"},{"taxonomy":"post_tag","embeddable":true,"href":"https:\/\/bluestudio.estadao.com.br\/agencia-de-comunicacao\/wp-json\/wp\/v2\/tags?post=117602"}],"curies":[{"name":"wp","href":"https:\/\/api.w.org\/{rel}","templated":true}]}}