{"id":117560,"date":"2025-10-15T17:57:00","date_gmt":"2025-10-15T20:57:00","guid":{"rendered":"https:\/\/bluestudio.estadao.com.br\/agencia-de-comunicacao\/prnewswire\/lg-electronics-brasil-e-wecoffee-se-unem-para-celebrar-o-ritual-do-cafe-com-acao-especial-em-sao-paulo\/"},"modified":"2025-10-15T17:57:00","modified_gmt":"2025-10-15T20:57:00","slug":"lg-electronics-brasil-e-wecoffee-se-unem-para-celebrar-o-ritual-do-cafe-com-acao-especial-em-sao-paulo","status":"publish","type":"post","link":"https:\/\/bluestudio.estadao.com.br\/agencia-de-comunicacao\/prnewswire\/lg-electronics-brasil-e-wecoffee-se-unem-para-celebrar-o-ritual-do-cafe-com-acao-especial-em-sao-paulo\/","title":{"rendered":"LG Electronics Brasil e WeCoffee se unem para celebrar o ritual do caf\u00e9 com a\u00e7\u00e3o especial em S\u00e3o Paulo"},"content":{"rendered":"\n<div class=\"xn-content\">\n<p class=\"prntac\"><i>Iniciativa leva caf\u00e9s exclusivos e gratuitos a unidades da WeCoffee no dia 16 de outubro, refor\u00e7ando o compromisso da LG com experi\u00eancias humanas<\/i>\n <\/p>\n<p><span class=\"legendSpanClass\">S\u00c3O PAULO<\/span>, <span class=\"legendSpanClass\">15 de outubro de 2025<\/span> \/PRNewswire\/ &#8212; A LG Electronics Brasil e a WeCoffee, uma das cafeterias mais queridas de S\u00e3o Paulo, anunciam collab especial para proporcionar um momento de pausa, conex\u00e3o e sabor aos consumidores. No dia 16 de outubro, seis unidades da WeCoffee &#8211; localizadas na Liberdade, Paulista, Tatuap\u00e9, Eldorado, Morumbi e Ibirapuera &#8211; ir\u00e3o oferecer gratuitamente o exclusivo caf\u00e9 Life&#8217;s Good, criado especialmente para a ocasi\u00e3o.<\/p>\n<div class=\"PRN_ImbeddedAssetReference\" id=\"DivAssetPlaceHolder1\">\n  <a href=\"https:\/\/mma.prnewswire.com\/media\/2797589\/LG_Electronics_Brasil_e_WeCoffee.html\" target=\"_blank\" rel=\"nofollow\"> <img decoding=\"async\" src=\"https:\/\/mma.prnewswire.com\/media\/2797589\/LG_Electronics_Brasil_e_WeCoffee.jpg\" title=\"LG Electronics Brasil e WeCoffee se unem para celebrar o ritual do caf\u00e9 com a\u00e7\u00e3o especial em S\u00e3o Paulo\" alt=\"LG Electronics Brasil e WeCoffee se unem para celebrar o ritual do caf\u00e9 com a\u00e7\u00e3o especial em S\u00e3o Paulo\" \/>  <\/a>\n<\/p>\n<\/p><\/div>\n<p>A a\u00e7\u00e3o tem como objetivo destacar a import\u00e2ncia da tradicional &#8220;pausa para o caf\u00e9&#8221;, um h\u00e1bito cultural profundamente enraizado na rotina dos brasileiros. Com a iniciativa, a LG refor\u00e7a seu compromisso em estar presente nos momentos mais aut\u00eanticos da vida, promovendo conex\u00f5es humanas e experi\u00eancias significativas.<\/p>\n<p>&#8220;Queremos nos conectar com os consumidores de forma mais pr\u00f3xima e verdadeira, principalmente com as novas gera\u00e7\u00f5es. E nada melhor do que fazer isso por meio de um ritual di\u00e1rio t\u00e3o valorizado como o caf\u00e9&#8221;, afirma Anna Karina Pinto, diretora de Marketing da LG Electronics Brasil. &#8220;Acreditamos que a vida \u00e9 melhor com LG e, claro, isso inclui a pausa para o caf\u00e9.&#8221;<\/p>\n<p>O caf\u00e9 Life&#8217;s Good ser\u00e1 servido em edi\u00e7\u00e3o limitada e gratuita durante todo o dia 16 de outubro, enquanto durarem os estoques, exclusivamente nas unidades participantes da WeCoffee. A iniciativa refor\u00e7a o posicionamento da LG como uma marca que valoriza o bem-estar, o tempo de qualidade e os pequenos grandes momentos do dia a dia.<\/p>\n<p><b>Servi\u00e7o<\/b>\n <\/p>\n<p>Data: 16 de outubro de 2025<\/p>\n<p>Unidades participantes:<\/p>\n<ul type=\"disc\">\n<li>WeCoffee Liberdade<\/li>\n<li>WeCoffee Paulista<\/li>\n<li>WeCoffee Tatuap\u00e9<\/li>\n<li>WeCoffee Shopping Eldorado<\/li>\n<li>WeCoffee Shopping Morumbi<\/li>\n<li>WeCoffee Shopping Ibirapuera<\/li>\n<\/ul>\n<p>Para mais informa\u00e7\u00f5es sobre a a\u00e7\u00e3o e os produtos LG, acesse: <a href=\"https:\/\/www.lg.com\/br\" target=\"_blank\" rel=\"nofollow\">www.lg.com\/br<\/a><\/p>\n<p><b>SOBRE A LG ELECTRONICS, INC.<br \/><\/b>A LG Electronics \u00e9 uma l\u00edder global em tecnologia e eletr\u00f4nicos de consumo, com presen\u00e7a em quase todos os pa\u00edses e uma for\u00e7a de trabalho internacional superior a 75 mil pessoas. A companhia reorganizou suas opera\u00e7\u00f5es em quatro <i>divis\u00f5es de neg\u00f3cios:<\/i> Home Appliance Solution (HS), Media Entertainment Solution (MS), Vehicle Solution (VS) e Eco Solution (ES), redefinindo seus pap\u00e9is e identidades para acelerar sua vis\u00e3o de futuro at\u00e9 2030. Em 2024, as quatro <i>divis\u00f5es<\/i> combinadas geraram uma receita global de mais de 87,74 trilh\u00f5es de KRW (US$ 64,32 bilh\u00f5es). A LG \u00e9 reconhecida mundialmente por suas solu\u00e7\u00f5es inovadoras em TVs, eletrodom\u00e9sticos, ar-condicionado, monitores, componentes automotivos e solu\u00e7\u00f5es sustent\u00e1veis. Suas marcas premium LG SIGNATURE e a plataforma inteligente LG ThinQ refor\u00e7am o compromisso da empresa com inova\u00e7\u00e3o e qualidade. Para mais informa\u00e7\u00f5es, acesse: <a href=\"https:\/\/www.lgnewsroom.com\/\" target=\"_blank\" rel=\"nofollow\">www.LGnewsroom.com<\/a>.<\/p>\n<p><b>SOBRE A LG ELECTRONICS NO BRASIL<br \/><\/b>Presente no Brasil desde 1996, a LG Electronics oferece um amplo portf\u00f3lio com mais de 350 produtos, incluindo TVs, <i>caixas de som, pain\u00e9is, monitores, som automotivo, equipamentos de inform\u00e1tica, ar-condicionado (residencial e comercial),<\/i> produtos de linha branca e solu\u00e7\u00f5es corporativas. Alinhada \u00e0 nova estrutura global, a opera\u00e7\u00e3o brasileira integra iniciativas das quatro <i>divis\u00f5es da<\/i> LG: HS, MS, VS e ES. <i>Nossa<\/i> f\u00e1brica em Manaus produz a maior parte dos itens comercializados no Pa\u00eds, consolidando a subsidi\u00e1ria brasileira como uma das cinco maiores opera\u00e7\u00f5es da LG fora da Coreia. Com cerca de tr\u00eas mil colaboradores, a empresa conta com assist\u00eancia<i> t\u00e9cnica e call center pr\u00f3prios, Business Solution Center em S\u00e3o Paulo e duas lojas conceito (Salvador e S\u00e3o Paulo) al\u00e9m de uma f\u00e1brica de Linha Branca em Constru\u00e7\u00e3o na regi\u00e3o metropolitana de Curitiba, Paran\u00e1.<\/i><\/p>\n<p><b>LIFE&#8217;S GOOD<br \/><\/b>A LG Electronics tem como prop\u00f3sito central o bem-estar do consumidor, oferecendo produtos que trazem solu\u00e7\u00f5es pr\u00e1ticas e impacto real no conforto do dia a dia das pessoas ao redor do mundo. Esse \u00e9 o verdadeiro significado de &#8216;Life&#8217;s Good&#8217;. Para levar essa filosofia al\u00e9m da experi\u00eancia com seus produtos, a empresa lan\u00e7ou iniciativas como o &#8216;<a href=\"https:\/\/radiooptimism.lg.com\/pt\" target=\"_blank\" rel=\"nofollow\">Radio Optimism<\/a>&#8216; &#8212; uma plataforma gratuita que transforma mensagens de carinho em m\u00fasicas personalizadas, com a miss\u00e3o de levar otimismo e aproximar as pessoas. Essa e outras a\u00e7\u00f5es da campanha &#8216;Life&#8217;s Good&#8217; buscam fortalecer conex\u00f5es mais profundas entre as pessoas, mostrando na pr\u00e1tica como a inova\u00e7\u00e3o da LG atua para tornar a vida genuinamente melhor.<\/p>\n<p><b>ACOMPANHE TODAS AS INFORMA\u00c7\u00d5ES NOS CANAIS LG<br \/><\/b>Site: <a href=\"http:\/\/www.lg.com\/br\" target=\"_blank\" rel=\"nofollow\">http:\/\/www.lg.com\/br<\/a><br \/>Instagram: <a href=\"https:\/\/www.instagram.com\/lgbrasil\/\" target=\"_blank\" rel=\"nofollow\">https:\/\/www.instagram.com\/lgbrasil\/<\/a><br \/>Twitter: <a href=\"http:\/\/twitter.com\/lgdobrasil\" target=\"_blank\" rel=\"nofollow\">http:\/\/twitter.com\/lgdobrasil<\/a><br \/>YouTube: <a href=\"http:\/\/www.youtube.com\/lgdobrasil\" target=\"_blank\" rel=\"nofollow\">http:\/\/www.youtube.com\/lgdobrasil<\/a><br \/>Facebook: <a href=\"http:\/\/www.facebook.com\/lgdobrasil\" target=\"_blank\" rel=\"nofollow\">http:\/\/www.facebook.com\/lgdobrasil<\/a><br \/>Linkedin: <a href=\"http:\/\/www.linkedin.com\/company\/lg-electronics-brasil\" target=\"_blank\" rel=\"nofollow\">www.linkedin.com\/company\/lg-electronics-brasil<\/a><\/p>\n<p>Foto &#8211; <a href=\"https:\/\/mma.prnewswire.com\/media\/2797589\/LG_Electronics_Brasil_e_WeCoffee.jpg\" target=\"_blank\" rel=\"nofollow\">https:\/\/mma.prnewswire.com\/media\/2797589\/LG_Electronics_Brasil_e_WeCoffee.jpg<\/a><\/p>\n<p id=\"PURL\">\n<img loading=\"lazy\" decoding=\"async\" title=\"Cision\" width=\"12\" height=\"12\" alt=\"Cision\" src=\"https:\/\/edge.prnewswire.com\/c\/img\/favicon.png?sn=PT99197&amp;sd=2025-10-15\" \/> View original content to download multimedia:<a id=\"PRNURL\" rel=\"nofollow\" href=\"https:\/\/www.prnewswire.com\/br\/comunicados-para-a-imprensa\/lg-electronics-brasil-e-wecoffee-se-unem-para-celebrar-o-ritual-do-cafe-com-acao-especial-em-sao-paulo-302585472.html\" target=\"_blank\">https:\/\/www.prnewswire.com\/br\/comunicados-para-a-imprensa\/lg-electronics-brasil-e-wecoffee-se-unem-para-celebrar-o-ritual-do-cafe-com-acao-especial-em-sao-paulo-302585472.html<\/a><\/p>\n<p>FONTE LG Electronics<\/p>\n<\/p><\/div>\n<p>  <img decoding=\"async\" alt=\"\" src=\"https:\/\/rt.prnewswire.com\/rt.gif?NewsItemId=PT99197&amp;Transmission_Id=202510151654PR_NEWS_LATAM____PT99197&amp;DateId=20251015\" style=\"border:0px;width:1px;height:1px\" \/><\/p>\n<p><strong>T\u00f3picos Relacionados:<\/strong> Bebidas, Joint Ventures, Eletr\u00f4nicos de Consumo, Bebidas N\u00e3o Alco\u00f3licas, Computador\/Eletr\u00f4nica<\/p>\n<p>A <b>OESP<\/b> n\u00e3o \u00e9(s\u00e3o) respons\u00e1vel(is) por erros, incorre\u00e7\u00f5es, atrasos ou quaisquer decis\u00f5es tomadas por seus clientes com base nos Conte\u00fados ora disponibilizados, bem como tais Conte\u00fados n\u00e3o representam a opini\u00e3o da <b>OESP<\/b> e s\u00e3o de inteira responsabilidade da <b>PR Newswire Ltda<\/b><\/p>\n","protected":false},"excerpt":{"rendered":"Iniciativa leva caf\u00e9s exclusivos e gratuitos a unidades da WeCoffee no dia 16 de outubro, refor\u00e7ando o compromisso da LG com experi\u00eancias humanas S\u00c3O PAULO, 15 de outubro de 2025 \/PRNewswire\/","protected":false},"author":1,"featured_media":117561,"comment_status":"open","ping_status":"closed","sticky":false,"template":"","format":"standard","meta":{"_acf_changed":false,"inline_featured_image":false,"_monsterinsights_skip_tracking":false,"_monsterinsights_sitenote_active":false,"_monsterinsights_sitenote_note":"","_monsterinsights_sitenote_category":0,"footnotes":""},"categories":[27],"tags":[3310,3312,3313,3311],"class_list":["post-117560","post","type-post","status-publish","format-standard","has-post-thumbnail","hentry","category-prnewswire","tag-a-lg-electronics-brasil-e-a-wecoffee","tag-anunciam-collab-especial-para-proporcionar-um-momento-de-pausa","tag-conexao-e-sabor-aos-consumidor","tag-uma-das-cafeterias-mais-queridas-de-sao-paulo"],"acf":[],"_links":{"self":[{"href":"https:\/\/bluestudio.estadao.com.br\/agencia-de-comunicacao\/wp-json\/wp\/v2\/posts\/117560","targetHints":{"allow":["GET"]}}],"collection":[{"href":"https:\/\/bluestudio.estadao.com.br\/agencia-de-comunicacao\/wp-json\/wp\/v2\/posts"}],"about":[{"href":"https:\/\/bluestudio.estadao.com.br\/agencia-de-comunicacao\/wp-json\/wp\/v2\/types\/post"}],"author":[{"embeddable":true,"href":"https:\/\/bluestudio.estadao.com.br\/agencia-de-comunicacao\/wp-json\/wp\/v2\/users\/1"}],"replies":[{"embeddable":true,"href":"https:\/\/bluestudio.estadao.com.br\/agencia-de-comunicacao\/wp-json\/wp\/v2\/comments?post=117560"}],"version-history":[{"count":0,"href":"https:\/\/bluestudio.estadao.com.br\/agencia-de-comunicacao\/wp-json\/wp\/v2\/posts\/117560\/revisions"}],"wp:featuredmedia":[{"embeddable":true,"href":"https:\/\/bluestudio.estadao.com.br\/agencia-de-comunicacao\/wp-json\/wp\/v2\/media\/117561"}],"wp:attachment":[{"href":"https:\/\/bluestudio.estadao.com.br\/agencia-de-comunicacao\/wp-json\/wp\/v2\/media?parent=117560"}],"wp:term":[{"taxonomy":"category","embeddable":true,"href":"https:\/\/bluestudio.estadao.com.br\/agencia-de-comunicacao\/wp-json\/wp\/v2\/categories?post=117560"},{"taxonomy":"post_tag","embeddable":true,"href":"https:\/\/bluestudio.estadao.com.br\/agencia-de-comunicacao\/wp-json\/wp\/v2\/tags?post=117560"}],"curies":[{"name":"wp","href":"https:\/\/api.w.org\/{rel}","templated":true}]}}