{"id":117510,"date":"2025-10-15T10:12:00","date_gmt":"2025-10-15T13:12:00","guid":{"rendered":"https:\/\/bluestudio.estadao.com.br\/agencia-de-comunicacao\/prnewswire\/instituto-viafoto-convida-fotografos-para-o-programa-expositivo-2026\/"},"modified":"2025-10-15T10:12:00","modified_gmt":"2025-10-15T13:12:00","slug":"instituto-viafoto-convida-fotografos-para-o-programa-expositivo-2026","status":"publish","type":"post","link":"https:\/\/bluestudio.estadao.com.br\/agencia-de-comunicacao\/prnewswire\/instituto-viafoto-convida-fotografos-para-o-programa-expositivo-2026\/","title":{"rendered":"Instituto ViaFoto convida fot\u00f3grafos para o Programa Expositivo 2026"},"content":{"rendered":"\n<div class=\"xn-content\">\n<p class=\"prntac\">Com foco em diversidade e experimenta\u00e7\u00e3o, o programa busca propostas que conectem fotografia, sociedade e novas narrativas visuais<\/p>\n<p><span class=\"legendSpanClass\">S\u00c3O PAULO<\/span>, <span class=\"legendSpanClass\">15 de outubro de 2025<\/span> \/PRNewswire\/ &#8212; O Instituto ViaFoto anuncia a abertura das inscri\u00e7\u00f5es para o Programa Expositivo ViaFoto 2026, que convida curadores, pesquisadores, cr\u00edticos e profissionais da fotografia a apresentarem projetos que reflitam sobre os desafios e as transforma\u00e7\u00f5es contempor\u00e2neas da imagem.<\/p>\n<p>Rec\u00e9m-inaugurado em S\u00e3o Paulo, o Instituto ViaFoto se consolida como um espa\u00e7o cultural voltado \u00e0 fotografia como arte, linguagem e express\u00e3o acess\u00edvel. Idealizado por David Feffer, o Instituto reconhece a fotografia como uma for\u00e7a capaz de transformar olhares, narrativas e realidades, conectando p\u00fablicos diversos \u00e0 pot\u00eancia simb\u00f3lica e est\u00e9tica da imagem.<\/p>\n<p>O Programa Expositivo 2026 busca projetos curatoriais que ultrapassem fronteiras, valorizem diferentes vozes e proponham di\u00e1logos entre fotografia e sociedade. As propostas podem explorar temas como natureza, protagonismo feminino, fotojornalismo, moda, automobilismo, cidades contempor\u00e2neas e outros eixos que expressem a pluralidade e vitalidade da fotografia atual.<\/p>\n<p>&#8220;O Instituto ViaFoto foi concebido como um espa\u00e7o de encontro e di\u00e1logo. Queremos abrir as portas a novos olhares, estimular o pensamento cr\u00edtico e fortalecer a fotografia como express\u00e3o contempor\u00e2nea e coletiva&#8221;, afirma David Feffer, idealizador do projeto.<\/p>\n<p>De car\u00e1ter aberto e explorat\u00f3rio, a convocat\u00f3ria busca mapear novas ideias curatoriais e estimular colabora\u00e7\u00f5es futuras. As propostas devem apresentar concep\u00e7\u00e3o art\u00edstica, detalhamento conceitual, lista de fot\u00f3grafos (renomados e emergentes), estimativa de custos e cronograma. Cada projeto deve incluir, no m\u00ednimo, 15 fotografias. Ter\u00e3o prefer\u00eancia as propostas coletivas que re\u00fanam obras de diferentes autores e que contem, sempre que poss\u00edvel, com a participa\u00e7\u00e3o de ao menos um jovem talento.<\/p>\n<p>As inscri\u00e7\u00f5es ficam abertas at\u00e9 30 de outubro de 2025, pelo e-mail <b><a href=\"mailto:convocatoria@viafoto.com.br\" rel=\"nofollow\">convocatoria@viafoto.com.br<\/a><\/b>. Mais informa\u00e7\u00f5es est\u00e3o dispon\u00edveis no site<a href=\"http:\/\/www.institutoviafoto.com.br\/\" target=\"_blank\" rel=\"nofollow\"> <\/a><a href=\"http:\/\/www.institutoviafoto.com.br\/\" target=\"_blank\" rel=\"nofollow\"><b>www.institutoviafoto.com.br<\/b><\/a> e no Instagram <b>@institutoviafoto<\/b>.<\/p>\n<p><b>Sobre o Instituto ViaFoto<\/b>\n <\/p>\n<p>O Instituto ViaFoto \u00e9 a Casa da Fotografia de S\u00e3o Paulo. Idealizado por David Feffer, em colabora\u00e7\u00e3o com fot\u00f3grafos, curadores e educadores, o Instituto nasce para valorizar a fotografia como arte, linguagem e instrumento de transforma\u00e7\u00e3o social. Localizado no Largo da Batata, em Pinheiros (SP), \u00e9 um espa\u00e7o vivo e democr\u00e1tico que conecta pessoas por meio da imagem.<\/p>\n<p>Como espa\u00e7o expositivo promove mostras que v\u00e3o do fotojornalismo \u00e0 arte contempor\u00e2nea; e como Centro de Conhecimento oferece cursos, oficinas e experi\u00eancias que estimulam aprendizado, criatividade e troca.<\/p>\n<p>Com apoio de profissionais experientes, o ViaFoto atua para se consolidar como refer\u00eancia cultural e plataforma de talentos, fortalecendo a fotografia brasileira e ampliando seu alcance internacional. Para saber mais sobre seu trabalho e sobre o prop\u00f3sito de encantar pelo olhar e inspirar novas formas de ver o mundo acesse <a href=\"http:\/\/www.institutoviafoto.com.br\/\" target=\"_blank\" rel=\"nofollow\">www.institutoviafoto.com.br<\/a> e @institutoviafoto nas redes sociais<\/p>\n<p id=\"PURL\">\n<img loading=\"lazy\" decoding=\"async\" title=\"Cision\" width=\"12\" height=\"12\" alt=\"Cision\" src=\"https:\/\/edge.prnewswire.com\/c\/img\/favicon.png?sn=PT98243&amp;sd=2025-10-15\" \/> View original content:<a id=\"PRNURL\" rel=\"nofollow\" href=\"https:\/\/www.prnewswire.com\/br\/comunicados-para-a-imprensa\/instituto-viafoto-convida-fotografos-para-o-programa-expositivo-2026-302584882.html\" target=\"_blank\">https:\/\/www.prnewswire.com\/br\/comunicados-para-a-imprensa\/instituto-viafoto-convida-fotografos-para-o-programa-expositivo-2026-302584882.html<\/a><\/p>\n<p>FONTE Instituto ViaFoto<\/p>\n<\/p><\/div>\n<p>  <img decoding=\"async\" alt=\"\" src=\"https:\/\/rt.prnewswire.com\/rt.gif?NewsItemId=PT98243&amp;Transmission_Id=202510150900PR_NEWS_LATAM____PT98243&amp;DateId=20251015\" style=\"border:0px;width:1px;height:1px\" \/><\/p>\n<p><strong>T\u00f3picos Relacionados:<\/strong> Arte, Cultura e Design, Entretenimento<\/p>\n<p>A <b>OESP<\/b> n\u00e3o \u00e9(s\u00e3o) respons\u00e1vel(is) por erros, incorre\u00e7\u00f5es, atrasos ou quaisquer decis\u00f5es tomadas por seus clientes com base nos Conte\u00fados ora disponibilizados, bem como tais Conte\u00fados n\u00e3o representam a opini\u00e3o da <b>OESP<\/b> e s\u00e3o de inteira responsabilidade da <b>PR Newswire Ltda<\/b><\/p>\n","protected":false},"excerpt":{"rendered":"Com foco em diversidade e experimenta\u00e7\u00e3o, o programa busca propostas que conectem fotografia, sociedade e novas narrativas visuais S\u00c3O PAULO, 15 de outubro de 2025 \/PRNewswire\/ &#8212; O Instituto","protected":false},"author":1,"featured_media":117511,"comment_status":"open","ping_status":"closed","sticky":false,"template":"","format":"standard","meta":{"_acf_changed":false,"inline_featured_image":false,"_monsterinsights_skip_tracking":false,"_monsterinsights_sitenote_active":false,"_monsterinsights_sitenote_note":"","_monsterinsights_sitenote_category":0,"footnotes":""},"categories":[27],"tags":[3288,3285,3287,3286],"class_list":["post-117510","post","type-post","status-publish","format-standard","has-post-thumbnail","hentry","category-prnewswire","tag-criticos-e-profissionais-da-fotografia-a-apres","tag-o-instituto-viafoto-anuncia-a-abertura-das-inscricoes-para-o-programa-expositivo-viafoto-2026","tag-pesquisadores","tag-que-convida-curadores"],"acf":[],"_links":{"self":[{"href":"https:\/\/bluestudio.estadao.com.br\/agencia-de-comunicacao\/wp-json\/wp\/v2\/posts\/117510","targetHints":{"allow":["GET"]}}],"collection":[{"href":"https:\/\/bluestudio.estadao.com.br\/agencia-de-comunicacao\/wp-json\/wp\/v2\/posts"}],"about":[{"href":"https:\/\/bluestudio.estadao.com.br\/agencia-de-comunicacao\/wp-json\/wp\/v2\/types\/post"}],"author":[{"embeddable":true,"href":"https:\/\/bluestudio.estadao.com.br\/agencia-de-comunicacao\/wp-json\/wp\/v2\/users\/1"}],"replies":[{"embeddable":true,"href":"https:\/\/bluestudio.estadao.com.br\/agencia-de-comunicacao\/wp-json\/wp\/v2\/comments?post=117510"}],"version-history":[{"count":0,"href":"https:\/\/bluestudio.estadao.com.br\/agencia-de-comunicacao\/wp-json\/wp\/v2\/posts\/117510\/revisions"}],"wp:featuredmedia":[{"embeddable":true,"href":"https:\/\/bluestudio.estadao.com.br\/agencia-de-comunicacao\/wp-json\/wp\/v2\/media\/117511"}],"wp:attachment":[{"href":"https:\/\/bluestudio.estadao.com.br\/agencia-de-comunicacao\/wp-json\/wp\/v2\/media?parent=117510"}],"wp:term":[{"taxonomy":"category","embeddable":true,"href":"https:\/\/bluestudio.estadao.com.br\/agencia-de-comunicacao\/wp-json\/wp\/v2\/categories?post=117510"},{"taxonomy":"post_tag","embeddable":true,"href":"https:\/\/bluestudio.estadao.com.br\/agencia-de-comunicacao\/wp-json\/wp\/v2\/tags?post=117510"}],"curies":[{"name":"wp","href":"https:\/\/api.w.org\/{rel}","templated":true}]}}