{"id":117399,"date":"2025-10-14T04:27:00","date_gmt":"2025-10-14T07:27:00","guid":{"rendered":"https:\/\/bluestudio.estadao.com.br\/agencia-de-comunicacao\/prnewswire\/nova-pesquisa-indice-kemira-sobre-a-agua-2025-expoe-pontos-fracos-criticos-na-resiliencia-hidrica-e-a-alarmante-falta-de-preparacao-dos-consumidores\/"},"modified":"2025-10-14T04:27:00","modified_gmt":"2025-10-14T07:27:00","slug":"nova-pesquisa-indice-kemira-sobre-a-agua-2025-expoe-pontos-fracos-criticos-na-resiliencia-hidrica-e-a-alarmante-falta-de-preparacao-dos-consumidores","status":"publish","type":"post","link":"https:\/\/bluestudio.estadao.com.br\/agencia-de-comunicacao\/prnewswire\/nova-pesquisa-indice-kemira-sobre-a-agua-2025-expoe-pontos-fracos-criticos-na-resiliencia-hidrica-e-a-alarmante-falta-de-preparacao-dos-consumidores\/","title":{"rendered":"NOVA PESQUISA: \u00edndice Kemira sobre a \u00e1gua 2025 exp\u00f5e pontos fracos cr\u00edticos na resili\u00eancia h\u00eddrica e a alarmante falta de prepara\u00e7\u00e3o dos consumidores"},"content":{"rendered":"\n<div class=\"xn-content\">\n<i>Um novo estudo internacional liderado pela Kemira identifica onde as pessoas ficam mais vulner\u00e1veis se a comunidade delas perder de repente o acesso \u00e0 \u00e1gua pot\u00e1vel em decorr\u00eancia de desastres clim\u00e1ticos extremos, infraestrutura obsoleta e contaminantes t\u00f3xico<\/i>\n <\/p>\n<ul type=\"disc\">\n<li>91% das pessoas inquiridas na Europa e nos EUA est\u00e3o preocupadas com os fen\u00f4menos clim\u00e1ticos extremos na sua regi\u00e3o<\/li>\n<li>85% das pessoas pesquisadas afirmaram que sua regi\u00e3o precisa melhorar os esfor\u00e7os para ajudar as comunidades a se prepararem para enchentes<\/li>\n<li>84% das pessoas pesquisadas consideram que \u00e9 necess\u00e1rio trabalhar mais para se preparar para futuras secas e escassez na sua regi\u00e3o<\/li>\n<li>62% das pessoas pesquisadas j\u00e1 passaram por problemas relacionados \u00e0 \u00e1gua, como enchentes (20%), secas (16%) ou falta total de \u00e1gua (12%)<\/li>\n<li>Apenas 5% das pessoas pesquisadas afirmaram ter um plano detalhado e um bom estoque ou fonte de \u00e1gua para suas resid\u00eancias em caso de emerg\u00eancias<\/li>\n<\/ul>\n<p><span class=\"legendSpanClass\">HELSINKI<\/span>, <span class=\"legendSpanClass\">14 de outubro de 2025<\/span> \/PRNewswire\/ &#8212; <b><a href=\"https:\/\/www.kemira.com\/\" target=\"_blank\" rel=\"nofollow\">A Kemira<\/a><\/b>, l\u00edder global em solu\u00e7\u00f5es qu\u00edmicas sustent\u00e1veis para ind\u00fastrias com uso intensivo de \u00e1gua, divulgou hoje o <a href=\"https:\/\/www.kemira.com\/stories\/kemira-water-index-2025\/?utm_source=pressrelease&amp;utm_medium=pr&amp;utm_campaign=waterindex_2025\" target=\"_blank\" rel=\"nofollow\">\u00cdndice Kemira sobre a \u00c1gua 2025<\/a>. Combinando pesquisas internacionais, an\u00e1lises de especialistas e percep\u00e7\u00f5es dos consumidores, o t\u00edtulo do \u00cdndice Kemira sobre a \u00c1gua 2025 afirma que s\u00e3o necess\u00e1rias a\u00e7\u00f5es urgentes e estrat\u00e9gias mais eficazes para fortalecer a seguran\u00e7a h\u00eddrica, especialmente em regi\u00f5es que enfrentam press\u00f5es crescentes relacionadas ao clima e \u00e0 \u00e1gua.<\/p>\n<div id=\"prni_dvprnejpg731eleft\" dir=\"ltr\" style=\"width: 100%;text-align: left\"><img decoding=\"async\" id=\"prnejpg731eleft\" title=\"A Kemira \u00e9 l\u00edder global em solu\u00e7\u00f5es qu\u00edmicas sustent\u00e1veis para ind\u00fastrias que utilizam grande quantidade de \u00e1gua.\" src=\"https:\/\/mma.prnewswire.com\/media\/2791734\/kemira_Logo.jpg\" alt=\"A Kemira \u00e9 l\u00edder global em solu\u00e7\u00f5es qu\u00edmicas sustent\u00e1veis para ind\u00fastrias que utilizam grande quantidade de \u00e1gua.\" align=\"middle\" \/> <\/div>\n<p>O \u00cdndice Kemira sobre a \u00c1gua 2025 apresenta classifica\u00e7\u00f5es de 10 pa\u00edses europeus e 10 estados dos EUA, do mais ao menos resilientes em termos h\u00eddricos, derivadas de 21 m\u00e9tricas cuidadosamente selecionadas e analisadas em mais de 300 fontes de dados. Essas classifica\u00e7\u00f5es permitem que formuladores de pol\u00edticas, empresas de servi\u00e7os p\u00fablicos, empresas e consumidores entendam onde as fontes de \u00e1gua s\u00e3o seguras, avaliem a prepara\u00e7\u00e3o e reconhe\u00e7am as comunidades com maior risco.<\/p>\n<div>\n<table border=\"0\" cellspacing=\"0\" cellpadding=\"1\" class=\"prnbcc\">\n<tr>\n<td class=\"prngen2\" colspan=\"1\" rowspan=\"1\">\n<p class=\"prnml4\">  <span class=\"prnews_span\"> <b><u>EUROPA<\/u> <\/b>  <\/span>\n<\/p>\n<\/td>\n<td class=\"prngen2\" colspan=\"1\" rowspan=\"1\">\n<p class=\"prnml4\">  <span class=\"prnews_span\"> <b><u>ESTADOS UNIDOS<\/u> <\/b>  <\/span>\n<\/p>\n<\/td>\n<\/tr>\n<tr>\n<td class=\"prngen2\" colspan=\"1\" rowspan=\"1\">\n<p class=\"prnml4\">  <span class=\"prnews_span\">1. Noruega<\/span>\n<\/p>\n<\/td>\n<td class=\"prngen2\" colspan=\"1\" rowspan=\"1\">\n<p class=\"prnml4\">  <span class=\"prnews_span\">1. Calif\u00f3rnia<\/span>\n<\/p>\n<\/td>\n<\/tr>\n<tr>\n<td class=\"prngen2\" colspan=\"1\" rowspan=\"1\">\n<p class=\"prnml4\">  <span class=\"prnews_span\">2. Su\u00e9cia<\/span>\n<\/p>\n<\/td>\n<td class=\"prngen2\" colspan=\"1\" rowspan=\"1\">\n<p class=\"prnml4\">  <span class=\"prnews_span\">2. Minnesota<\/span>\n<\/p>\n<\/td>\n<\/tr>\n<tr>\n<td class=\"prngen2\" colspan=\"1\" rowspan=\"1\">\n<p class=\"prnml4\">  <span class=\"prnews_span\">3. Reino Unido<\/span>\n<\/p>\n<\/td>\n<td class=\"prngen2\" colspan=\"1\" rowspan=\"1\">\n<p class=\"prnml4\">  <span class=\"prnews_span\">3. Michigan<\/span>\n<\/p>\n<\/td>\n<\/tr>\n<tr>\n<td class=\"prngen2\" colspan=\"1\" rowspan=\"1\">\n<p class=\"prnml4\">  <span class=\"prnews_span\">4. Finl\u00e2ndia<\/span>\n<\/p>\n<\/td>\n<td class=\"prngen2\" colspan=\"1\" rowspan=\"1\">\n<p class=\"prnml4\">  <span class=\"prnews_span\">4. Arizona<\/span>\n<\/p>\n<\/td>\n<\/tr>\n<tr>\n<td class=\"prngen2\" colspan=\"1\" rowspan=\"1\">\n<p class=\"prnml4\">  <span class=\"prnews_span\">5. Alemanha<\/span>\n<\/p>\n<\/td>\n<td class=\"prngen2\" colspan=\"1\" rowspan=\"1\">\n<p class=\"prnml4\">  <span class=\"prnews_span\">5. Nova York<\/span>\n<\/p>\n<\/td>\n<\/tr>\n<tr>\n<td class=\"prngen2\" colspan=\"1\" rowspan=\"1\">\n<p class=\"prnml4\">  <span class=\"prnews_span\">6. Fran\u00e7a<\/span>\n<\/p>\n<\/td>\n<td class=\"prngen2\" colspan=\"1\" rowspan=\"1\">\n<p class=\"prnml4\">  <span class=\"prnews_span\">6. Fl\u00f3rida<\/span>\n<\/p>\n<\/td>\n<\/tr>\n<tr>\n<td class=\"prngen2\" colspan=\"1\" rowspan=\"1\">\n<p class=\"prnml4\">  <span class=\"prnews_span\">7. Dinamarca<\/span>\n<\/p>\n<\/td>\n<td class=\"prngen2\" colspan=\"1\" rowspan=\"1\">\n<p class=\"prnml4\">  <span class=\"prnews_span\">7. Illinois<\/span>\n<\/p>\n<\/td>\n<\/tr>\n<tr>\n<td class=\"prngen2\" colspan=\"1\" rowspan=\"1\">\n<p class=\"prnml4\">  <span class=\"prnews_span\">8. Espanha<\/span>\n<\/p>\n<\/td>\n<td class=\"prngen2\" colspan=\"1\" rowspan=\"1\">\n<p class=\"prnml4\">  <span class=\"prnews_span\">8. Carolina do Sul<\/span>\n<\/p>\n<\/td>\n<\/tr>\n<tr>\n<td class=\"prngen2\" colspan=\"1\" rowspan=\"1\">\n<p class=\"prnml4\">  <span class=\"prnews_span\">9. Pa\u00edses Baixos<\/span>\n<\/p>\n<\/td>\n<td class=\"prngen2\" colspan=\"1\" rowspan=\"1\">\n<p class=\"prnml4\">  <span class=\"prnews_span\">9. Texas<\/span>\n<\/p>\n<\/td>\n<\/tr>\n<tr>\n<td class=\"prngen2\" colspan=\"1\" rowspan=\"1\">\n<p class=\"prnml4\">  <span class=\"prnews_span\">10. It\u00e1lia<\/span>\n<\/p>\n<\/td>\n<td class=\"prnpr2 prnpl2 prnvab prntal prncbts prnbrbrs prnbbbs prnbsbls\" colspan=\"1\" rowspan=\"1\">\n<p class=\"prnml4\">  <span class=\"prnews_span\">10. Georgia<\/span>\n<\/p>\n<\/td>\n<\/tr>\n<\/table><\/div>\n<p>&#8220;Nossa pesquisa descobriu que, em vez de se sentirem seguros quanto ao acesso \u00e0 \u00e1gua pot\u00e1vel no mundo moderno de hoje, as preocupa\u00e7\u00f5es com contaminantes t\u00f3xicos e desastres clim\u00e1ticos, como secas e inunda\u00e7\u00f5es, est\u00e3o aumentando, e muitas pessoas est\u00e3o se perguntando se o governo local e as concession\u00e1rias de servi\u00e7os p\u00fablicos est\u00e3o fazendo o suficiente para proteger suas comunidades de problemas relacionados \u00e0 \u00e1gua&#8221;, disse <b>Tuija Pohjolainen-Hiltunen, vice-presidente executiva da Kemira<\/b>. &#8220;Para o setor h\u00eddrico, o \u00cdndice Kemira sobre a \u00c1gua confirma a urg\u00eancia com que as comunidades precisam de mais educa\u00e7\u00e3o p\u00fablica sobre a preserva\u00e7\u00e3o dos recursos h\u00eddricos locais, investimentos cr\u00edticos em infraestrutura h\u00eddrica e a\u00e7\u00f5es lideradas pelo governo para se preparar para o futuro.&#8221;<\/p>\n<p><b>PRINCIPAIS DESTAQUES DO ESTUDO<\/b>\n <\/p>\n<p><b>  <u>Disponibilidade e vulnerabilidade da \u00e1gua:<\/u><br \/>\n<\/b>como os eventos clim\u00e1ticos extremos e os n\u00edveis de contaminantes produzidos pelo homem nas fontes de \u00e1gua variam significativamente entre as regi\u00f5es, a pesquisa \u00cdndice Kemira sobre a \u00c1gua identifica exatamente quais quest\u00f5es relacionadas \u00e0 \u00e1gua causam mais preocupa\u00e7\u00e3o ao p\u00fablico.<\/p>\n<ul type=\"disc\">\n<li>Em todos os continentes, a maioria das pessoas (91%) est\u00e1 preocupada com as quest\u00f5es relacionadas \u00e0s mudan\u00e7as clim\u00e1ticas em sua regi\u00e3o, sendo o aumento da temperatura global a principal preocupa\u00e7\u00e3o dos americanos (54%) e europeus (59%) entrevistados<\/li>\n<li>\u00c0 medida que as preocupa\u00e7\u00f5es clim\u00e1ticas aumentam, mais da metade (53%) de todas as pessoas pesquisadas sentem que sua regi\u00e3o n\u00e3o est\u00e1 preparada para os desafios relacionados ao clima.<\/li>\n<li>Mais da metade das pessoas pesquisadas (62%) j\u00e1 passou por problemas relacionados \u00e0 \u00e1gua, como enchentes (20%), secas (16%) ou falta total de \u00e1gua (12%).<\/li>\n<li>Muitas pessoas pesquisadas (85%) querem ver mais trabalho sendo feito para preparar suas comunidades para enchentes e (84%) acham que sua regi\u00e3o deveria melhorar o planejamento para futuras secas e escassez.<\/li>\n<li>Quando se trata de contamina\u00e7\u00e3o da \u00e1gua, bact\u00e9rias ou v\u00edrus s\u00e3o a principal preocupa\u00e7\u00e3o para a maioria das pessoas pesquisadas nos Estados Unidos e na Europa (40% e 39%, respectivamente).<\/li>\n<li>Mais americanos e europeus entrevistados est\u00e3o preocupados com os PFAS ou &#8220;produtos qu\u00edmicos eternos&#8221; (22% e 27%, respectivamente) do que com vest\u00edgios de drogas ou medicamentos (19% e 21%, respectivamente).<\/li>\n<\/ul>\n<p><b>  <u>Uso e gest\u00e3o da \u00e1gua:<\/u><br \/>\n<\/b>Os comportamentos e prefer\u00eancias em rela\u00e7\u00e3o \u00e0 \u00e1gua variam muito entre as regi\u00f5es, sendo moldados pelas culturas locais e ind\u00fastrias influentes. As fam\u00edlias est\u00e3o se esfor\u00e7ando para economizar \u00e1gua de maneiras \u00f3bvias, mas h\u00e1 uma aparente falta de educa\u00e7\u00e3o sobre como o monitoramento eficaz pode ajudar as pessoas a gerenciar a \u00e1gua de forma mais sustent\u00e1vel.<\/p>\n<ul type=\"disc\">\n<li>Apenas 26% dos americanos entrevistados confiam na torneira como sua principal fonte de \u00e1gua pot\u00e1vel, um contraste gritante com a Europa, onde 70% dos entrevistados em 10 pa\u00edses preferem beber \u00e1gua da torneira.<\/li>\n<li>A maioria dos participantes da pesquisa (91%) afirma tomar uma ou mais medidas de conserva\u00e7\u00e3o de \u00e1gua em casa, no entanto, mais de um ter\u00e7o (36%) n\u00e3o monitora o uso de \u00e1gua em sua resid\u00eancia.<\/li>\n<li>As principais pr\u00e1ticas de conserva\u00e7\u00e3o adotadas pelas pessoas inquiridas na Europa e nos EUA incluem fechar a torneira enquanto escovam os dentes (65% e 49%, respetivamente), encher completamente a m\u00e1quina de lavar roupa e a m\u00e1quina de lavar lou\u00e7a (54% e 42%, respetivamente) e tomar banhos mais curtos (52% e 41%, respetivamente).<\/li>\n<li>Quando utilizam \u00e1gua da torneira, mais europeus ena utilizam para cozinhar (86%) e limpar a casa (77%) do que os americanos (68% e 58%, respetivamente); no entanto, mais americanos entrevistados afirmam utilizar \u00e1gua da torneira para cuidar dos animais de estima\u00e7\u00e3o (39%) e regar os seus jardins ou relvados (35%) do que os europeus (29% e 27%, respetivamente).<\/li>\n<\/ul>\n<p><b>  <u>Risco, pol\u00edtica e percep\u00e7\u00f5es:<\/u><br \/>\n<\/b>os governos desempenham um papel crucial na resili\u00eancia h\u00eddrica. Desde a aplica\u00e7\u00e3o de regulamentos e requisitos at\u00e9 ao planeamento eficaz e campanhas de sensibiliza\u00e7\u00e3o do p\u00fablico, as suas pol\u00edticas determinam, em \u00faltima an\u00e1lise, se os riscos h\u00eddricos acabar\u00e3o por se transformar numa crise.<\/p>\n<ul type=\"disc\">\n<li>Apesar das preocupa\u00e7\u00f5es significativas com os riscos h\u00eddricos, a prepara\u00e7\u00e3o das fam\u00edlias \u00e9 surpreendentemente baixa em todas as regi\u00f5es, apenas 7% das pessoas pesquisadas nos EUA e apenas 4% das pessoas pesquisadas na Europa afirmam ter um plano detalhado de prepara\u00e7\u00e3o h\u00eddrica e um grande estoque ou fonte de \u00e1gua de reserva. <\/li>\n<li>Quase metade dos europeus e americanos entrevistados considera, coletivamente, que as iniciativas lideradas pelos governos precisam de ser melhoradas no que diz respeito \u00e0 prepara\u00e7\u00e3o para inunda\u00e7\u00f5es (47%) e ao planeamento para secas (46%).<\/li>\n<li>A maioria das pessoas pesquisadas em ambos os continentes apoia regulamenta\u00e7\u00f5es mais r\u00edgidas sobre o uso da \u00e1gua pelas ind\u00fastrias (77%).<\/li>\n<li>No entanto, enquanto 69% dos europeus entrevistados s\u00e3o a favor da imposi\u00e7\u00e3o de normas de efici\u00eancia h\u00eddrica para os eletrodom\u00e9sticos, 66% dos americanos entrevistados dizem &#8220;n\u00e3o&#8221;.<\/li>\n<\/ul>\n<p><b>  <u>Capacidade e investimento:<\/u><br \/>\n<\/b>o \u00cdndice Kemira sobre a \u00c1gua 2025 mostra como pa\u00edses como a Noruega e seus vizinhos n\u00f3rdicos, conhecidos por seu planejamento e investimentos voltados para o futuro, apresentam um alto desempenho em resili\u00eancia h\u00eddrica. Por outro lado, quando os sistemas e infraestruturas h\u00eddricas s\u00e3o negligenciados, as comunidades enfrentam riscos maiores.<\/p>\n<ul type=\"disc\">\n<li>Independentemente do investimento real em infraestruturas, tais como tubagens, reservat\u00f3rios e tratamento de \u00e1gua, apenas 17% dos entrevistados dos pa\u00edses europeus e 27% dos EUA elogiaram as suas regi\u00f5es locais, apelando a que fossem feitos mais esfor\u00e7os.<\/li>\n<li>Os pr\u00f3prios consumidores n\u00e3o est\u00e3o necessariamente dispostos a contribuir atrav\u00e9s das suas contas de \u00e1gua, com apenas 11% dos europeus entrevistados e 22% dos americanos entrevistados a afirmarem que estariam dispostos a pagar mais por \u00e1gua de qualidade.<\/li>\n<li>No entanto, mais da metade das pessoas entrevistadas nos EUA (58%) e na Europa (54%) relataram que suas decis\u00f5es de compra poderiam ser influenciadas por informa\u00e7\u00f5es compartilhadas sobre a &#8220;pegada h\u00eddrica&#8221; de um produto.<\/li>\n<li>Uma grande parte (72%) dos europeus e americanos inquiridos apoia coletivamente a exig\u00eancia dos seus governos de que todas as novas habita\u00e7\u00f5es e edif\u00edcios tenham, por lei, equipamentos economizadores de \u00e1gua.<\/li>\n<\/ul>\n<p>&#8220;As concession\u00e1rias de servi\u00e7os p\u00fablicos lutam continuamente para acompanhar as regras e exig\u00eancias din\u00e2micas estabelecidas pelos formuladores de pol\u00edticas, ao mesmo tempo em que tentam investir em melhorias tecnol\u00f3gicas, e ainda manter os custos baixos para os consumidores&#8221;, acrescentou <b>Pohjolainen-Hiltunen<\/b>. &#8220;Elas n\u00e3o conseguem fazer isso sozinhas. \u00c9 por isso que os governos e as concession\u00e1rias devem trabalhar juntos para estabelecer normas regulat\u00f3rias que mantenham a \u00e1gua segura e modernizem os sistemas antes que a crise clim\u00e1tica se agrave. As empresas e os consumidores tamb\u00e9m devem fazer sua parte para adotar h\u00e1bitos inteligentes no uso da \u00e1gua em casa e em suas comunidades, a fim de proteger nosso recurso mais valioso.&#8221;<\/p>\n<p>Para obter mais informa\u00e7\u00f5es sobre o \u00cdndice Kemira sobre a \u00c1gua 2025 ou para baixar o relat\u00f3rio, visite <a href=\"https:\/\/www.kemira.com\/stories\/kemira-water-index-2025\/?utm_source=pressrelease&amp;utm_medium=pr&amp;utm_campaign=waterindex_2025\" target=\"_blank\" rel=\"nofollow\">kemira.com\/water-index-2025<\/a>.<\/p>\n<p><b>  <u>Notas para os editores<\/u><\/b>\n <\/p>\n<ul type=\"disc\">\n<li>A pesquisa foi encomendada pela Kemira e realizada pela Ipsos em julho de 2025.<\/li>\n<li>A amostra da pesquisa consistiu em 14.000 consumidores da Dinamarca, Finl\u00e2ndia, Fran\u00e7a, Alemanha, It\u00e1lia, Noruega, Espanha, Su\u00e9cia, dos Pa\u00edses Baixos, do Reino Unido, bem como do Arizona, da Calif\u00f3rnia, Fl\u00f3rida, Ge\u00f3rgia, de Illinois, do Michigan, de Minnesota, Nova Iorque, da Carolina do Sul e do Texas, nos Estados Unidos.<\/li>\n<\/ul>\n<p>A <b>Kemira<\/b> \u00e9 l\u00edder global em solu\u00e7\u00f5es qu\u00edmicas sustent\u00e1veis para ind\u00fastrias que utilizam grandes quantidades de \u00e1gua. Fornecemos produtos e servi\u00e7os personalizados para melhorar a qualidade dos produtos, os processos e a efici\u00eancia dos recursos de nossa diversificada gama de clientes. Nosso foco est\u00e1 no tratamento de \u00e1gua, bem como em solu\u00e7\u00f5es de fibra e renov\u00e1veis, possibilitando a transforma\u00e7\u00e3o sustent\u00e1vel para nossos clientes. Em 2024, a Kemira registrou uma receita anual de 2,9 bilh\u00f5es de euros, com uma equipe global de cerca de 4.700 colaboradores. A Kemira est\u00e1 listada na Nasdaq Helsinki <a href=\"https:\/\/www.kemira.com\/\" target=\"_blank\" rel=\"nofollow\">www.kemira.com<\/a>.<\/p>\n<p>Logotipo: <a href=\"https:\/\/mma.prnewswire.com\/media\/2791734\/kemira_Logo.jpg\" target=\"_blank\" rel=\"nofollow\">https:\/\/mma.prnewswire.com\/media\/2791734\/kemira_Logo.jpg<\/a><\/p>\n<p>Para mais informa\u00e7\u00f5es, entre em contato com:  <\/p>\n<p>Kemira Oyj<br \/>Greg Morrison<br \/>Diretor de Comunica\u00e7\u00e3o<br \/>Tel. +31 621 628 423<br \/><a href=\"mailto:greg.morrison@kemira.com\" target=\"_blank\" rel=\"nofollow\">greg.morrison@kemira.com<\/a> <\/p>\n<p>Jennifer Blackburn<br \/>Gerente de Comunica\u00e7\u00f5es<br \/>Am\u00e9ricas<br \/>Tel. +1 404 434 6592<br \/><a href=\"mailto:jennifer.blackburn@kemira.com\" target=\"_blank\" rel=\"nofollow\">jennifer.blackburn@kemira.com<\/a> <\/p>\n<p>Jenni Vuorela<br \/>Gerente de Comunica\u00e7\u00f5es<br \/>Europa<br \/>Tel. +358 40 186 4094<br \/><a href=\"mailto:jenni.vuorela@kemira.com\" target=\"_blank\" rel=\"nofollow\">jenni.vuorela@kemira.com<\/a> <\/p>\n<p id=\"PURL\">\n<img loading=\"lazy\" decoding=\"async\" title=\"Cision\" width=\"12\" height=\"12\" alt=\"Cision\" src=\"https:\/\/edge.prnewswire.com\/c\/img\/favicon.png?sn=PT93547&amp;sd=2025-10-14\" \/> View original content:<a id=\"PRNURL\" rel=\"nofollow\" href=\"https:\/\/www.prnewswire.com\/br\/comunicados-para-a-imprensa\/nova-pesquisa-indice-kemira-sobre-a-agua-2025-expoe-pontos-fracos-criticos-na-resiliencia-hidrica-e-a-alarmante-falta-de-preparacao-dos-consumidores-302582161.html\" target=\"_blank\">https:\/\/www.prnewswire.com\/br\/comunicados-para-a-imprensa\/nova-pesquisa-indice-kemira-sobre-a-agua-2025-expoe-pontos-fracos-criticos-na-resiliencia-hidrica-e-a-alarmante-falta-de-preparacao-dos-consumidores-302582161.html<\/a><\/p>\n<p>FONTE Kemira<\/p>\n<\/p><\/div>\n<p>  <img decoding=\"async\" alt=\"\" src=\"https:\/\/rt.prnewswire.com\/rt.gif?NewsItemId=PT93547&amp;Transmission_Id=202510140300PR_NEWS_LATAM____PT93547&amp;DateId=20251014\" style=\"border:0px;width:1px;height:1px\" \/><\/p>\n<p><strong>T\u00f3picos Relacionados:<\/strong> Pesquisa, Enquetes e Estudos, Servi\u00e7os P\u00fablicos, Dom\u00e9stico\/Consumidor\/Cosm\u00e9ticos, Qu\u00edmica, Servi\u00e7os de \u00c1gua<\/p>\n<p>A <b>OESP<\/b> n\u00e3o \u00e9(s\u00e3o) respons\u00e1vel(is) por erros, incorre\u00e7\u00f5es, atrasos ou quaisquer decis\u00f5es tomadas por seus clientes com base nos Conte\u00fados ora disponibilizados, bem como tais Conte\u00fados n\u00e3o representam a opini\u00e3o da <b>OESP<\/b> e s\u00e3o de inteira responsabilidade da <b>PR Newswire Ltda<\/b><\/p>\n","protected":false},"excerpt":{"rendered":"Um novo estudo internacional liderado pela Kemira identifica onde as pessoas ficam mais vulner\u00e1veis se a comunidade delas perder de repente o acesso \u00e0 \u00e1gua pot\u00e1vel em decorr\u00eancia de desastres","protected":false},"author":1,"featured_media":117400,"comment_status":"open","ping_status":"closed","sticky":false,"template":"","format":"standard","meta":{"_acf_changed":false,"inline_featured_image":false,"_monsterinsights_skip_tracking":false,"_monsterinsights_sitenote_active":false,"_monsterinsights_sitenote_note":"","_monsterinsights_sitenote_category":0,"footnotes":""},"categories":[27],"tags":[3212,3214,3213],"class_list":["post-117399","post","type-post","status-publish","format-standard","has-post-thumbnail","hentry","category-prnewswire","tag-a-kemira","tag-divulgou-hoje-o-indice-kemira-sobre-a-agua-2025-combinando-pesquisas-in","tag-lider-global-em-solucoes-quimicas-sustentaveis-para-industrias-com-uso-intensivo-de-agua"],"acf":[],"_links":{"self":[{"href":"https:\/\/bluestudio.estadao.com.br\/agencia-de-comunicacao\/wp-json\/wp\/v2\/posts\/117399","targetHints":{"allow":["GET"]}}],"collection":[{"href":"https:\/\/bluestudio.estadao.com.br\/agencia-de-comunicacao\/wp-json\/wp\/v2\/posts"}],"about":[{"href":"https:\/\/bluestudio.estadao.com.br\/agencia-de-comunicacao\/wp-json\/wp\/v2\/types\/post"}],"author":[{"embeddable":true,"href":"https:\/\/bluestudio.estadao.com.br\/agencia-de-comunicacao\/wp-json\/wp\/v2\/users\/1"}],"replies":[{"embeddable":true,"href":"https:\/\/bluestudio.estadao.com.br\/agencia-de-comunicacao\/wp-json\/wp\/v2\/comments?post=117399"}],"version-history":[{"count":0,"href":"https:\/\/bluestudio.estadao.com.br\/agencia-de-comunicacao\/wp-json\/wp\/v2\/posts\/117399\/revisions"}],"wp:featuredmedia":[{"embeddable":true,"href":"https:\/\/bluestudio.estadao.com.br\/agencia-de-comunicacao\/wp-json\/wp\/v2\/media\/117400"}],"wp:attachment":[{"href":"https:\/\/bluestudio.estadao.com.br\/agencia-de-comunicacao\/wp-json\/wp\/v2\/media?parent=117399"}],"wp:term":[{"taxonomy":"category","embeddable":true,"href":"https:\/\/bluestudio.estadao.com.br\/agencia-de-comunicacao\/wp-json\/wp\/v2\/categories?post=117399"},{"taxonomy":"post_tag","embeddable":true,"href":"https:\/\/bluestudio.estadao.com.br\/agencia-de-comunicacao\/wp-json\/wp\/v2\/tags?post=117399"}],"curies":[{"name":"wp","href":"https:\/\/api.w.org\/{rel}","templated":true}]}}