{"id":117391,"date":"2025-10-13T19:42:00","date_gmt":"2025-10-13T22:42:00","guid":{"rendered":"https:\/\/bluestudio.estadao.com.br\/agencia-de-comunicacao\/prnewswire\/bbm-logistica-reune-profissionais-de-logistica-em-vitoria-para-discutir-o-futuro-do-setor\/"},"modified":"2025-10-13T19:42:00","modified_gmt":"2025-10-13T22:42:00","slug":"bbm-logistica-reune-profissionais-de-logistica-em-vitoria-para-discutir-o-futuro-do-setor","status":"publish","type":"post","link":"https:\/\/bluestudio.estadao.com.br\/agencia-de-comunicacao\/prnewswire\/bbm-logistica-reune-profissionais-de-logistica-em-vitoria-para-discutir-o-futuro-do-setor\/","title":{"rendered":"BBM Log\u00edstica re\u00fane profissionais de log\u00edstica em Vit\u00f3ria para discutir o futuro do setor"},"content":{"rendered":"\n<div class=\"xn-content\">\n<p><span class=\"legendSpanClass\">Vit\u00f3ria, Brazil<\/span>, <span class=\"legendSpanClass\">13 de outubro de 2025<\/span> \/PRNewswire\/ &#8212; Na \u00faltima sexta-feira, dia 10, mais de 300 profissionais do setor log\u00edstico e representantes de empresas capixabas se reuniram em um evento onde foram apresentadas discuss\u00f5es sobre tend\u00eancias, desafios e solu\u00e7\u00f5es para apoiar e otimizar a log\u00edstica no Esp\u00edrito Santo e no pa\u00eds como um todo.<\/p>\n<div class=\"PRN_ImbeddedAssetReference\" id=\"DivAssetPlaceHolder8275\">\n  <a href=\"https:\/\/mma.prnewswire.com\/media\/2795206\/Imagem_Evento_BBM.html\" target=\"_blank\" rel=\"nofollow\"> <img decoding=\"async\" src=\"https:\/\/mma.prnewswire.com\/media\/2795206\/Imagem_Evento_BBM.jpg\" title=\"\" alt=\"\" \/>  <\/a>\n<\/p>\n<\/p><\/div>\n<p>Realizado pela BBM Log\u00edstica, uma da maiores operadoras de transporte rodovi\u00e1rio de cargas do Brasil, e promovido pelo Painel Log\u00edstico, o Encontro Log\u00edstico, apresentou cases de inova\u00e7\u00e3o tecnol\u00f3gica, debates sobre integra\u00e7\u00e3o multimodal, reforma tribut\u00e1ria e perspectivas de crescimento para a log\u00edstica nacional.<\/p>\n<p><b>Desafios estruturais e oportunidades de transforma\u00e7\u00e3o<\/b>\n <\/p>\n<p>Na abertura das palestras, Agapito Sobrinho, presidente da BBM Log\u00edstica, apresentou um cen\u00e1rio atual dos desafios enfrentados pelo setor de transporte e log\u00edstica, respons\u00e1vel por aproximadamente 15% do PIB nacional e com impacto em praticamente todos os segmentos econ\u00f4micos.<\/p>\n<p>Sobrinho destacou que o setor enfrenta barreiras estruturais significativas, como ambiente pol\u00edtico-econ\u00f4mico complexo, infraestrutura log\u00edstica deficiente, elevados custos de capital e press\u00e3o regulat\u00f3ria intensa.<\/p>\n<p>&#8220;Vivemos uma conjuntura de desafios estruturais e de produtividade. Quest\u00f5es como custos elevados de capital, infraestrutura deficiente e complexa press\u00e3o regulat\u00f3ria ainda nos imp\u00f5em barreiras importantes para o avan\u00e7o do setor&#8221;, afirmou Sobrinho, ressaltando que a baixa integra\u00e7\u00e3o da cadeia log\u00edstica, a fragmenta\u00e7\u00e3o do mercado e a escassez de m\u00e3o de obra qualificada s\u00e3o fatores determinantes para a competitividade nacional.<\/p>\n<p>O presidente da BBM tamb\u00e9m destacou que a transforma\u00e7\u00e3o do setor passa pela mudan\u00e7a de paradigma: &#8220;Precisamos enxergar a log\u00edstica n\u00e3o mais como um custo a ser reduzido, mas sim como um ativo estrat\u00e9gico que gera vantagem competitiva. Para isso, investimentos em tecnologia, integra\u00e7\u00e3o operacional e capacita\u00e7\u00e3o de pessoas s\u00e3o fundamentais&#8221;.<\/p>\n<p><b>Esp\u00edrito Santo: um hub log\u00edstico estrat\u00e9gico<\/b>\n <\/p>\n<p>O presidente do Sindiex (Sindicato do Com\u00e9rcio de exporta\u00e7\u00e3o e importa\u00e7\u00e3o do estado do Esp\u00edrito Santo), Sidemar de Lima Acosta, abriu o evento mostrando a atua\u00e7\u00e3o do Comit\u00ea de Log\u00edstica que funciona como um canal permanente para consolidar demandas sobre transporte, armazenagem, portos, aeroportos, retro\u00e1reas e multimodalidade, articulando solu\u00e7\u00f5es com autoridades e operadores.<\/p>\n<p>Acosta  refor\u00e7ou a posi\u00e7\u00e3o do Esp\u00edrito Santo como hub log\u00edstico de relev\u00e2ncia nacional, destacando sua localiza\u00e7\u00e3o geogr\u00e1fica privilegiada, infraestrutura portu\u00e1ria eficiente e capacidade de atender aproximadamente 70% do PIB brasileiro em um raio de 1.100 km.<\/p>\n<p>&#8220;O Esp\u00edrito Santo est\u00e1 preparado para assumir novo protagonismo log\u00edstico, com um ambiente aberto a investimentos, inova\u00e7\u00e3o e colabora\u00e7\u00e3o entre todos os elos da cadeia. O di\u00e1logo entre empresas, governo e sociedade civil \u00e9 fundamental para consolidar o estado como hub log\u00edstico nacional&#8221;, comentou.<\/p>\n<p><b>Integra\u00e7\u00e3o multimodal e infraestrutura como vetores de crescimento<\/b>\n <\/p>\n<p>Em sua participa\u00e7\u00e3o no Encontro Log\u00edstico, o presidente do Transcares (entidade representativa das empresas de transporte de cargas e log\u00edstica do ES), Luiz Alberto Teixeira, destacou que a integra\u00e7\u00e3o entre os diferentes modais de transporte \u00e9 pe\u00e7a-chave para reduzir o &#8220;Custo Brasil&#8221; e elevar a competitividade log\u00edstica nacional.<\/p>\n<p>&#8220;A sincroniza\u00e7\u00e3o entre portos, aeroportos, armaz\u00e9ns atacadistas, distribuidores e portos secos j\u00e1 est\u00e1 criando um ecossistema eficiente. Projetos como o PARKLOG BR ES, iniciativa do governo estadual, ser\u00e3o fundamentais para fortalecer essa integra\u00e7\u00e3o e consolidar o Esp\u00edrito Santo como centro de sinergia log\u00edstica&#8221;, afirmou Teixeira.<\/p>\n<p>Teixeira tamb\u00e9m destacou que os pr\u00f3ximos cinco anos dever\u00e3o trazer transforma\u00e7\u00f5es profundas, com maior digitaliza\u00e7\u00e3o, automa\u00e7\u00e3o e sustentabilidade, al\u00e9m da valoriza\u00e7\u00e3o dos modais ferrovi\u00e1rio e de cabotagem em rela\u00e7\u00e3o ao rodovi\u00e1rio. &#8220;Estamos vivendo um momento de transi\u00e7\u00e3o estrutural. Quem souber integrar tecnologia, infraestrutura e pessoas sair\u00e1 na frente&#8221;, completou.<\/p>\n<p><b>Inova\u00e7\u00e3o tecnol\u00f3gica: cases de transforma\u00e7\u00e3o digital<\/b>\n <\/p>\n<p>Guilherme Cavalcante, gerente regional de opera\u00e7\u00f5es da Suzano, apresentou o case &#8220;Celulose Inteligente&#8221;. Ele demonstrou como a intelig\u00eancia artificial j\u00e1 transforma processos na cadeia log\u00edstica da Suzano, implementando modelos preditivos, sistemas automatizados e recursos de IA generativa que otimizam decis\u00f5es e colaboram para a efici\u00eancia global da opera\u00e7\u00e3o. A IA, segundo Cavalcante, j\u00e1 reduziu custos, acelerou o onboarding de equipes e alavancou resultados ambientais.<\/p>\n<p>A palestra refor\u00e7ou ainda as tend\u00eancias globais que j\u00e1 est\u00e3o presentes no Brasil, como machine learning para previs\u00e3o de demanda, otimiza\u00e7\u00e3o de rotas inteligentes e manuten\u00e7\u00e3o preditiva de frotas, tecnologias que podem reduzir custos log\u00edsticos em at\u00e9 15% e melhorar a gest\u00e3o de invent\u00e1rios em 35%, segundo estudos da McKinsey.<\/p>\n<p><b>Vports: pioneirismo na gest\u00e3o portu\u00e1ria privada<\/b>\n <\/p>\n<p>Bruno Segrini, gerente de planejamento e intelig\u00eancia de mercado da Vports, apresentou o case &#8220;Vports: Primeira Autoridade Portu\u00e1ria Privada do Pa\u00eds&#8221;, destacando o modelo inovador de gest\u00e3o, orientada por dados, dos terminais de Vit\u00f3ria, Vila Velha e Aracruz.<\/p>\n<p>Segrini detalhou a experi\u00eancia da primeira autoridade portu\u00e1ria privada do pa\u00eds, respons\u00e1vel pela gest\u00e3o dos terminais de Vit\u00f3ria, Vila Velha e Aracruz. O projeto Vports apresenta integra\u00e7\u00e3o modal, investimentos em infraestrutura, digitaliza\u00e7\u00e3o e sustentabilidade, tudo isso para elevar previsibilidade, produtividade e qualidade de servi\u00e7o.<\/p>\n<p><b>Transforma\u00e7\u00e3o log\u00edstica: o case General Mills<\/b>\n <\/p>\n<p>Em seu painel sobre tecnologia e inova\u00e7\u00e3o, Rodrigo Luciano Batista da Silva, gerente nacional de transportes da General Mills Brasil, compartilhou a experi\u00eancia da empresa na transforma\u00e7\u00e3o de sua malha log\u00edstica, marcada pela moderniza\u00e7\u00e3o de centros de distribui\u00e7\u00e3o, parcerias estrat\u00e9gicas com operadores log\u00edsticos e pr\u00e1ticas de sustentabilidade que elevam o padr\u00e3o de servi\u00e7o do varejo alimentar.<\/p>\n<p><b>E-commerce e log\u00edstica da venda online<\/b>\n <\/p>\n<p>Em seguida, Caio Gamberini, gerente de opera\u00e7\u00f5es da Ybera Paris, apresentou o case &#8220;Ybera: Log\u00edstica da venda por e-commerce&#8221;, destacando como a empresa capixaba de cosm\u00e9ticos profissionais estruturou sua opera\u00e7\u00e3o log\u00edstica para atender o modelo de Live Commerce, que gerou R$ 200 milh\u00f5es em vendas e atinge transmiss\u00f5es com mais de 700 mil espectadores simult\u00e2neos.<\/p>\n<p>A iniciativa demandou uma reconfigura\u00e7\u00e3o de processos, desde planejamento de demanda at\u00e9 fulfillment, last mile e servi\u00e7o ao cliente.<\/p>\n<p><b>Painel de tecnologia e inova\u00e7\u00e3o<\/b>\n <\/p>\n<p>O painel final reuniu representantes da Ybera Paris, BBM e Sindiex para debater IA, automa\u00e7\u00e3o e digitaliza\u00e7\u00e3o no supply chain, enfatizando como dados em tempo real e sustentabilidade impulsionam o last mile e a competitividade, com o e-commerce como catalisador de mudan\u00e7as.<\/p>\n<p>Os debatedores concordaram que a colabora\u00e7\u00e3o entre entidades como o Comit\u00ea de Log\u00edstica do Sindiex, que centraliza demandas sobre armazenagem, portos e multimodalidade, \u00e9 vital para visitas t\u00e9cnicas e pol\u00edticas que acelerem a ado\u00e7\u00e3o tecnol\u00f3gica.<\/p>\n<p><b>Di\u00e1logo, coopera\u00e7\u00e3o e inova\u00e7\u00e3o<\/b>\n <\/p>\n<p>Juliana Blumenthal, gerente geral de marketing da BBM Log\u00edstica, enfatizou a import\u00e2ncia estrat\u00e9gica do evento para o fortalecimento do ecossistema log\u00edstico capixaba. Ela explica que o Encontro Log\u00edstico nasceu com o prop\u00f3sito de criar um espa\u00e7o permanente de di\u00e1logo qualificado, troca de boas pr\u00e1ticas e constru\u00e7\u00e3o de parcerias estrat\u00e9gicas.<\/p>\n<p>&#8220;A BBM acredita que o futuro da log\u00edstica \u00e9 colaborativo. Ao conectarmos profissionais, empresas e institui\u00e7\u00f5es, todo o ecossistema ganha. S\u00f3 assim conseguiremos elevar o padr\u00e3o de servi\u00e7o no setor log\u00edstico&#8221;, conclui.<\/p>\n<p>Foto &#8211; <a href=\"https:\/\/mma.prnewswire.com\/media\/2795206\/Imagem_Evento_BBM.jpg\" target=\"_blank\" rel=\"nofollow\">https:\/\/mma.prnewswire.com\/media\/2795206\/Imagem_Evento_BBM.jpg<\/a><\/p>\n<div class=\"PRN_ImbeddedAssetReference\" id=\"DivAssetPlaceHolder0\"><\/div>\n<p id=\"PURL\">\n<img loading=\"lazy\" decoding=\"async\" title=\"Cision\" width=\"12\" height=\"12\" alt=\"Cision\" src=\"https:\/\/edge.prnewswire.com\/c\/img\/favicon.png?sn=PT96874&amp;sd=2025-10-13\" \/> View original content to download multimedia:<a id=\"PRNURL\" rel=\"nofollow\" href=\"https:\/\/www.prnewswire.com\/br\/comunicados-para-a-imprensa\/bbm-logistica-reune-profissionais-de-logistica-em-vitoria-para-discutir-o-futuro-do-setor-302582547.html\" target=\"_blank\">https:\/\/www.prnewswire.com\/br\/comunicados-para-a-imprensa\/bbm-logistica-reune-profissionais-de-logistica-em-vitoria-para-discutir-o-futuro-do-setor-302582547.html<\/a><\/p>\n<p>FONTE BBM Log\u00edstica<\/p>\n<\/p><\/div>\n<p>  <img decoding=\"async\" alt=\"\" src=\"https:\/\/rt.prnewswire.com\/rt.gif?NewsItemId=PT96874&amp;Transmission_Id=202510131817PR_NEWS_LATAM____PT96874&amp;DateId=20251013\" style=\"border:0px;width:1px;height:1px\" \/><\/p>\n<p><strong>T\u00f3picos Relacionados:<\/strong> Pesquisa, Enquetes e Estudos, Investimento Socialmente Respons\u00e1vel, Telecomunica\u00e7\u00f5es, Tecnologia de Internet, Ambiental, Social e Governan\u00e7a, Intelig\u00eancia Artificial<\/p>\n<p>A <b>OESP<\/b> n\u00e3o \u00e9(s\u00e3o) respons\u00e1vel(is) por erros, incorre\u00e7\u00f5es, atrasos ou quaisquer decis\u00f5es tomadas por seus clientes com base nos Conte\u00fados ora disponibilizados, bem como tais Conte\u00fados n\u00e3o representam a opini\u00e3o da <b>OESP<\/b> e s\u00e3o de inteira responsabilidade da <b>PR Newswire Ltda<\/b><\/p>\n","protected":false},"excerpt":{"rendered":"Vit\u00f3ria, Brazil, 13 de outubro de 2025 \/PRNewswire\/ &#8212; Na \u00faltima sexta-feira, dia 10, mais de 300 profissionais do setor log\u00edstico e representantes de empresas capixabas se reuniram em um","protected":false},"author":1,"featured_media":117392,"comment_status":"open","ping_status":"closed","sticky":false,"template":"","format":"standard","meta":{"_acf_changed":false,"inline_featured_image":false,"_monsterinsights_skip_tracking":false,"_monsterinsights_sitenote_active":false,"_monsterinsights_sitenote_note":"","_monsterinsights_sitenote_category":0,"footnotes":""},"categories":[27],"tags":[3207,3208,3206],"class_list":["post-117391","post","type-post","status-publish","format-standard","has-post-thumbnail","hentry","category-prnewswire","tag-dia-10","tag-mais-de-300-profissionais-do-setor-logistico-e-representantes-de-empresas-capixabas-se-reuniram-em-um-evento-onde-foram-apresentadas-discussoes-sobr","tag-na-ultima-sexta-feira"],"acf":[],"_links":{"self":[{"href":"https:\/\/bluestudio.estadao.com.br\/agencia-de-comunicacao\/wp-json\/wp\/v2\/posts\/117391","targetHints":{"allow":["GET"]}}],"collection":[{"href":"https:\/\/bluestudio.estadao.com.br\/agencia-de-comunicacao\/wp-json\/wp\/v2\/posts"}],"about":[{"href":"https:\/\/bluestudio.estadao.com.br\/agencia-de-comunicacao\/wp-json\/wp\/v2\/types\/post"}],"author":[{"embeddable":true,"href":"https:\/\/bluestudio.estadao.com.br\/agencia-de-comunicacao\/wp-json\/wp\/v2\/users\/1"}],"replies":[{"embeddable":true,"href":"https:\/\/bluestudio.estadao.com.br\/agencia-de-comunicacao\/wp-json\/wp\/v2\/comments?post=117391"}],"version-history":[{"count":0,"href":"https:\/\/bluestudio.estadao.com.br\/agencia-de-comunicacao\/wp-json\/wp\/v2\/posts\/117391\/revisions"}],"wp:featuredmedia":[{"embeddable":true,"href":"https:\/\/bluestudio.estadao.com.br\/agencia-de-comunicacao\/wp-json\/wp\/v2\/media\/117392"}],"wp:attachment":[{"href":"https:\/\/bluestudio.estadao.com.br\/agencia-de-comunicacao\/wp-json\/wp\/v2\/media?parent=117391"}],"wp:term":[{"taxonomy":"category","embeddable":true,"href":"https:\/\/bluestudio.estadao.com.br\/agencia-de-comunicacao\/wp-json\/wp\/v2\/categories?post=117391"},{"taxonomy":"post_tag","embeddable":true,"href":"https:\/\/bluestudio.estadao.com.br\/agencia-de-comunicacao\/wp-json\/wp\/v2\/tags?post=117391"}],"curies":[{"name":"wp","href":"https:\/\/api.w.org\/{rel}","templated":true}]}}