{"id":117301,"date":"2025-10-10T10:50:00","date_gmt":"2025-10-10T13:50:00","guid":{"rendered":"https:\/\/bluestudio.estadao.com.br\/agencia-de-comunicacao\/markable-comunicacao\/renda-extra-como-conciliar-o-empreendedorismo-com-emprego-formal\/"},"modified":"2025-10-10T10:50:00","modified_gmt":"2025-10-10T13:50:00","slug":"renda-extra-como-conciliar-o-empreendedorismo-com-emprego-formal","status":"publish","type":"post","link":"https:\/\/bluestudio.estadao.com.br\/agencia-de-comunicacao\/markable-comunicacao-homework\/renda-extra-como-conciliar-o-empreendedorismo-com-emprego-formal\/","title":{"rendered":"Renda extra: como conciliar o empreendedorismo com emprego formal?"},"content":{"rendered":"<p><i>Comunicar sua empresa e criar um planejamento estrat\u00e9gico s\u00e3o os primeiros passos para quem deseja come\u00e7ar <\/i><\/p>\n<p>Trocar o CLT pelo empreendedorismo \u00e9 uma decis\u00e3o que implica em diversos fatores da vida profissional e financeira. Para quem ainda n\u00e3o se sente seguro para fazer essa transi\u00e7\u00e3o por completo, a op\u00e7\u00e3o \u00e9 conciliar o trabalho formal com um neg\u00f3cio de forma paralela, como uma renda extra. Fazer a tarefa de dupla jornada exige planejamento, organiza\u00e7\u00e3o e muito foco. Dar esse primeiro passo e apostar na escolha de uma microfranquia, pode ser a melhor sa\u00edda.<\/p>\n<p>Marco Lisboa \u00e9 multiempreendedor e CEO da KoalaCar, uma microfranquia de limpeza a seco de ve\u00edculos, com baixo custo, r\u00e1pido retorno e consci\u00eancia ambiental. \u201cA marca foi pensada justamente para quem deseja conciliar o neg\u00f3cio com um outro emprego, j\u00e1 que o franqueado faz seu pr\u00f3prio hor\u00e1rio e decide como vai ser sua rotina de trabalho\u201d, diz.<\/p>\n<p>Al\u00e9m da flexibilidade de hor\u00e1rios, \u00e9 preciso criar outras estrat\u00e9gias, aconselha Marco Lisboa:<\/p>\n<li><b>Regularize seu neg\u00f3cio<\/b><\/li>\n<p>Antes de come\u00e7ar, certifique-se de que o seu contrato de trabalho permite atividades paralelas ao emprego formal. Caso seja permitido, regularize seu empreendimento, abrindo um MEI (Microempreendedor Individual) ou um outro modelo adequado, garantindo que ele esteja dentro da lei. Consulte um contador ou um escrit\u00f3rio de contabilidade para saber qual op\u00e7\u00e3o voc\u00ea se enquadra.<\/p>\n<li><b>Planejamento do tempo<\/b><\/li>\n<p>Liste as tarefas mais importantes do seu trabalho formal e do seu empreendimento. Estabele\u00e7a prioridades e defina o que precisa ser feito diariamente, semanalmente e mensalmente.<\/p>\n<p>\u201cOrganize seu dia com hor\u00e1rios espec\u00edficos para cada atividade, use ferramentas como agendas digitais ou planners f\u00edsicos para otimizar seu tempo e aproveite hor\u00e1rios livres ou os finais de semana para se dedicar ao seu neg\u00f3cio\u201d,<\/p>\n<li><b>Entenda a sua realidade <\/b><\/li>\n<p>Cada um tem uma rotina e uma demanda de trabalho diferente. Se for poss\u00edvel, tente terceirizar algumas atividades no seu empreendimento ou simplifique processos. Escolher um modelo de neg\u00f3cio que n\u00e3o exija dedica\u00e7\u00e3o integral no in\u00edcio, como servi\u00e7os por hor\u00e1rios e prazos mais estendidos, pode ser mais interessante.<\/p>\n<li><b>Automatize processos<\/b><\/li>\n<p>Ferramentas de gest\u00e3o financeira, redes sociais e plataformas de e-commerce podem economizar tempo, ent\u00e3o use a tecnologia ao seu favor.<\/p>\n<li><b>Defina limites <\/b><\/li>\n<p>N\u00e3o misture o trabalho formal com o empreendedorismo. Respeite as regras da sua empresa atual e dedique-se ao seu neg\u00f3cio apenas fora do hor\u00e1rio de expediente. Crie mensagens autom\u00e1ticas falando do hor\u00e1rio de atendimento e responda d\u00favidas apenas em hor\u00e1rios de pausas.<\/p>\n<li><b>Tenha metas financeiras<\/b><\/li>\n<p>Crie objetivos, metas palp\u00e1veis e planeje quanto quer ganhar com o empreendimento para entender quanto esfor\u00e7o ser\u00e1 necess\u00e1rio. Invista no seu neg\u00f3cio de forma gradual, sem comprometer seu or\u00e7amento mensal<\/p>\n<li><b>Baixo investimento<\/b><\/li>\n<p>Para quem usar o dinheiro do d\u00e9cimo terceiro e de bonifica\u00e7\u00f5es para empreender ainda em 2025, a partir de R$15 mil \u00e9 poss\u00edvel ter uma franquia da KoalaCar, que pode ser aberta em cidades a partir de 5 mil habitantes e faturar em m\u00e9dia R$ 25 mil, com retorno previsto entre 6 a 12 meses.<\/p>\n<p>A <b>OESP<\/b> n\u00e3o \u00e9(s\u00e3o) respons\u00e1vel(is) por erros, incorre\u00e7\u00f5es, atrasos ou quaisquer decis\u00f5es tomadas por seus clientes com base nos Conte\u00fados ora disponibilizados, bem como tais Conte\u00fados n\u00e3o representam a opini\u00e3o da <b>OESP<\/b> e s\u00e3o de inteira responsabilidade da <b>Markable Comunica\u00e7\u00e3o<\/b><\/p>\n","protected":false},"excerpt":{"rendered":"Comunicar sua empresa e criar um planejamento estrat\u00e9gico s\u00e3o os primeiros passos para quem deseja come\u00e7ar Trocar o CLT pelo empreendedorismo \u00e9 uma decis\u00e3o que implica em diversos fatores da vida","protected":false},"author":1,"featured_media":117302,"comment_status":"open","ping_status":"closed","sticky":false,"template":"","format":"standard","meta":{"_acf_changed":false,"inline_featured_image":false,"_monsterinsights_skip_tracking":false,"_monsterinsights_sitenote_active":false,"_monsterinsights_sitenote_note":"","_monsterinsights_sitenote_category":0,"footnotes":""},"categories":[552],"tags":[],"class_list":["post-117301","post","type-post","status-publish","format-standard","has-post-thumbnail","hentry","category-markable-comunicacao-homework"],"acf":[],"_links":{"self":[{"href":"https:\/\/bluestudio.estadao.com.br\/agencia-de-comunicacao\/wp-json\/wp\/v2\/posts\/117301","targetHints":{"allow":["GET"]}}],"collection":[{"href":"https:\/\/bluestudio.estadao.com.br\/agencia-de-comunicacao\/wp-json\/wp\/v2\/posts"}],"about":[{"href":"https:\/\/bluestudio.estadao.com.br\/agencia-de-comunicacao\/wp-json\/wp\/v2\/types\/post"}],"author":[{"embeddable":true,"href":"https:\/\/bluestudio.estadao.com.br\/agencia-de-comunicacao\/wp-json\/wp\/v2\/users\/1"}],"replies":[{"embeddable":true,"href":"https:\/\/bluestudio.estadao.com.br\/agencia-de-comunicacao\/wp-json\/wp\/v2\/comments?post=117301"}],"version-history":[{"count":0,"href":"https:\/\/bluestudio.estadao.com.br\/agencia-de-comunicacao\/wp-json\/wp\/v2\/posts\/117301\/revisions"}],"wp:featuredmedia":[{"embeddable":true,"href":"https:\/\/bluestudio.estadao.com.br\/agencia-de-comunicacao\/wp-json\/wp\/v2\/media\/117302"}],"wp:attachment":[{"href":"https:\/\/bluestudio.estadao.com.br\/agencia-de-comunicacao\/wp-json\/wp\/v2\/media?parent=117301"}],"wp:term":[{"taxonomy":"category","embeddable":true,"href":"https:\/\/bluestudio.estadao.com.br\/agencia-de-comunicacao\/wp-json\/wp\/v2\/categories?post=117301"},{"taxonomy":"post_tag","embeddable":true,"href":"https:\/\/bluestudio.estadao.com.br\/agencia-de-comunicacao\/wp-json\/wp\/v2\/tags?post=117301"}],"curies":[{"name":"wp","href":"https:\/\/api.w.org\/{rel}","templated":true}]}}