{"id":117166,"date":"2025-10-08T16:05:00","date_gmt":"2025-10-08T19:05:00","guid":{"rendered":"https:\/\/bluestudio.estadao.com.br\/agencia-de-comunicacao\/agencia-memoria-da-eletricidade\/arquivos-pessoais-e-historias-de-vida-da-experiencia-individual-a-memoria-do-setor-eletrico-brasileiro\/"},"modified":"2025-10-08T16:05:00","modified_gmt":"2025-10-08T19:05:00","slug":"arquivos-pessoais-e-historias-de-vida-da-experiencia-individual-a-memoria-do-setor-eletrico-brasileiro","status":"publish","type":"post","link":"https:\/\/bluestudio.estadao.com.br\/agencia-de-comunicacao\/agencia-memoria-da-eletricidade\/arquivos-pessoais-e-historias-de-vida-da-experiencia-individual-a-memoria-do-setor-eletrico-brasileiro\/","title":{"rendered":"Arquivos pessoais e hist\u00f3rias de vida: da experi\u00eancia individual \u00e0 mem\u00f3ria do Setor El\u00e9trico Brasileiro."},"content":{"rendered":"<p>Entre o que a mem\u00f3ria guarda e o que o tempo desfaz, existe um intervalo feito de lacunas, rastros e inten\u00e7\u00f5es que desafia os pesquisadores e encanta os que se dedicam \u00e0 preserva\u00e7\u00e3o das experi\u00eancias humanas. Compreender esse intervalo \u00e9 essencial para quem trabalha com arquivos pessoais, pois \u00e9 nele que a vida se mistura \u00e0 hist\u00f3ria, revelando o quanto os documentos podem ultrapassar seu car\u00e1ter t\u00e9cnico e se transformar em testemunhos de trajet\u00f3rias, afetos e escolhas.<\/p>\n<p>No Brasil, o interesse pela preserva\u00e7\u00e3o da mem\u00f3ria ganhou for\u00e7a a partir da d\u00e9cada de 1980, quando ocorre um not\u00f3rio crescimento dos centros de mem\u00f3ria no pa\u00eds. Esse movimento esteve diretamente ligado \u00e0 conjuntura pol\u00edtica e social daquele momento, em meio ao processo de redemocratiza\u00e7\u00e3o e sob a emerg\u00eancia de a\u00e7\u00f5es visando \u00e0 preserva\u00e7\u00e3o da cultura e da identidade das organiza\u00e7\u00f5es. O Centro da Mem\u00f3ria da Eletricidade no Brasil, ou apenas Mem\u00f3ria da Eletricidade, surge nesse contexto. Institu\u00edda em 1986 por iniciativa da Eletrobras e de outras empresas do setor, \u00e9 uma entidade cultural sem fins econ\u00f4micos cujo objetivo \u00e9 resguardar e disseminar a hist\u00f3ria da energia el\u00e9trica no Brasil.<\/p>\n<p>Quase quarenta anos depois, o que come\u00e7ou como um projeto pioneiro transformou-se em um acervo vasto e plural. O acervo da institui\u00e7\u00e3o se consolidou como um dos mais abrangentes da \u00e1rea e o que mais chama aten\u00e7\u00e3o \u00e9 que mais da metade desse patrim\u00f4nio \u00e9 formado por arquivos pessoais, produzidos e acumulados por engenheiros e personalidades do setor ao longo de suas trajet\u00f3rias.<\/p>\n<p>S\u00e3o documentos que atravessam mais de um s\u00e9culo. Registram a constitui\u00e7\u00e3o de grandes empresas, a expans\u00e3o de empreendimentos hidrel\u00e9tricos, termoel\u00e9tricos e nucleares, mas tamb\u00e9m guardam marcas dos impactos pol\u00edticos e sociais desse avan\u00e7o tecnol\u00f3gico. Entre pap\u00e9is de trabalho, fotos de fam\u00edlia, lembran\u00e7as de comemora\u00e7\u00f5es e mem\u00f3rias cotidianas esses acervos preservam n\u00e3o s\u00f3 a trajet\u00f3ria do setor el\u00e9trico, mas sobretudo hist\u00f3rias de vida. E \u00e9 justamente a\u00ed que revelam sua riqueza: quando mostram a dimens\u00e3o humana que pulsa por tr\u00e1s das grandes obras de engenharia.<\/p>\n<figure>\n  <img decoding=\"async\" src=\"https:\/\/www.estadaoconteudo.com.br\/RSS\/images\/AME20251008160506945006-arquivospessoase-1.jpg\" alt=\"Imagem 1 Lucas Lopes (\u00e0 direita), \u00e0 margem da Cachoeira Dourada | Acervo Mem\u00f3ria da Eletricidade\"><figcaption>Imagem 1 Lucas Lopes (\u00e0 direita), \u00e0 margem da Cachoeira Dourada | Acervo Mem\u00f3ria da Eletricidade<\/figcaption><\/figure>\n<p>O do engenheiro Lucas Lopes \u00e9 um exemplo emblem\u00e1tico. Al\u00e9m dos documentos ligados \u00e0 sua vida p\u00fablica, sobretudo sua passagem pelo Minist\u00e9rio da Fazenda no governo Juscelino Kubitschek, o acervo guarda lembran\u00e7as \u00edntimas: um <i>clipping<\/i> produzido por seu pai, pap\u00e9is de sua esposa, Esther P\u00e1dua, e fotografias tiradas no per\u00edodo em que foram realizados estudos para a constru\u00e7\u00e3o de Bras\u00edlia. Algumas dessas imagens trazem, no verso, elogios enigm\u00e1ticos, que poderiam ser dirigidos ao engenheiro ou talvez \u00e0 paisagem que o rodeava.<\/p>\n<p>O maior acervo pessoal sob guarda da institui\u00e7\u00e3o \u00e9 o do engenheiro John Cotrim. Composto em grande parte por documentos administrativos e t\u00e9cnicos, alguns altamente sigilosos \u00e0 \u00e9poca, ele foi doado em tr\u00eas momentos: pelo pr\u00f3prio titular, por um familiar e por um grande amigo. Entre os pap\u00e9is, est\u00e1 um conjunto precioso ligado ao planejamento e \u00e0 constru\u00e7\u00e3o da usina de Itaipu, incluindo registros das negocia\u00e7\u00f5es diplom\u00e1ticas entre Brasil e Paraguai. Somam-se a esse n\u00facleo as cartas que Cotrim trocou e acumulou com engenheiros que expressavam tanto apoio quanto cr\u00edticas \u00e0 obra. Esse di\u00e1logo registrado evidencia a dimens\u00e3o pessoal do acervo, pois mostra como as rela\u00e7\u00f5es, tens\u00f5es e opini\u00f5es individuais se entrela\u00e7am \u00e0 mem\u00f3ria de um dos maiores empreendimentos do setor el\u00e9trico brasileiro.<\/p>\n<figure>\n  <img decoding=\"async\" src=\"https:\/\/www.estadaoconteudo.com.br\/RSS\/images\/AME20251008160506945006-arquivospessoase-2.jpg\" alt=\"Imagem 2 John Cotrim e estudos de energia | Acervo Mem\u00f3ria da Eletricidade\"><figcaption>Imagem 2 John Cotrim e estudos de energia | Acervo Mem\u00f3ria da Eletricidade<\/figcaption><\/figure>\n<p>Outro arquivo de destaque \u00e9 o do engenheiro Mauro Thibau, cuja vida foi narrada em livro publicado pela Mem\u00f3ria da Eletricidade em 1997. Doado em 1992, o conjunto re\u00fane mais de 300 documentos textuais e 350 fotografias, com \u00eanfase em sua atua\u00e7\u00e3o \u00e0 frente do Minist\u00e9rio de Minas e Energia entre 1964 e 1967. A correspond\u00eancia preservada traz di\u00e1logos com figuras centrais do setor el\u00e9trico, como Oct\u00e1vio Marcondes Ferraz e Benedito Dutra, e tamb\u00e9m com personagens do cen\u00e1rio pol\u00edtico, entre eles, Castello Branco, Israel Pinheiro, Magalh\u00e3es Pinto e Eug\u00eanio Gudin. Entre os registros mais emblem\u00e1ticos est\u00e1 a fotografia em que Thibau aparece ao lado do povo ind\u00edgena ianom\u00e2mi. \u00c0 primeira vista, a cena poderia ser interpretada como um estudo geogr\u00e1fico para aproveitamento hidrel\u00e9trico, mas, na realidade, o engenheiro investigava uma den\u00fancia feita pelos pr\u00f3prios ianom\u00e2mis sobre extra\u00e7\u00e3o ilegal de min\u00e9rios por estrangeiros.<\/p>\n<figure>\n  <img decoding=\"async\" src=\"https:\/\/www.estadaoconteudo.com.br\/RSS\/images\/AME20251008160506945006-arquivospessoase-3.jpg\" alt=\"Imagem 3 Mauro Thibau e ind\u00edgenas Ianom\u00e2mis | Acervo Mem\u00f3ria da Eletricidade\"><figcaption>Imagem 3 Mauro Thibau e ind\u00edgenas Ianom\u00e2mis | Acervo Mem\u00f3ria da Eletricidade<\/figcaption><\/figure>\n<p>A diversidade dos acervos pessoais revela outro aspecto: a subjetividade que permeia a produ\u00e7\u00e3o e o ac\u00famulo desses documentos. Muitas vezes, o que n\u00e3o est\u00e1 registrado \u00e9 t\u00e3o revelador quanto o que foi documentado. O sil\u00eancio de um arquivo tamb\u00e9m fala. Ele pode indicar escolhas conscientes do titular sobre o que preservar e o que descartar, mas tamb\u00e9m pode refletir esquecimentos, apagamentos ou simplesmente o acaso.<\/p>\n<p>Essas aus\u00eancias desafiam os pesquisadores. Ao mesmo tempo em que oferecem lacunas, tamb\u00e9m instigam novas perguntas: por que certos epis\u00f3dios n\u00e3o foram registrados? Que vers\u00f5es da hist\u00f3ria emergem justamente daquilo que n\u00e3o foi contado?<\/p>\n<p>Quando se trata de arquivos pessoais esses vazios se entrela\u00e7am aos registros existentes, compondo narrativas fragmentadas, mas profundamente humanas. Afinal, a vida n\u00e3o se deixa aprisionar por completo em pap\u00e9is, imagens ou objetos. O que falta no arquivo \u00e9, muitas vezes, t\u00e3o expressivo quanto o que nele permanece.<\/p>\n<p>E entendendo essa multiplicidade de possibilidades e sentidos, o olhar da Mem\u00f3ria da Eletricidade para esses conjuntos documentais parte de uma premissa fundamental: os registros pessoais n\u00e3o se limitam \u00e0 vida profissional. Eles devem abarcar tamb\u00e9m rela\u00e7\u00f5es familiares e sociais, pois s\u00e3o esses fragmentos que ajudam a compreender a complexidade humana por tr\u00e1s da figura p\u00fablica. Cada arquivo pessoal oferece uma vis\u00e3o singular da experi\u00eancia cotidiana. Mesmo nos documentos mais formais, quase sempre h\u00e1 um tra\u00e7o particular, uma inten\u00e7\u00e3o \u00fanica, uma mem\u00f3ria que escapa a qualquer regra. E \u00e9 justamente nessa unicidade, nessa mistura de vida \u00edntima e hist\u00f3ria coletiva, que reside a beleza desses acervos, t\u00e3o m\u00faltiplos quanto indispens\u00e1veis para a compreens\u00e3o da mem\u00f3ria do setor el\u00e9trico brasileiro.<\/p>\n<p><b>Sobre a Mem\u00f3ria da Eletricidade<\/b><\/p>\n<p>A Mem\u00f3ria da Eletricidade \u00e9 uma institui\u00e7\u00e3o sem fins lucrativos dedicada \u00e0 preserva\u00e7\u00e3o e difus\u00e3o da hist\u00f3ria do setor el\u00e9trico brasileiro. Desde 1986, realiza projetos de pesquisa hist\u00f3rica, conserva\u00e7\u00e3o de acervos, produ\u00e7\u00e3o de publica\u00e7\u00f5es e coleta de relatos de hist\u00f3ria oral, promovendo o conhecimento sobre a trajet\u00f3ria e os desafios da energia no Brasil. Seu acervo re\u00fane milhares de documentos, fotografias, v\u00eddeos e registros sonoros que contam a evolu\u00e7\u00e3o do setor el\u00e9trico e podem ser acessados gratuitamente pelo site<\/p>\n<p><a href=\"https:\/\/www.memoriadaeletricidade.com.br\" target=\"_blank\"><u>www.memoriadaeletricidade.com.br<\/u><\/a>.<\/p>\n<p><b>Refer\u00eancias<\/b><\/p>\n<p>CAMARGO, Ana Maria; GOULART, Silvana. <b>Centros de Mem\u00f3ria. Uma proposta de defini\u00e7\u00e3o<\/b>. S\u00e3o Paulo: Sesc S\u00e3o Paulo, 2015.<\/p>\n<p>MEM\u00d3RIA DA ELETRICIDADE. <b>Guia de Arquivos Pessoais da Mem\u00f3ria da Eletricidade<\/b> [on-line].<\/p>\n<p>SANTOS, Amanda Carvalho dos. <b>Centro da Mem\u00f3ria da Eletricidade no Brasil: diagn\u00f3stico do acervo de arquivos pessoais e proposta de uma pol\u00edtica de aquisi\u00e7\u00e3o.<\/b> Rio de Janeiro, 2018.<\/p>\n<p>HEYMANN, Luciana Quillet. <b>Indiv\u00edduo, mem\u00f3ria e res\u00edduo hist\u00f3rico: uma reflex\u00e3o <\/b> <b>sobre\u00a0 arquivos<\/b> <b> pessoais e o caso Filinto M\u00fcller.<\/b> Revista Estudos Hist\u00f3ricos, Rio de Janeiro, v.10, n. 19, p. 41-60, 1997.<\/p>\n<p>Cr\u00e9ditos: Acervo Mem\u00f3ria da Eletricidade no Brasil<\/p>\n<p>A <b>OESP<\/b> n\u00e3o \u00e9(s\u00e3o) respons\u00e1vel(is) por erros, incorre\u00e7\u00f5es, atrasos ou quaisquer decis\u00f5es tomadas por seus clientes com base nos Conte\u00fados ora disponibilizados, bem como tais Conte\u00fados n\u00e3o representam a opini\u00e3o da <b>OESP<\/b> e s\u00e3o de inteira responsabilidade da <b>Ag\u00eancia Mem\u00f3ria da Eletricidade<\/b><\/p>\n","protected":false},"excerpt":{"rendered":"Entre o que a mem\u00f3ria guarda e o que o tempo desfaz, existe um intervalo feito de lacunas, rastros e inten\u00e7\u00f5es que desafia os pesquisadores e encanta os que se dedicam \u00e0 preserva\u00e7\u00e3o das","protected":false},"author":1,"featured_media":117167,"comment_status":"open","ping_status":"closed","sticky":false,"template":"","format":"standard","meta":{"_acf_changed":false,"inline_featured_image":false,"_monsterinsights_skip_tracking":false,"_monsterinsights_sitenote_active":false,"_monsterinsights_sitenote_note":"","_monsterinsights_sitenote_category":0,"footnotes":""},"categories":[1680],"tags":[],"class_list":["post-117166","post","type-post","status-publish","format-standard","has-post-thumbnail","hentry","category-agencia-memoria-da-eletricidade"],"acf":[],"_links":{"self":[{"href":"https:\/\/bluestudio.estadao.com.br\/agencia-de-comunicacao\/wp-json\/wp\/v2\/posts\/117166","targetHints":{"allow":["GET"]}}],"collection":[{"href":"https:\/\/bluestudio.estadao.com.br\/agencia-de-comunicacao\/wp-json\/wp\/v2\/posts"}],"about":[{"href":"https:\/\/bluestudio.estadao.com.br\/agencia-de-comunicacao\/wp-json\/wp\/v2\/types\/post"}],"author":[{"embeddable":true,"href":"https:\/\/bluestudio.estadao.com.br\/agencia-de-comunicacao\/wp-json\/wp\/v2\/users\/1"}],"replies":[{"embeddable":true,"href":"https:\/\/bluestudio.estadao.com.br\/agencia-de-comunicacao\/wp-json\/wp\/v2\/comments?post=117166"}],"version-history":[{"count":0,"href":"https:\/\/bluestudio.estadao.com.br\/agencia-de-comunicacao\/wp-json\/wp\/v2\/posts\/117166\/revisions"}],"wp:featuredmedia":[{"embeddable":true,"href":"https:\/\/bluestudio.estadao.com.br\/agencia-de-comunicacao\/wp-json\/wp\/v2\/media\/117167"}],"wp:attachment":[{"href":"https:\/\/bluestudio.estadao.com.br\/agencia-de-comunicacao\/wp-json\/wp\/v2\/media?parent=117166"}],"wp:term":[{"taxonomy":"category","embeddable":true,"href":"https:\/\/bluestudio.estadao.com.br\/agencia-de-comunicacao\/wp-json\/wp\/v2\/categories?post=117166"},{"taxonomy":"post_tag","embeddable":true,"href":"https:\/\/bluestudio.estadao.com.br\/agencia-de-comunicacao\/wp-json\/wp\/v2\/tags?post=117166"}],"curies":[{"name":"wp","href":"https:\/\/api.w.org\/{rel}","templated":true}]}}