{"id":117033,"date":"2025-10-06T10:27:00","date_gmt":"2025-10-06T13:27:00","guid":{"rendered":"https:\/\/bluestudio.estadao.com.br\/agencia-de-comunicacao\/prnewswire\/demanda-por-personalizacao-ganha-forca-entre-clientes-mulheres-da-vwco\/"},"modified":"2025-10-06T10:27:00","modified_gmt":"2025-10-06T13:27:00","slug":"demanda-por-personalizacao-ganha-forca-entre-clientes-mulheres-da-vwco","status":"publish","type":"post","link":"https:\/\/bluestudio.estadao.com.br\/agencia-de-comunicacao\/prnewswire\/demanda-por-personalizacao-ganha-forca-entre-clientes-mulheres-da-vwco\/","title":{"rendered":"Demanda por personaliza\u00e7\u00e3o ganha for\u00e7a entre clientes mulheres da VWCO"},"content":{"rendered":"\n<div class=\"xn-content\">\n<p id=\"temp_ReleaseStart\">\n<span class=\"legendSpanClass\">S\u00c3O PAULO<\/span>, <span class=\"legendSpanClass\">6 de outubro de 2025<\/span> \/PRNewswire\/ &#8212; No m\u00eas do Outubro Rosa, a cor ganha ainda mais destaque e vai muito al\u00e9m da conscientiza\u00e7\u00e3o: est\u00e1 relacionada tamb\u00e9m \u00e0 realiza\u00e7\u00e3o de sonhos de crian\u00e7as. Esse \u00e9 o caso de Nara Irenatia, dona da empresa N3@, que tem cinco caminh\u00f5es Volkswagen e desde a inf\u00e2ncia ansiava por ter um ve\u00edculo customizado com sua cor preferida. Agora, isso \u00e9 realidade: ela acaba de receber sua mais nova unidade do Meteor 29.530.<\/p>\n<div class=\"PRN_ImbeddedAssetReference\" id=\"DivAssetPlaceHolder5310\">\n  <a href=\"https:\/\/mma.prnewswire.com\/media\/2789492\/01.html\" target=\"_blank\" rel=\"nofollow\"> <img decoding=\"async\" src=\"https:\/\/mma.prnewswire.com\/media\/2789492\/01.jpg\" title=\"\" alt=\"\" \/>  <\/a>\n<\/p>\n<\/p><\/div>\n<p class=\"prntal\">Seguindo os passos da fam\u00edlia, desde muito nova, ela acompanhava o pai nos embarques de gado e escutava repetidamente: &#8220;Desce desse caminh\u00e3o, menina! Esse servi\u00e7o \u00e9 para homem!&#8221;. Mas, enquanto os outros tentavam afast\u00e1-la daquela rotina, Nara provou que n\u00e3o existe limite para suas aspira\u00e7\u00f5es e correu atr\u00e1s de seus sonhos.<\/p>\n<p class=\"prntal\">A especializa\u00e7\u00e3o da N3@ \u00e9 o transporte de carga viva. Com sede na cidade de Coxim (MS), a empresa percorre em m\u00e9dia 20 mil km por m\u00eas, cruzando outros estados como Paran\u00e1, S\u00e3o Paulo, Mato Grosso, Minas Gerais, Rond\u00f4nia e Acre. &#8220;Enquanto muitas meninas sonhavam com vestidos de princesa e casinhas de boneca, eu s\u00f3 queria um caminh\u00e3o rosa. Hoje, ao dirigir o meu Meteor, sinto que realizei esse desejo de inf\u00e2ncia&#8221;, conta orgulhosa. E ela n\u00e3o est\u00e1 sozinha.<\/p>\n<p class=\"prntal\"><b>Primeira betoneira rosa do Brasil<\/b>\n <\/p>\n<p class=\"prntal\">A Usina Costa Mix, empresa especializada em concreto usinado e bombeamento, colocou em opera\u00e7\u00e3o a primeira betoneira totalmente rosa do Brasil. O ve\u00edculo \u00e9 um Volkswagen Constellation 27.260 e j\u00e1 chama aten\u00e7\u00e3o por onde passa.<\/p>\n<p class=\"prntal\">A respons\u00e1vel pela condu\u00e7\u00e3o da m\u00e1quina \u00e9 Val\u00e9ria Alves, que come\u00e7ou na empresa atuando no setor administrativo e incentivada pela equipe, aceitou o desafio de se tornar motorista profissional. Hoje, ela acompanha o carregamento, garante a produ\u00e7\u00e3o do concreto conforme a demanda de cada cliente, al\u00e9m de cuidar da limpeza e manuten\u00e7\u00e3o di\u00e1ria da betoneira.<\/p>\n<p class=\"prntal\">Mais do que operar o caminh\u00e3o, Val\u00e9ria Alves simboliza a presen\u00e7a feminina em um setor ainda marcado pela predomin\u00e2ncia masculina. &#8220;Ao assumir a dire\u00e7\u00e3o desse caminh\u00e3o, levo mais do que concreto: levo a mensagem de que as mulheres podem conquistar qualquer espa\u00e7o&#8221;, afirma.<\/p>\n<p class=\"prntal\">Com iniciativas como essa, a VWCO refor\u00e7a seu compromisso em oferecer solu\u00e7\u00f5es alinhadas \u00e0s necessidades e aos sonhos de seus clientes, ampliando o alcance da personaliza\u00e7\u00e3o no mercado de caminh\u00f5es pesados<\/p>\n<p class=\"prntal\">\n<a href=\"https:\/\/vwtbpress.com\/\" target=\"_blank\" rel=\"nofollow\">Volkswagen Caminh\u00f5es e \u00d4nibus &#8211; Sala de Imprensa<\/a><\/p>\n<p class=\"prntac\"><b>Um membro do GRUPO TRATON<\/b>\n <\/p>\n<p class=\"prntal\"><b>Sobre a VW Caminh\u00f5es e \u00d4nibus<\/b>\n <\/p>\n<p class=\"prntal\">Membro do Grupo TRATON, a VW Caminh\u00f5es e \u00d4nibus \u00e9 a fabricante dos ve\u00edculos comerciais Volkswagen, uma das maiores montadoras de caminh\u00f5es e \u00f4nibus da Am\u00e9rica Latina. Desde 1981, quando iniciou suas opera\u00e7\u00f5es, chegar ao topo do mercado, respeitando e satisfazendo as necessidades dos clientes, sempre foi o foco da montadora. E \u00e9 exatamente isso que oferece a seus clientes: produtos sob medida e um excelente servi\u00e7o de p\u00f3s-vendas. A empresa tamb\u00e9m \u00e9 refer\u00eancia em inova\u00e7\u00f5es tecnol\u00f3gicas, sendo pioneira no desenvolvimento e produ\u00e7\u00e3o de um caminh\u00e3o 100% el\u00e9trico na Am\u00e9rica Latina. A empresa busca sempre solu\u00e7\u00f5es que reduzam o impacto ambiental e ajudem a preservar o meio ambiente. H\u00e1 mais de 40 anos, a fabricante mant\u00e9m seu compromisso de desenvolver ve\u00edculos que superem as exig\u00eancias dos clientes &#8211; onde quer que eles rodem, seja pelas estradas brasileiras, latino-americanas, africanas ou asi\u00e1ticas.<\/p>\n<p class=\"prntal\"><b>Sobre o GRUPO TRATON<\/b>\n <\/p>\n<p class=\"prntal\">Com suas marcas Volkswagen Caminh\u00f5es e \u00d4nibus, Scania, MAN e Navistar, a TRATON SE \u00e9 controladora do GRUPO TRATON e um dos principais fabricantes de ve\u00edculos comerciais do mundo. Seu portf\u00f3lio de produtos inclui caminh\u00f5es, \u00f4nibus e ve\u00edculos comerciais leves. &#8220;Transformando o Transporte Juntos. Para um mundo sustent\u00e1vel&#8221;: esta inten\u00e7\u00e3o refor\u00e7a a ambi\u00e7\u00e3o da empresa de ter um impacto duradouro e sustent\u00e1vel no neg\u00f3cio de ve\u00edculos comerciais e no crescimento comercial do Grupo.<\/p>\n<p class=\"prntal\"><b>Volkswagen Caminh\u00f5es e \u00d4nibus<\/b><br \/><b>Comunica\u00e7\u00e3o <\/b><br \/>\n<br \/>(11) 5582-5335 \/ (24) 3381-1063<br \/><a href=\"mailto:comunicacao@volkswagen.com.br\" target=\"_blank\" rel=\"nofollow\">comunicacao@volkswagen.com.br<\/a><\/p>\n<p class=\"prntal\">Foto &#8211; <a href=\"https:\/\/mma.prnewswire.com\/media\/2789492\/01.jpg\" target=\"_blank\" rel=\"nofollow\">https:\/\/mma.prnewswire.com\/media\/2789492\/01.jpg<\/a><\/p>\n<div class=\"PRN_ImbeddedAssetReference\" id=\"DivAssetPlaceHolder0\"><\/div>\n<p id=\"PURL\">\n<img loading=\"lazy\" decoding=\"async\" title=\"Cision\" width=\"12\" height=\"12\" alt=\"Cision\" src=\"https:\/\/edge.prnewswire.com\/c\/img\/favicon.png?sn=PT90973&amp;sd=2025-10-06\" \/> View original content to download multimedia:<a id=\"PRNURL\" rel=\"nofollow\" href=\"https:\/\/www.prnewswire.com\/br\/comunicados-para-a-imprensa\/demanda-por-personalizacao-ganha-forca-entre-clientes-mulheres-da-vwco-302575825.html\" target=\"_blank\">https:\/\/www.prnewswire.com\/br\/comunicados-para-a-imprensa\/demanda-por-personalizacao-ganha-forca-entre-clientes-mulheres-da-vwco-302575825.html<\/a><\/p>\n<p>FONTE Volkswagen Caminh\u00f5es e \u00d4nibus<\/p>\n<\/p><\/div>\n<p>  <img decoding=\"async\" alt=\"\" src=\"https:\/\/rt.prnewswire.com\/rt.gif?NewsItemId=PT90973&amp;Transmission_Id=202510060919PR_NEWS_LATAM____PT90973&amp;DateId=20251006\" style=\"border:0px;width:1px;height:1px\" \/><\/p>\n<p><strong>T\u00f3picos Relacionados:<\/strong> Transporte \/ Caminh\u00f5es \/ Ferrovias, Not\u00edcias Relacionadas a Mulheres, Automotivo, Sa\u00fade\/Hospitais, Responsabilidade Social Corporativa, Diversidade, Equidade e Inclus\u00e3o<\/p>\n<p>A <b>OESP<\/b> n\u00e3o \u00e9(s\u00e3o) respons\u00e1vel(is) por erros, incorre\u00e7\u00f5es, atrasos ou quaisquer decis\u00f5es tomadas por seus clientes com base nos Conte\u00fados ora disponibilizados, bem como tais Conte\u00fados n\u00e3o representam a opini\u00e3o da <b>OESP<\/b> e s\u00e3o de inteira responsabilidade da <b>PR Newswire Ltda<\/b><\/p>\n","protected":false},"excerpt":{"rendered":"S\u00c3O PAULO, 6 de outubro de 2025 \/PRNewswire\/ &#8212; No m\u00eas do Outubro Rosa, a cor ganha ainda mais destaque e vai muito al\u00e9m da conscientiza\u00e7\u00e3o: est\u00e1 relacionada tamb\u00e9m \u00e0 realiza\u00e7\u00e3o de","protected":false},"author":1,"featured_media":117034,"comment_status":"open","ping_status":"closed","sticky":false,"template":"","format":"standard","meta":{"_acf_changed":false,"inline_featured_image":false,"_monsterinsights_skip_tracking":false,"_monsterinsights_sitenote_active":false,"_monsterinsights_sitenote_note":"","_monsterinsights_sitenote_category":0,"footnotes":""},"categories":[27],"tags":[2976,2975],"class_list":["post-117033","post","type-post","status-publish","format-standard","has-post-thumbnail","hentry","category-prnewswire","tag-a-cor-ganha-ainda-mais-destaque-e-vai-muito-alem-da-conscientizacao-esta-relacionada-tambem-a-realizacao-de-sonhos-de-criancas-esse-e-o-caso-de-nara-iren","tag-no-mes-do-outubro-rosa"],"acf":[],"_links":{"self":[{"href":"https:\/\/bluestudio.estadao.com.br\/agencia-de-comunicacao\/wp-json\/wp\/v2\/posts\/117033","targetHints":{"allow":["GET"]}}],"collection":[{"href":"https:\/\/bluestudio.estadao.com.br\/agencia-de-comunicacao\/wp-json\/wp\/v2\/posts"}],"about":[{"href":"https:\/\/bluestudio.estadao.com.br\/agencia-de-comunicacao\/wp-json\/wp\/v2\/types\/post"}],"author":[{"embeddable":true,"href":"https:\/\/bluestudio.estadao.com.br\/agencia-de-comunicacao\/wp-json\/wp\/v2\/users\/1"}],"replies":[{"embeddable":true,"href":"https:\/\/bluestudio.estadao.com.br\/agencia-de-comunicacao\/wp-json\/wp\/v2\/comments?post=117033"}],"version-history":[{"count":0,"href":"https:\/\/bluestudio.estadao.com.br\/agencia-de-comunicacao\/wp-json\/wp\/v2\/posts\/117033\/revisions"}],"wp:featuredmedia":[{"embeddable":true,"href":"https:\/\/bluestudio.estadao.com.br\/agencia-de-comunicacao\/wp-json\/wp\/v2\/media\/117034"}],"wp:attachment":[{"href":"https:\/\/bluestudio.estadao.com.br\/agencia-de-comunicacao\/wp-json\/wp\/v2\/media?parent=117033"}],"wp:term":[{"taxonomy":"category","embeddable":true,"href":"https:\/\/bluestudio.estadao.com.br\/agencia-de-comunicacao\/wp-json\/wp\/v2\/categories?post=117033"},{"taxonomy":"post_tag","embeddable":true,"href":"https:\/\/bluestudio.estadao.com.br\/agencia-de-comunicacao\/wp-json\/wp\/v2\/tags?post=117033"}],"curies":[{"name":"wp","href":"https:\/\/api.w.org\/{rel}","templated":true}]}}