{"id":117025,"date":"2025-10-06T08:12:00","date_gmt":"2025-10-06T11:12:00","guid":{"rendered":"https:\/\/bluestudio.estadao.com.br\/agencia-de-comunicacao\/prnewswire\/summit-geq-2025-aponta-tendencias-de-comportamento-lideranca-inovacao-e-sustentabilidade\/"},"modified":"2025-10-06T08:12:00","modified_gmt":"2025-10-06T11:12:00","slug":"summit-geq-2025-aponta-tendencias-de-comportamento-lideranca-inovacao-e-sustentabilidade","status":"publish","type":"post","link":"https:\/\/bluestudio.estadao.com.br\/agencia-de-comunicacao\/prnewswire\/summit-geq-2025-aponta-tendencias-de-comportamento-lideranca-inovacao-e-sustentabilidade\/","title":{"rendered":"Summit GEQ 2025 aponta tend\u00eancias de comportamento, lideran\u00e7a, inova\u00e7\u00e3o e sustentabilidade"},"content":{"rendered":"\n<div class=\"xn-content\">\n<i>Evento on-line e gratuito acontece de 6 a 10 de outubro, conectando especialistas de segmentos diversos com reflex\u00f5es contempor\u00e2neas da sociedade. <\/i>\n <\/p>\n<p><span class=\"legendSpanClass\">S\u00c3O PAULO<\/span>, <span class=\"legendSpanClass\">6 de outubro de 2025<\/span> \/PRNewswire\/ &#8212; Em sua sexta edi\u00e7\u00e3o, o Summit GEQ, evento do Grupo Edson Queiroz voltado ao aprimoramento pessoal e de carreira, agrega profissionais de renome dos mais diversos segmentos para refletir sobre temas que impactam o futuro e o presente de pessoas e neg\u00f3cios. De 6 a 10 de outubro, os participantes ter\u00e3o acesso a palestras on-line direcionadas \u00e0 sustentabilidade, inova\u00e7\u00e3o, sa\u00fade mental, comportamento do consumidor e lideran\u00e7a de alta performance.  Os interessados podem inscrever-se gratuitamente pelo site <b><a href=\"https:\/\/linktr.ee\/grupoedsonqueiroz\" target=\"_blank\" rel=\"nofollow\">https:\/\/linktr.ee\/grupoedsonqueiroz<\/a><\/b>. As palestras estar\u00e3o dispon\u00edveis \u00e0s 9h, 14h e 18h.<\/p>\n<div class=\"PRN_ImbeddedAssetReference\" id=\"DivAssetPlaceHolder6666\">\n  <a href=\"https:\/\/mma.prnewswire.com\/media\/2788739\/250917___GEQ___SUMMIT___INSCRI__ES_ABERTAS_STORIES__1___2.html\" target=\"_blank\" rel=\"nofollow\"> <img decoding=\"async\" src=\"https:\/\/mma.prnewswire.com\/media\/2788739\/250917___GEQ___SUMMIT___INSCRI__ES_ABERTAS_STORIES__1___2.jpg\" title=\"\" alt=\"\" \/>  <\/a>\n<\/p>\n<\/p><\/div>\n<p>Neste ano, um dos principais cientistas da \u00e1rea de inova\u00e7\u00e3o no Brasil, S\u00edlvio Meira, apontar\u00e1 caminhos para a transforma\u00e7\u00e3o digital com sua palestra sobre Intelig\u00eancia Artificial. J\u00e1 o antrop\u00f3logo Michel Alcoforado ir\u00e1 detalhar as mudan\u00e7as culturais que est\u00e3o definindo o comportamento e o consumo no pa\u00eds, com a palestra &#8220;Quando a cultura vira estrat\u00e9gia&#8221;. J\u00e1 a executiva em tecnologia e ex-vice-presidente em ciberseguran\u00e7a da Microsoft, T\u00e2nia Cosentino, compartilhar\u00e1 suas experi\u00eancias sobre lideran\u00e7a com a palestra &#8220;A jornada para constru\u00e7\u00e3o de uma cultura de alta performance&#8221;.<\/p>\n<p>Para falar de sa\u00fade mental, a m\u00e9dica Ana Escobar apontar\u00e1 ferramentas para uma vida equilibrada com a palestra &#8220;Sa\u00fade Mental em tempos de hiperconex\u00e3o&#8221;. E na \u00e1rea de sustentabilidade, o engenheiro e empreendedor social Gui Brammer mostra como a economia circular pode gerar renda a partir de solu\u00e7\u00f5es ambientais, com a palestra &#8220;Economia da Esperan\u00e7a&#8221;.<\/p>\n<p>&#8220;O Summit GEQ \u00e9 uma oportunidade de acessar temas relevantes ministrados por profissionais renomados do pa\u00eds. O evento nasceu como uma plataforma de aperfei\u00e7oamento para nossos colaboradores e desde o ano passado temos a satisfa\u00e7\u00e3o de compartilhar esses conte\u00fados de alto valor para o p\u00fablico externo. Realizamos uma curadoria muito criteriosa, com temas atuais e cruciais para a sociedade nos dias de hoje&#8221;, destaca Otameiry Furtado, Diretora-Executiva de Recursos Humanos do GEQ.<\/p>\n<p><b>Conhe\u00e7a os palestrantes:<\/b>\n <\/p>\n<p><b>Silvio Meira<br \/><\/b>Cientista, PHD em computa\u00e7\u00e3o, professor e escritor. Trabalha com estrat\u00e9gia, transforma\u00e7\u00e3o digital, engenharia de software, inova\u00e7\u00e3o, novos neg\u00f3cios e educa\u00e7\u00e3o.<\/p>\n<p><b>Michel Alcoforado<br \/><\/b>Antrop\u00f3logo, professor, palestrante e especialista em comportamento, consumo e inova\u00e7\u00e3o. \u00c9 doutor em antropologia do consumo, colunista da r\u00e1dio CBN e apresentador do podcast &#8220;\u00c9 tudo culpa da cultura&#8221;.<\/p>\n<p><b>Tania Conte Cosentino<br \/><\/b>\u00c9 Engenheira Eletricista de forma\u00e7\u00e3o, tem cerca de 40 anos de carreira executiva, sendo a maior parte em multinacionais nos setores el\u00e9trico e de automa\u00e7\u00e3o industrial. Ocupou, at\u00e9 2025, a cadeira de vice-presidente de ciberseguran\u00e7a da Microsoft Am\u00e9rica Latina.<\/p>\n<p><b>Ana Escobar<br \/><\/b>M\u00e9dica pediatra, tem gradua\u00e7\u00e3o, doutorado e livre doc\u00eancia pela Faculdade de Medicina da USP. Participa do programa Viva Bem na r\u00e1dio CBN Campinas e colunista da Revista Crescer.<\/p>\n<p><b>Gui Brammer<\/b><br \/>\n<br \/>Fundador da Boomera, startup que oferece solu\u00e7\u00f5es em log\u00edstica reversa e engenharia circular para reciclar materiais descart\u00e1veis. Foi eleito Empreendedor Social pela Folha de S. Paulo e pela revista Pequenas Empresas &amp; Grandes Neg\u00f3cios. \u00c9 tamb\u00e9m Membro do Conselho do F\u00f3rum Econ\u00f4mico Mundial.<\/p>\n<p><b>Servi\u00e7o:<br \/><\/b>Data: 06 a 10 de outubro<br \/>Hor\u00e1rio das palestras: 9h, 14h e 18h<br \/>Inscri\u00e7\u00f5es: <b><a href=\"https:\/\/linktr.ee\/grupoedsonqueiroz\" target=\"_blank\" rel=\"nofollow\">https:\/\/linktr.ee\/grupoedsonqueiroz<\/a><\/b><\/p>\n<p>Foto &#8211; <a href=\"https:\/\/mma.prnewswire.com\/media\/2788739\/250917___GEQ___SUMMIT___INSCRI__ES_ABERTAS_STORIES__1___2.jpg\" target=\"_blank\" rel=\"nofollow\">https:\/\/mma.prnewswire.com\/media\/2788739\/250917___GEQ___SUMMIT___INSCRI__ES_ABERTAS_STORIES__1___2.jpg<\/a><\/p>\n<div class=\"PRN_ImbeddedAssetReference\" id=\"DivAssetPlaceHolder0\"><\/div>\n<p id=\"PURL\">\n<img loading=\"lazy\" decoding=\"async\" title=\"Cision\" width=\"12\" height=\"12\" alt=\"Cision\" src=\"https:\/\/edge.prnewswire.com\/c\/img\/favicon.png?sn=PT90276&amp;sd=2025-10-06\" \/> View original content to download multimedia:<a id=\"PRNURL\" rel=\"nofollow\" href=\"https:\/\/www.prnewswire.com\/br\/comunicados-para-a-imprensa\/summit-geq-2025-aponta-tendencias-de-comportamento-lideranca-inovacao-e-sustentabilidade-302575114.html\" target=\"_blank\">https:\/\/www.prnewswire.com\/br\/comunicados-para-a-imprensa\/summit-geq-2025-aponta-tendencias-de-comportamento-lideranca-inovacao-e-sustentabilidade-302575114.html<\/a><\/p>\n<p>FONTE Grupo Edson Queiroz<\/p>\n<\/p><\/div>\n<p>  <img decoding=\"async\" alt=\"\" src=\"https:\/\/rt.prnewswire.com\/rt.gif?NewsItemId=PT90276&amp;Transmission_Id=202510060700PR_NEWS_LATAM____PT90276&amp;DateId=20251006\" style=\"border:0px;width:1px;height:1px\" \/><\/p>\n<p><strong>T\u00f3picos Relacionados:<\/strong> M\u00e9dico \/ Farmac\u00eautico, Sa\u00fade Mental, Eventos Futuros, Sa\u00fade\/Hospitais, Intelig\u00eancia Artificial<\/p>\n<p>A <b>OESP<\/b> n\u00e3o \u00e9(s\u00e3o) respons\u00e1vel(is) por erros, incorre\u00e7\u00f5es, atrasos ou quaisquer decis\u00f5es tomadas por seus clientes com base nos Conte\u00fados ora disponibilizados, bem como tais Conte\u00fados n\u00e3o representam a opini\u00e3o da <b>OESP<\/b> e s\u00e3o de inteira responsabilidade da <b>PR Newswire Ltda<\/b><\/p>\n","protected":false},"excerpt":{"rendered":"Evento on-line e gratuito acontece de 6 a 10 de outubro, conectando especialistas de segmentos diversos com reflex\u00f5es contempor\u00e2neas da sociedade. S\u00c3O PAULO, 6 de outubro de 2025 \/PRNewswire\/","protected":false},"author":1,"featured_media":117026,"comment_status":"open","ping_status":"closed","sticky":false,"template":"","format":"standard","meta":{"_acf_changed":false,"inline_featured_image":false,"_monsterinsights_skip_tracking":false,"_monsterinsights_sitenote_active":false,"_monsterinsights_sitenote_note":"","_monsterinsights_sitenote_category":0,"footnotes":""},"categories":[27],"tags":[2969,2966,2968,2967],"class_list":["post-117025","post","type-post","status-publish","format-standard","has-post-thumbnail","hentry","category-prnewswire","tag-agrega-profissionais-de-renome-dos-mais-diversos-segmentos-para-re","tag-em-sua-sexta-edicao","tag-evento-do-grupo-edson-queiroz-voltado-ao-aprimoramento-pessoal-e-de-carreira","tag-o-summit-geq"],"acf":[],"_links":{"self":[{"href":"https:\/\/bluestudio.estadao.com.br\/agencia-de-comunicacao\/wp-json\/wp\/v2\/posts\/117025","targetHints":{"allow":["GET"]}}],"collection":[{"href":"https:\/\/bluestudio.estadao.com.br\/agencia-de-comunicacao\/wp-json\/wp\/v2\/posts"}],"about":[{"href":"https:\/\/bluestudio.estadao.com.br\/agencia-de-comunicacao\/wp-json\/wp\/v2\/types\/post"}],"author":[{"embeddable":true,"href":"https:\/\/bluestudio.estadao.com.br\/agencia-de-comunicacao\/wp-json\/wp\/v2\/users\/1"}],"replies":[{"embeddable":true,"href":"https:\/\/bluestudio.estadao.com.br\/agencia-de-comunicacao\/wp-json\/wp\/v2\/comments?post=117025"}],"version-history":[{"count":0,"href":"https:\/\/bluestudio.estadao.com.br\/agencia-de-comunicacao\/wp-json\/wp\/v2\/posts\/117025\/revisions"}],"wp:featuredmedia":[{"embeddable":true,"href":"https:\/\/bluestudio.estadao.com.br\/agencia-de-comunicacao\/wp-json\/wp\/v2\/media\/117026"}],"wp:attachment":[{"href":"https:\/\/bluestudio.estadao.com.br\/agencia-de-comunicacao\/wp-json\/wp\/v2\/media?parent=117025"}],"wp:term":[{"taxonomy":"category","embeddable":true,"href":"https:\/\/bluestudio.estadao.com.br\/agencia-de-comunicacao\/wp-json\/wp\/v2\/categories?post=117025"},{"taxonomy":"post_tag","embeddable":true,"href":"https:\/\/bluestudio.estadao.com.br\/agencia-de-comunicacao\/wp-json\/wp\/v2\/tags?post=117025"}],"curies":[{"name":"wp","href":"https:\/\/api.w.org\/{rel}","templated":true}]}}