{"id":116977,"date":"2025-10-02T17:13:00","date_gmt":"2025-10-02T20:13:00","guid":{"rendered":"https:\/\/bluestudio.estadao.com.br\/agencia-de-comunicacao\/prnewswire\/cctv4-patrimonio-e-harmonia-sob-a-lua-cheia-o-mundo-e-convidado-para-o-cmg-2025-mid-autumn-festival-gala\/"},"modified":"2025-10-02T17:13:00","modified_gmt":"2025-10-02T20:13:00","slug":"cctv4-patrimonio-e-harmonia-sob-a-lua-cheia-o-mundo-e-convidado-para-o-cmg-2025-mid-autumn-festival-gala","status":"publish","type":"post","link":"https:\/\/bluestudio.estadao.com.br\/agencia-de-comunicacao\/prnewswire\/cctv4-patrimonio-e-harmonia-sob-a-lua-cheia-o-mundo-e-convidado-para-o-cmg-2025-mid-autumn-festival-gala\/","title":{"rendered":"CCTV4: Patrim\u00f4nio e harmonia sob a lua cheia, o mundo \u00e9 convidado para o CMG 2025 Mid-Autumn Festival Gala"},"content":{"rendered":"\n<div class=\"xn-content\">\n<p><span class=\"legendSpanClass\">PEQUIM<\/span>, <span class=\"legendSpanClass\">2 de outubro de 2025<\/span> \/PRNewswire\/ &#8212; <span>Este ano, para o seu Festival de Gala do Meio do Outono, o China Media Group convida voc\u00ea para Deyang, no sudoeste do pa\u00eds &#8211; uma cidade onde a tradi\u00e7\u00e3o antiga se funde com a vis\u00e3o de um futuro de alta tecnologia.<\/span> <\/p>\n<div class=\"PRN_ImbeddedAssetReference\" id=\"DivAssetPlaceHolder8604\">\n  <a href=\"https:\/\/mma.prnewswire.com\/media\/2787715\/2025.html\" target=\"_blank\" rel=\"nofollow\"> <img decoding=\"async\" src=\"https:\/\/mma.prnewswire.com\/media\/2787715\/2025.jpg\" title=\"Patrim\u00f4nio e harmonia sob a lua cheia:o mundo est\u00e1 convidado para o CMG 2025 Mid-Autumn Festival Gala\" alt=\"Patrim\u00f4nio e harmonia sob a lua cheia:o mundo est\u00e1 convidado para o CMG 2025 Mid-Autumn Festival Gala\" \/>  <\/a>\n<\/p>\n<\/p><\/div>\n<p>Situado em meio ao deslumbrante cen\u00e1rio natural da prov\u00edncia de Sichuan, o Gala contar\u00e1 com m\u00fasicas, antigas e novas, com foco no tema central do Festival de saudades de casa e reuni\u00e3o familiar na \u00e9poca da lua cheia. Em reconhecimento ao recente 80<sup>o<\/sup> anivers\u00e1rio da vit\u00f3ria na Guerra de Resist\u00eancia do Povo Chin\u00eas contra a Agress\u00e3o Japonesa e na Guerra Mundial Antifascista, as performances dos cl\u00e1ssicos nost\u00e1lgicos &#8220;Flowers of May&#8221;, &#8220;As Time Goes By&#8221; e &#8220;La Vie en Rose&#8221; refor\u00e7ar\u00e3o o tema dos sentimentos compartilhados pela humanidade de valorizar a paz e aspirar por um novo amanhecer brilhante. Sublinhando o poder da m\u00fasica para unir o mundo, haver\u00e1 uma fus\u00e3o inovadora de &#8220;The Moon Represents My Heart&#8221; e &#8220;Stand by Me&#8221; de Ben E. King, interpretada pela banda vencedora do Grammy Time for Three e pela cantora chinesa Jike Junyi.<\/p>\n<p>Deyang, como um moderno centro de fabrica\u00e7\u00e3o e porta de entrada para o antigo Reino de Shu e sua misteriosa cultura Sanxingdui, \u00e9 um lugar onde a tradi\u00e7\u00e3o e a inova\u00e7\u00e3o n\u00e3o apenas coexistem, mas se refor\u00e7am mutuamente. Em um epis\u00f3dio marcante projetado para destacar essa harmonia, a Gala visitar\u00e1 o Museu Sanxingdui na companhia de um rob\u00f4 que, ao interagir com os artefatos, criar\u00e1 um di\u00e1logo entre a manufatura inteligente da China e a civiliza\u00e7\u00e3o antiga.<\/p>\n<p>O CMG Mid-Autumn Festival Gala de 2025 ser\u00e1 transmitido em todo o mundo, a partir das 20h, hor\u00e1rio de Pequim, no dia 6 de outubro.<\/p>\n<p>Foto &#8211; <a href=\"https:\/\/mma.prnewswire.com\/media\/2787715\/2025.jpg\" target=\"_blank\" rel=\"nofollow\">https:\/\/mma.prnewswire.com\/media\/2787715\/2025.jpg<\/a><\/p>\n<div class=\"PRN_ImbeddedAssetReference\" id=\"DivAssetPlaceHolder0\"><\/div>\n<p id=\"PURL\">\n<img loading=\"lazy\" decoding=\"async\" title=\"Cision\" width=\"12\" height=\"12\" alt=\"Cision\" src=\"https:\/\/edge.prnewswire.com\/c\/img\/favicon.png?sn=PT88177&amp;sd=2025-10-02\" \/> View original content to download multimedia:<a id=\"PRNURL\" rel=\"nofollow\" href=\"https:\/\/www.prnewswire.com\/br\/comunicados-para-a-imprensa\/cctv4-patrimonio-e-harmonia-sob-a-lua-cheia-o-mundo-e-convidado-para-o-cmg-2025-mid-autumn-festival-gala-302574200.html\" target=\"_blank\">https:\/\/www.prnewswire.com\/br\/comunicados-para-a-imprensa\/cctv4-patrimonio-e-harmonia-sob-a-lua-cheia-o-mundo-e-convidado-para-o-cmg-2025-mid-autumn-festival-gala-302574200.html<\/a><\/p>\n<p>FONTE CCTV4<\/p>\n<\/p><\/div>\n<p>  <img decoding=\"async\" alt=\"\" src=\"https:\/\/rt.prnewswire.com\/rt.gif?NewsItemId=PT88177&amp;Transmission_Id=202510021200PR_NEWS_LATAM____PT88177&amp;DateId=20251002\" style=\"border:0px;width:1px;height:1px\" \/><\/p>\n<p><strong>T\u00f3picos Relacionados:<\/strong> Publica\u00e7\u00e3o \/ Servi\u00e7os de Informa\u00e7\u00e3o<\/p>\n<p>A <b>OESP<\/b> n\u00e3o \u00e9(s\u00e3o) respons\u00e1vel(is) por erros, incorre\u00e7\u00f5es, atrasos ou quaisquer decis\u00f5es tomadas por seus clientes com base nos Conte\u00fados ora disponibilizados, bem como tais Conte\u00fados n\u00e3o representam a opini\u00e3o da <b>OESP<\/b> e s\u00e3o de inteira responsabilidade da <b>PR Newswire Ltda<\/b><\/p>\n","protected":false},"excerpt":{"rendered":"PEQUIM, 2 de outubro de 2025 \/PRNewswire\/ &#8212; Este ano, para o seu Festival de Gala do Meio do Outono, o China Media Group convida voc\u00ea para Deyang, no sudoeste do pa\u00eds &#8211; uma cidade onde a","protected":false},"author":1,"featured_media":116978,"comment_status":"open","ping_status":"closed","sticky":false,"template":"","format":"standard","meta":{"_acf_changed":false,"inline_featured_image":false,"_monsterinsights_skip_tracking":false,"_monsterinsights_sitenote_active":false,"_monsterinsights_sitenote_note":"","_monsterinsights_sitenote_category":0,"footnotes":""},"categories":[27],"tags":[2923,2926,2925,2924],"class_list":["post-116977","post","type-post","status-publish","format-standard","has-post-thumbnail","hentry","category-prnewswire","tag-este-ano","tag-no-sudoeste-do-pais-uma-cidade-onde-a-tradicao-antiga-se-funde-com-a-visao","tag-o-china-media-group-convida-voce-para-deyang","tag-para-o-seu-festival-de-gala-do-meio-do-outono"],"acf":[],"_links":{"self":[{"href":"https:\/\/bluestudio.estadao.com.br\/agencia-de-comunicacao\/wp-json\/wp\/v2\/posts\/116977","targetHints":{"allow":["GET"]}}],"collection":[{"href":"https:\/\/bluestudio.estadao.com.br\/agencia-de-comunicacao\/wp-json\/wp\/v2\/posts"}],"about":[{"href":"https:\/\/bluestudio.estadao.com.br\/agencia-de-comunicacao\/wp-json\/wp\/v2\/types\/post"}],"author":[{"embeddable":true,"href":"https:\/\/bluestudio.estadao.com.br\/agencia-de-comunicacao\/wp-json\/wp\/v2\/users\/1"}],"replies":[{"embeddable":true,"href":"https:\/\/bluestudio.estadao.com.br\/agencia-de-comunicacao\/wp-json\/wp\/v2\/comments?post=116977"}],"version-history":[{"count":0,"href":"https:\/\/bluestudio.estadao.com.br\/agencia-de-comunicacao\/wp-json\/wp\/v2\/posts\/116977\/revisions"}],"wp:featuredmedia":[{"embeddable":true,"href":"https:\/\/bluestudio.estadao.com.br\/agencia-de-comunicacao\/wp-json\/wp\/v2\/media\/116978"}],"wp:attachment":[{"href":"https:\/\/bluestudio.estadao.com.br\/agencia-de-comunicacao\/wp-json\/wp\/v2\/media?parent=116977"}],"wp:term":[{"taxonomy":"category","embeddable":true,"href":"https:\/\/bluestudio.estadao.com.br\/agencia-de-comunicacao\/wp-json\/wp\/v2\/categories?post=116977"},{"taxonomy":"post_tag","embeddable":true,"href":"https:\/\/bluestudio.estadao.com.br\/agencia-de-comunicacao\/wp-json\/wp\/v2\/tags?post=116977"}],"curies":[{"name":"wp","href":"https:\/\/api.w.org\/{rel}","templated":true}]}}