{"id":116960,"date":"2025-10-02T16:13:00","date_gmt":"2025-10-02T19:13:00","guid":{"rendered":"https:\/\/bluestudio.estadao.com.br\/agencia-de-comunicacao\/prnewswire\/frente-parlamentar-de-prevencao-de-doencas-pulmonares-graves-faz-projecao-no-congresso-nacional-para-conscientizar-sobre-doencas-respiratorias-como-a-fibrose-pulmonar\/"},"modified":"2025-10-02T16:13:00","modified_gmt":"2025-10-02T19:13:00","slug":"frente-parlamentar-de-prevencao-de-doencas-pulmonares-graves-faz-projecao-no-congresso-nacional-para-conscientizar-sobre-doencas-respiratorias-como-a-fibrose-pulmonar","status":"publish","type":"post","link":"https:\/\/bluestudio.estadao.com.br\/agencia-de-comunicacao\/prnewswire\/frente-parlamentar-de-prevencao-de-doencas-pulmonares-graves-faz-projecao-no-congresso-nacional-para-conscientizar-sobre-doencas-respiratorias-como-a-fibrose-pulmonar\/","title":{"rendered":"Frente Parlamentar de Preven\u00e7\u00e3o de Doen\u00e7as Pulmonares Graves faz proje\u00e7\u00e3o no Congresso Nacional para conscientizar sobre doen\u00e7as respirat\u00f3rias, como a fibrose pulmonar"},"content":{"rendered":"\n<div class=\"xn-content\">\n<p class=\"prntac\"><i>Iniciativa com apoio da Boehringer Ingelheim contou com solenidade no Sal\u00e3o Nobre da C\u00e2mara dos Deputados <\/i>\n <\/p>\n<\/p>\n<div class=\"PRN_ImbeddedAssetReference\" id=\"DivAssetPlaceHolder6040\">\n  <a href=\"https:\/\/mma.prnewswire.com\/media\/2787837\/Picture1.html\" target=\"_blank\" rel=\"nofollow\"> <img decoding=\"async\" src=\"https:\/\/mma.prnewswire.com\/media\/2787837\/Picture1.jpg\" title=\"Proje\u00e7\u00e3o no pr\u00e9dio do Congresso Nacional\" alt=\"Proje\u00e7\u00e3o no pr\u00e9dio do Congresso Nacional\" \/>  <\/a>\n<\/p>\n<\/p><\/div>\n<\/p>\n<p><span class=\"legendSpanClass\">S\u00c3O PAULO<\/span>, <span class=\"legendSpanClass\">2 de outubro de 2025<\/span> \/PRNewswire\/ &#8212; A Frente Parlamentar de Preven\u00e7\u00e3o de Doen\u00e7as Pulmonares Graves promoveu uma a\u00e7\u00e3o de conscientiza\u00e7\u00e3o sobre doen\u00e7as respirat\u00f3rias graves, como a fibrose pulmonar, condi\u00e7\u00e3o rara e de dif\u00edcil diagn\u00f3stico. A iniciativa foi liderada pelo deputado federal Pedro Westphalen, m\u00e9dico e 1\u00ba vice-presidente da Comiss\u00e3o de Sa\u00fade da C\u00e2mara dos Deputados, e contou com o apoio institucional da Boehringer Ingelheim e da Vertex Farmac\u00eautica.<\/p>\n<p>Uma cerim\u00f4nia no Sal\u00e3o Nobre da C\u00e2mara dos Deputados reuniu parlamentares, autoridades em sa\u00fade, especialistas e representantes de associa\u00e7\u00f5es de pacientes, como a ABRAF (Associa\u00e7\u00e3o Brasileira de Apoio \u00e0 Fam\u00edlia com Hipertens\u00e3o Pulmonar e Fibrose Pulmonar). Durante o evento, foram discutidos os desafios do diagn\u00f3stico precoce e do tratamento dessas doen\u00e7as, incluindo a fibrose pulmonar e a Doen\u00e7a Pulmonar Obstrutiva Cr\u00f4nica (DPOC), al\u00e9m do impacto na qualidade de vida dos pacientes e no sistema p\u00fablico de sa\u00fade.<\/p>\n<p><i>&#8220;<\/i>A Boehringer Ingelheim tem o compromisso de apoiar iniciativas que ampliem a conscientiza\u00e7\u00e3o sobre doen\u00e7as respirat\u00f3rias graves e incentivem o diagn\u00f3stico precoce e o acesso a tratamentos adequados. Acreditamos que unir esfor\u00e7os entre sociedade, profissionais de sa\u00fade e poder p\u00fablico \u00e9 essencial para melhorar a qualidade de vida dos pacientes e fortalecer o cuidado em sa\u00fade no Brasil&#8221;, afirma a Dra. Thais Melo, diretora m\u00e9dica e de acesso ao mercado da Boehringer Ingelheim no Brasil.<\/p>\n<p>Ap\u00f3s a cerim\u00f4nia, refor\u00e7ando esse compromisso, o p\u00fablico acompanhou a proje\u00e7\u00e3o no pr\u00e9dio do Congresso Nacional, que exibiu mensagens de alerta e conscientiza\u00e7\u00e3o sobre doen\u00e7as respirat\u00f3rias. A iniciativa busca sensibilizar a sociedade e dar visibilidade a condi\u00e7\u00f5es que, muitas vezes, permanecem pouco conhecidas pela popula\u00e7\u00e3o.<\/p>\n<p>&#8220;A sa\u00fade respirat\u00f3ria precisa estar no centro das nossas prioridades. Doen\u00e7as como a fibrose pulmonar e a DPOC ainda s\u00e3o pouco conhecidas, mas impactam profundamente a vida de milhares de brasileiros. Como m\u00e9dico e como parlamentar, tenho a convic\u00e7\u00e3o de que a conscientiza\u00e7\u00e3o, o diagn\u00f3stico precoce e o acesso a tratamentos adequados s\u00e3o caminhos fundamentais para mudar essa realidade. A\u00e7\u00f5es como essa, que unem sociedade civil, especialistas, ind\u00fastria e poder p\u00fablico, s\u00e3o essenciais para dar visibilidade ao tema e fortalecer as pol\u00edticas p\u00fablicas voltadas ao cuidado com o pulm\u00e3o e com a vida dos pacientes.&#8221;, afirma o deputado federal Pedro Westphalen, refor\u00e7ando a relev\u00e2ncia de iniciativas que aproximam a sociedade e o poder p\u00fablico dos temas ligados \u00e0 sa\u00fade do pulm\u00e3o.<\/p>\n<p>Outro destaque foi a presen\u00e7a de Fernando Afonso, presidente da Vertex Farmac\u00eautica, que abordou os desafios relacionados \u00e0 fibrose c\u00edstica e a import\u00e2ncia de pol\u00edticas p\u00fablicas que priorizem o acesso dos pacientes a diagn\u00f3stico e tratamento adequados.<\/p>\n<p><b>  <u>Sobre as enfermidades<\/u><\/b>\n <\/p>\n<p><b>Sobre as Doen\u00e7as Pulmonares Intersticiais<\/b>\n <\/p>\n<p>As Doen\u00e7as Pulmonares Intersticiais (DPIs) fibr\u00f3ticas englobam mais de 200 condi\u00e7\u00f5es que podem levar \u00e0 forma\u00e7\u00e3o de cicatrizes irrevers\u00edveis no tecido pulmonar, potencialmente comprometendo a respira\u00e7\u00e3o e impactando a qualidade de vida\u00b9. Entre elas, a Fibrose Pulmonar Idiop\u00e1tica (FPI) e a Fibrose Pulmonar Progressiva (FPP) s\u00e3o consideradas formas mais graves, podendo estar associadas ao decl\u00ednio progressivo da fun\u00e7\u00e3o pulmonar e \u00e0 redu\u00e7\u00e3o da sobrevida dos pacientes\u00b2.<\/p>\n<p>Embora sejam condi\u00e7\u00f5es que afetam significativamente a vida dos pacientes, a falta de conhecimento sobre a FPI e a FPP pode representar um desafio para o diagn\u00f3stico precoce. Por isso iniciativas como essa s\u00e3o muito relevantes para educar e orientar a popula\u00e7\u00e3o. <\/p>\n<p>&#8220;Infelizmente, \u00e9 comum os pacientes conviverem com os sintomas da fibrose pulmonar por anos antes de receberem um diagn\u00f3stico correto, influenciando sua qualidade de vida e o acesso ao tratamento adequado. A Boehringer apoia a\u00e7\u00f5es como essa porque fomentam a conscientiza\u00e7\u00e3o a respeito de doen\u00e7as debilitantes como a fibrose pulmonar&#8221;, explica a Dra. Thais Melo, Diretora M\u00e9dica e de Acesso ao Mercado da Boehringer Ingelheim no Brasil. <\/p>\n<p>Segundo a m\u00e9dica, se o paciente perde a fun\u00e7\u00e3o pulmonar, n\u00e3o pode mais recuper\u00e1-la, o que causa grande impacto na sua qualidade de vida. &#8220;Os sintomas iniciais, como tosse seca persistente e falta de ar, s\u00e3o frequentemente confundidos com problemas respirat\u00f3rios mais comuns, como infec\u00e7\u00f5es, atrasando o diagn\u00f3stico. Aproximadamente 55% dos pacientes podem receber diagn\u00f3sticos incorretos antes da confirma\u00e7\u00e3o da doen\u00e7a&#8221;, afirma.<\/p>\n<p><b>Sobre a Fibrose C\u00edstica <\/b>\n <\/p>\n<p>A fibrose c\u00edstica (FC) \u00e9 uma doen\u00e7a gen\u00e9tica rara e de curso progressivo, que afeta mais de 109.000 pessoas, incluindo <b>94.000 pessoas na Am\u00e9rica do Norte, Europa e Austr\u00e1lia <\/b>e mais de 4.000 pessoas no Brasil. A FC \u00e9 uma doen\u00e7a que compromete m\u00faltiplos \u00f3rg\u00e3os, afetando os pulm\u00f5es, f\u00edgado, p\u00e2ncreas, trato gastrointestinal, seios nasais, gl\u00e2ndulas sudor\u00edparas e trato reprodutivo. A FC \u00e9 causada por uma prote\u00edna CFTR defeituosa e\/ou ausente devido a certas muta\u00e7\u00f5es no gene CFTR. As crian\u00e7as devem herdar dois genes CFTR defeituosos &#8212; um de cada pai &#8212; para ter FC, e essas muta\u00e7\u00f5es podem ser identificadas por meio de um teste gen\u00e9tico. Embora existam muitos tipos diferentes de muta\u00e7\u00f5es CFTR que podem causar a doen\u00e7a, a maioria das pessoas com FC possui pelo menos uma muta\u00e7\u00e3o F508del. As muta\u00e7\u00f5es CFTR levam \u00e0 FC ao tornar a prote\u00edna CFTR defeituosa ou ao provocar uma defici\u00eancia ou aus\u00eancia da prote\u00edna CFTR na superf\u00edcie celular. A fun\u00e7\u00e3o defeituosa e\/ou aus\u00eancia de prote\u00edna CFTR resulta em um fluxo inadequado de sal e \u00e1gua para dentro e fora das c\u00e9lulas em diversos \u00f3rg\u00e3os. Nos pulm\u00f5es, isso leva ao ac\u00famulo de muco anormalmente espesso e pegajoso, infec\u00e7\u00f5es pulmonares cr\u00f4nicas e danos progressivos nos pulm\u00f5es, que eventualmente levam \u00e0 morte de muitos pacientes.<\/p>\n<p>Atualmente, os medicamentos da Vertex para FC est\u00e3o sendo utilizados por mais de 75.000 pessoas em mais de 60 pa\u00edses nos seis continentes. Isso representa 2\/3 das pessoas diagnosticadas com FC eleg\u00edveis para a terapia moduladora de CFTR.<\/p>\n<p><b>Sobre a Boehringer Ingelheim<\/b>\n <\/p>\n<p> A Boehringer Ingelheim, uma das 20 maiores empresas da ind\u00fastria farmac\u00eautica, atua tanto na sa\u00fade humana quanto animal. Como um dos principais investidores da ind\u00fastria em pesquisa e desenvolvimento, a companhia tem como foco o desenvolvimento de terapias inovadoras que podem melhorar e prolongar vidas em \u00e1reas com altas necessidades m\u00e9dicas n\u00e3o atendidas. Desde a sua funda\u00e7\u00e3o em 1885, a Boehringer adota uma perspectiva de longo prazo, incorporando sustentabilidade em toda a sua cadeia de valor. Com aproximadamente 54.500 colaboradores, a empresa atende mais de 130 mercados para construir um amanh\u00e3 mais saud\u00e1vel e sustent\u00e1vel.<\/p>\n<p>No Brasil desde 1956, a Boehringer atua em todo o territ\u00f3rio nacional e est\u00e1 instalada no estado de S\u00e3o Paulo, com escrit\u00f3rio na capital, f\u00e1brica em Paul\u00ednia dedicada \u00e0 sa\u00fade animal, e laborat\u00f3rio de controle de qualidade no Jaguar\u00e9. Pelo nono ano consecutivo, foi reconhecida pela certifica\u00e7\u00e3o Top Employer, que elege as melhores empregadoras do mundo por suas iniciativas de recursos humanos. E, mais recentemente, a companhia recebeu a certifica\u00e7\u00e3o do instituto Great Place to Work, que reconhece as organiza\u00e7\u00f5es que s\u00e3o consideradas pelos (as) seus colaboradores (as) como um \u00f3timo lugar para se trabalhar.<\/p>\n<p>Para mais informa\u00e7\u00f5es, acesse:<br \/><a href=\"https:\/\/eur03.safelinks.protection.outlook.com\/?url=http%3A%2F%2Fwww.boehringer-ingelheim.com.br%2F&amp;data=05%7C02%7Cbianca.dias%40boehringer-ingelheim.com%7Cd0f828d1bc4743fcc1ce08dc6e18a740%7Ce1f8af86ee954718bd0d375b37366c83%7C0%7C0%7C638506299367007561%7CUnknown%7CTWFpbGZsb3d8eyJWIjoiMC4wLjAwMDAiLCJQIjoiV2luMzIiLCJBTiI6Ik1haWwiLCJXVCI6Mn0%3D%7C0%7C%7C%7C&amp;sdata=yyNqUMLtetUP1WZ9Pp31rddW%2BR8zx%2Bm%2BtEIUL%2FSMceU%3D&amp;reserved=0\" target=\"_blank\" rel=\"nofollow\">www.boehringer-ingelheim.com.br<\/a><u><br \/><a href=\"https:\/\/eur03.safelinks.protection.outlook.com\/?url=http%3A%2F%2Fwww.facebook.com%2FBoehringerIngelheimBrasil&amp;data=05%7C02%7Cbianca.dias%40boehringer-ingelheim.com%7Cd0f828d1bc4743fcc1ce08dc6e18a740%7Ce1f8af86ee954718bd0d375b37366c83%7C0%7C0%7C638506299367014598%7CUnknown%7CTWFpbGZsb3d8eyJWIjoiMC4wLjAwMDAiLCJQIjoiV2luMzIiLCJBTiI6Ik1haWwiLCJXVCI6Mn0%3D%7C0%7C%7C%7C&amp;sdata=kJBPdKtYw1VzHrE0A8WZmhr7dxKYzyxz9HF0qTscjwA%3D&amp;reserved=0\" target=\"_blank\" rel=\"nofollow\">www.facebook.com\/BoehringerIngelheimBrasil<\/a><br \/><a href=\"https:\/\/eur03.safelinks.protection.outlook.com\/?url=http%3A%2F%2Fwww.instagram.com%2Fboehringeringelheimbr%2F&amp;data=05%7C02%7Cbianca.dias%40boehringer-ingelheim.com%7Cd0f828d1bc4743fcc1ce08dc6e18a740%7Ce1f8af86ee954718bd0d375b37366c83%7C0%7C0%7C638506299367020362%7CUnknown%7CTWFpbGZsb3d8eyJWIjoiMC4wLjAwMDAiLCJQIjoiV2luMzIiLCJBTiI6Ik1haWwiLCJXVCI6Mn0%3D%7C0%7C%7C%7C&amp;sdata=DNwzWE7IizcsigxVPtPlY3u2Tlyhnwcds98iiuvgVlE%3D&amp;reserved=0\" target=\"_blank\" rel=\"nofollow\">www.instagram.com\/boehringeringelheimbr\/<\/a><\/u><br \/><a href=\"https:\/\/eur03.safelinks.protection.outlook.com\/?url=http%3A%2F%2Fwww.linkedin.com%2Fcompany%2Fboehringer-ingelheim%2F&amp;data=05%7C02%7Cbianca.dias%40boehringer-ingelheim.com%7Cd0f828d1bc4743fcc1ce08dc6e18a740%7Ce1f8af86ee954718bd0d375b37366c83%7C0%7C0%7C638506299367025988%7CUnknown%7CTWFpbGZsb3d8eyJWIjoiMC4wLjAwMDAiLCJQIjoiV2luMzIiLCJBTiI6Ik1haWwiLCJXVCI6Mn0%3D%7C0%7C%7C%7C&amp;sdata=hhoyWSBqUmhnsKR2AdplZGE%2Fvu7XUtIUzEcnV%2BN5TWI%3D&amp;reserved=0\" target=\"_blank\" rel=\"nofollow\">www.linkedin.com\/company\/boehringer-ingelheim\/<\/a><u><br \/><a href=\"https:\/\/eur03.safelinks.protection.outlook.com\/?url=http%3A%2F%2Fwww.facebook.com%2FBoehringerIngelheimSaudeAnimal&amp;data=05%7C02%7Cbianca.dias%40boehringer-ingelheim.com%7Cd0f828d1bc4743fcc1ce08dc6e18a740%7Ce1f8af86ee954718bd0d375b37366c83%7C0%7C0%7C638506299367031574%7CUnknown%7CTWFpbGZsb3d8eyJWIjoiMC4wLjAwMDAiLCJQIjoiV2luMzIiLCJBTiI6Ik1haWwiLCJXVCI6Mn0%3D%7C0%7C%7C%7C&amp;sdata=GnXZ%2Bbg%2Bmpibl1kcCY8Cca5gUCrsFaDjls%2BcwRqWWDw%3D&amp;reserved=0\" target=\"_blank\" rel=\"nofollow\">www.facebook.com\/BoehringerIngelheimSaudeAnimal<\/a><br \/><a href=\"https:\/\/eur03.safelinks.protection.outlook.com\/?url=http%3A%2F%2Fwww.instagram.com%2Fboehringeringelheimsaudeanimal%2F&amp;data=05%7C02%7Cbianca.dias%40boehringer-ingelheim.com%7Cd0f828d1bc4743fcc1ce08dc6e18a740%7Ce1f8af86ee954718bd0d375b37366c83%7C0%7C0%7C638506299367036964%7CUnknown%7CTWFpbGZsb3d8eyJWIjoiMC4wLjAwMDAiLCJQIjoiV2luMzIiLCJBTiI6Ik1haWwiLCJXVCI6Mn0%3D%7C0%7C%7C%7C&amp;sdata=lWkopBIZY0X3wl1IoGgOB%2FJ6UnDUCODHQJW1WufTLw8%3D&amp;reserved=0\" target=\"_blank\" rel=\"nofollow\">www.instagram.com\/boehringeringelheimsaudeanimal\/<\/a><\/u><\/p>\n<p><b>_______________________________<\/b>\n <\/p>\n<p><b>Refer\u00eancias:<\/b>\n <\/p>\n<p>1. Burgstaller G et al. Eur Respir J 2017;50:1601805.<br \/>2. Raghu G et al. Lancet Respir Med, 2019.<br \/>3. Bonella F et al. Drugs, 2023.<br \/>4. Wijsenbeek M et al. N Engl J Med, 2020.<br \/>5. Lederer DJ et al. N Engl J Med 2018; 378:1811-1823.<br \/>6. Vancheri C et al. Eur Respir J 2010;35:496-504.<br \/>7. Kolb M et al. Thorax 2017;72:340-346.<br \/>8. Wells AU, Brown KK, Flaherty KR, et al. BMJ Open Respir Res. 2017;4:e000212.<br \/>9. Spagnolo P et al. Lancet Respir Med. 2021 Sep;9(9):1065-1076.<\/p>\n<p>Foto &#8211; <a href=\"https:\/\/mma.prnewswire.com\/media\/2787837\/Picture1.jpg\" target=\"_blank\" rel=\"nofollow\">https:\/\/mma.prnewswire.com\/media\/2787837\/Picture1.jpg<\/a><\/p>\n<div class=\"PRN_ImbeddedAssetReference\" id=\"DivAssetPlaceHolder0\"><\/div>\n<p id=\"PURL\">\n<img loading=\"lazy\" decoding=\"async\" title=\"Cision\" width=\"12\" height=\"12\" alt=\"Cision\" src=\"https:\/\/edge.prnewswire.com\/c\/img\/favicon.png?sn=PT89308&amp;sd=2025-10-02\" \/> View original content to download multimedia:<a id=\"PRNURL\" rel=\"nofollow\" href=\"https:\/\/www.prnewswire.com\/br\/comunicados-para-a-imprensa\/frente-parlamentar-de-prevencao-de-doencas-pulmonares-graves-faz-projecao-no-congresso-nacional-para-conscientizar-sobre-doencas-respiratorias-como-a-fibrose-pulmonar-302573845.html\" target=\"_blank\">https:\/\/www.prnewswire.com\/br\/comunicados-para-a-imprensa\/frente-parlamentar-de-prevencao-de-doencas-pulmonares-graves-faz-projecao-no-congresso-nacional-para-conscientizar-sobre-doencas-respiratorias-como-a-fibrose-pulmonar-302573845.html<\/a><\/p>\n<p>FONTE Boehringer Ingelheim<\/p>\n<\/p><\/div>\n<p>  <img decoding=\"async\" alt=\"\" src=\"https:\/\/rt.prnewswire.com\/rt.gif?NewsItemId=PT89308&amp;Transmission_Id=202510021500PR_NEWS_LATAM____PT89308&amp;DateId=20251002\" style=\"border:0px;width:1px;height:1px\" \/><\/p>\n<p><strong>T\u00f3picos Relacionados:<\/strong> Produtos Farmac\u00eauticos, M\u00e9dico \/ Farmac\u00eautico, Sa\u00fade\/Hospitais<\/p>\n<p>A <b>OESP<\/b> n\u00e3o \u00e9(s\u00e3o) respons\u00e1vel(is) por erros, incorre\u00e7\u00f5es, atrasos ou quaisquer decis\u00f5es tomadas por seus clientes com base nos Conte\u00fados ora disponibilizados, bem como tais Conte\u00fados n\u00e3o representam a opini\u00e3o da <b>OESP<\/b> e s\u00e3o de inteira responsabilidade da <b>PR Newswire Ltda<\/b><\/p>\n","protected":false},"excerpt":{"rendered":"Iniciativa com apoio da Boehringer Ingelheim contou com solenidade no Sal\u00e3o Nobre da C\u00e2mara dos Deputados S\u00c3O PAULO, 2 de outubro de 2025 \/PRNewswire\/ &#8212; A Frente Parlamentar de Preven\u00e7\u00e3o de","protected":false},"author":1,"featured_media":116961,"comment_status":"open","ping_status":"closed","sticky":false,"template":"","format":"standard","meta":{"_acf_changed":false,"inline_featured_image":false,"_monsterinsights_skip_tracking":false,"_monsterinsights_sitenote_active":false,"_monsterinsights_sitenote_note":"","_monsterinsights_sitenote_category":0,"footnotes":""},"categories":[27],"tags":[2915,2916,2917],"class_list":["post-116960","post","type-post","status-publish","format-standard","has-post-thumbnail","hentry","category-prnewswire","tag-a-frente-parlamentar-de-prevencao-de-doencas-pulmonares-graves-promoveu-uma-acao-de-conscientizacao-sobre-doencas-respiratorias-graves","tag-como-a-fibrose-pulmonar","tag-condicao-rara-e-de"],"acf":[],"_links":{"self":[{"href":"https:\/\/bluestudio.estadao.com.br\/agencia-de-comunicacao\/wp-json\/wp\/v2\/posts\/116960","targetHints":{"allow":["GET"]}}],"collection":[{"href":"https:\/\/bluestudio.estadao.com.br\/agencia-de-comunicacao\/wp-json\/wp\/v2\/posts"}],"about":[{"href":"https:\/\/bluestudio.estadao.com.br\/agencia-de-comunicacao\/wp-json\/wp\/v2\/types\/post"}],"author":[{"embeddable":true,"href":"https:\/\/bluestudio.estadao.com.br\/agencia-de-comunicacao\/wp-json\/wp\/v2\/users\/1"}],"replies":[{"embeddable":true,"href":"https:\/\/bluestudio.estadao.com.br\/agencia-de-comunicacao\/wp-json\/wp\/v2\/comments?post=116960"}],"version-history":[{"count":0,"href":"https:\/\/bluestudio.estadao.com.br\/agencia-de-comunicacao\/wp-json\/wp\/v2\/posts\/116960\/revisions"}],"wp:featuredmedia":[{"embeddable":true,"href":"https:\/\/bluestudio.estadao.com.br\/agencia-de-comunicacao\/wp-json\/wp\/v2\/media\/116961"}],"wp:attachment":[{"href":"https:\/\/bluestudio.estadao.com.br\/agencia-de-comunicacao\/wp-json\/wp\/v2\/media?parent=116960"}],"wp:term":[{"taxonomy":"category","embeddable":true,"href":"https:\/\/bluestudio.estadao.com.br\/agencia-de-comunicacao\/wp-json\/wp\/v2\/categories?post=116960"},{"taxonomy":"post_tag","embeddable":true,"href":"https:\/\/bluestudio.estadao.com.br\/agencia-de-comunicacao\/wp-json\/wp\/v2\/tags?post=116960"}],"curies":[{"name":"wp","href":"https:\/\/api.w.org\/{rel}","templated":true}]}}