{"id":116676,"date":"2025-09-29T16:42:00","date_gmt":"2025-09-29T19:42:00","guid":{"rendered":"https:\/\/bluestudio.estadao.com.br\/agencia-de-comunicacao\/prnewswire\/ar-condicionado-lg-traz-tecnologia-de-ponta-para-noites-de-sono-perfeitas\/"},"modified":"2025-09-29T16:42:00","modified_gmt":"2025-09-29T19:42:00","slug":"ar-condicionado-lg-traz-tecnologia-de-ponta-para-noites-de-sono-perfeitas","status":"publish","type":"post","link":"https:\/\/bluestudio.estadao.com.br\/agencia-de-comunicacao\/prnewswire\/ar-condicionado-lg-traz-tecnologia-de-ponta-para-noites-de-sono-perfeitas\/","title":{"rendered":"Ar-condicionado LG traz tecnologia de ponta para noites de sono perfeitas"},"content":{"rendered":"\n<div class=\"xn-content\">\n<p class=\"prntac\"><i>Compressor DUAL Inverter, fun\u00e7\u00e3o Comfort Sleep e AI criam o ambiente ideal para o descanso, com opera\u00e7\u00e3o silenciosa e controle de temperatura preciso<\/i>\n <\/p>\n<div class=\"PRN_ImbeddedAssetReference\" id=\"DivAssetPlaceHolder7107\">\n  <a href=\"https:\/\/mma.prnewswire.com\/media\/2784839\/Imagem2__1.html\" target=\"_blank\" rel=\"nofollow\"> <img decoding=\"async\" src=\"https:\/\/mma.prnewswire.com\/media\/2784839\/Imagem2__1.jpg\" title=\"\" alt=\"\" \/>  <\/a>\n<\/p>\n<\/p><\/div>\n<p><span class=\"legendSpanClass\">S\u00c3O PAULO<\/span>, <span class=\"legendSpanClass\">29 de setembro de 2025<\/span> \/PRNewswire\/ &#8212; Em um mundo onde a qualidade do sono \u00e9 um pilar para o bem-estar, a LG Electronics refor\u00e7a seu compromisso com a sa\u00fade do consumidor com tecnologias em suas solu\u00e7\u00f5es de ar-condicionado pensadas para tornar a vida das pessoas, de fato, melhores. A linha LG AI DUAL Inverter Voice foi projetada para criar verdadeiros ref\u00fagios, controlando ativamente os fatores que mais impactam os momentos de descanso: a temperatura e o ru\u00eddo. Com um conjunto de inova\u00e7\u00f5es que v\u00e3o desde seu hardware silencioso at\u00e9 softwares inteligentes, a LG redefine o papel do ar-condicionado, transformando-o em um guardi\u00e3o do sono.<\/p>\n<p>Para Lucas Nogueira, Gerente de Produto de Ar-Condicionado Residencial da LG Brasil, &#8220;a LG entente que o quarto, sala, ou qualquer outro ambiente da casa deve se tornar praticamente um santu\u00e1rio nos momentos de repouso. Por isso, projetamos nossa linha de ar-condicionado n\u00e3o apenas para climatizar, mas para cuidar do sono das pessoas. A tecnologia DUAL Inverter garante um ambiente est\u00e1vel e silencioso, enquanto a fun\u00e7\u00e3o Comfort Sleep se adapta ao corpo durante a noite. O objetivo \u00e9 que o usu\u00e1rio esque\u00e7a que o aparelho est\u00e1 ligado e simplesmente desfrute de um sono profundo e reparador, acordando renovado. \u00c9 a tecnologia trabalhando de forma invis\u00edvel para promover o bem-estar vis\u00edvel.&#8221;<\/p>\n<p>A base para um sono ininterrupto \u00e9 o sil\u00eancio, e o compressor <b>DUAL Inverter, <\/b>o cora\u00e7\u00e3o dos aparelhos LG \u00e9 um elemento important\u00edssimo tamb\u00e9m nesse quesito, e n\u00e3o apenas em termos de efici\u00eancia e economia de energia. Diferente dos modelos convencionais que ligam e desligam constantemente, sua tecnologia de rotor duplo e velocidade vari\u00e1vel garante uma opera\u00e7\u00e3o com vibra\u00e7\u00e3o e ru\u00eddo drasticamente reduzidos, chegando a n\u00edveis a partir de <b>22 decib\u00e9is<\/b> &#8211; mais silencioso que uma biblioteca.<\/p>\n<p>Al\u00e9m de manter a temperatura est\u00e1vel, sem picos de frio, essa tecnologia proporciona uma economia de energia de at\u00e9 70%, com a confian\u00e7a de uma garantia de 10 anos no compressor. Aliado ao hardware, a fun\u00e7\u00e3o <b>Comfort Sleep<\/b> demonstra um profundo entendimento das necessidades do corpo humano. Ao ser ativada, ela ajusta a temperatura de forma gradual e autom\u00e1tica durante a noite, alinhando-se \u00e0 queda natural da temperatura corporal e evitando o desconforto que pode interromper o sono.<\/p>\n<p>Modelos com AI, como o <b>LG AI DUAL Inverter Voice Artcool UV Nano<\/b>, v\u00e3o al\u00e9m, aprendendo os h\u00e1bitos dos usu\u00e1rios e analisando a umidade e temperatura do ambiente para climatizar o espa\u00e7o de forma proativa. O ecossistema de bem-estar se completa com a tecnologia <b>UV Nano<\/b>, que utiliza luzes ultravioleta para eliminar at\u00e9 99,99% de v\u00edrus e bact\u00e9rias no interior do aparelho, purificando o ar do quarto.<\/p>\n<p>A conveni\u00eancia \u00e9 garantida pela conectividade Wi-Fi via aplicativo <b>LG ThinQ(R)<\/b>, que permite o controle por voz com Google Assistente e Alexa, possibilitando ajustar a temperatura sem sair da cama. Juntas, essas funcionalidades formam a &#8220;arquitetura do repouso&#8221;, transformando o ar-condicionado em um sistema completo para a sa\u00fade e o bem-estar.<\/p>\n<p><b>SOBRE A LG ELECTRONICS, INC.<br \/><\/b>A LG Electronics \u00e9 uma l\u00edder global em tecnologia e eletr\u00f4nicos de consumo, com presen\u00e7a em quase todos os pa\u00edses e uma for\u00e7a de trabalho internacional superior a 75 mil pessoas. A companhia reorganizou suas opera\u00e7\u00f5es em quatro <i>divis\u00f5es de neg\u00f3cios:<\/i> <b>Home Appliance Solution (HS), Media Entertainment Solution (MS), Vehicle Solution (VS) e Eco Solution (ES)<\/b>, redefinindo seus pap\u00e9is e identidades para acelerar sua vis\u00e3o de futuro at\u00e9 2030. Em 2024, as quatro <i>divis\u00f5es<\/i> combinadas geraram uma receita global de mais de 87,74 trilh\u00f5es de KRW (US$ 64,32 bilh\u00f5es). A LG \u00e9 reconhecida mundialmente por suas solu\u00e7\u00f5es inovadoras em TVs, eletrodom\u00e9sticos, ar-condicionado, monitores, componentes automotivos e solu\u00e7\u00f5es sustent\u00e1veis. Suas marcas premium LG SIGNATURE e a plataforma inteligente LG ThinQ refor\u00e7am o compromisso da empresa com inova\u00e7\u00e3o e qualidade. Para mais informa\u00e7\u00f5es, acesse: <a href=\"https:\/\/urldefense.com\/v3\/__http:\/www.lgnewsroom.com\/__;!!IfJP2Nwhk5Z0yJ43lA!JB8jB_aDq9q12ibgovI6-LbtY20JVh38xXUo475_MtX_u-KAleYlWRWWG4S7nFpo1h15OwLmCUvyCfYHbjftcyax$\" target=\"_blank\" rel=\"nofollow\">www.LGnewsroom.com<\/a>.<\/p>\n<p><b>SOBRE A LG ELECTRONICS NO BRASIL<br \/><\/b>Presente no Brasil desde 1996, a LG Electronics oferece um amplo portf\u00f3lio com mais de 350 produtos, incluindo TVs, <i>caixas de som, pain\u00e9is, monitores, som automotivo, equipamentos de inform\u00e1tica, ar-condicionado (residencial e comercial),<\/i> produtos de linha branca e solu\u00e7\u00f5es corporativas. Alinhada \u00e0 nova estrutura global, a opera\u00e7\u00e3o brasileira integra iniciativas das quatro <i>divis\u00f5es da<\/i> LG: HS, MS, VS e ES. <i>Nossa<\/i> f\u00e1brica em Manaus produz a maior parte dos itens comercializados no Pa\u00eds, consolidando a subsidi\u00e1ria brasileira como uma das cinco maiores opera\u00e7\u00f5es da LG fora da Coreia. Com cerca de tr\u00eas mil colaboradores, a empresa conta com assist\u00eancia<i> t\u00e9cnica e call center pr\u00f3prios, Business Solution Center em S\u00e3o Paulo e duas lojas conceito (Salvador e S\u00e3o Paulo) al\u00e9m de uma f\u00e1brica de Linha Branca em Constru\u00e7\u00e3o na regi\u00e3o metropolitana de Curitiba, Paran\u00e1.<\/i><\/p>\n<p><b>Life&#8217;s Good<\/b>\n <\/p>\n<p>A LG Electronics tem como prop\u00f3sito central o bem-estar do consumidor, oferecendo produtos que trazem solu\u00e7\u00f5es pr\u00e1ticas e impacto real no conforto do dia a dia das pessoas ao redor do mundo. Esse \u00e9 o verdadeiro significado de &#8216;Life&#8217;s Good&#8217;. Para levar essa filosofia al\u00e9m da experi\u00eancia com seus produtos, a empresa lan\u00e7ou iniciativas como o &#8216;<a href=\"https:\/\/urldefense.com\/v3\/__https:\/radiooptimism.lg.com\/pt__;!!IfJP2Nwhk5Z0yJ43lA!M9j_zEjJ89z154ULUt6eY3pwOZwuH7e_L_9LnZBVfOAQjtfVtRxD67Yg1lYYYK9GYpGk097wTvqGv0zWHjEsPHZ3qw$\" target=\"_blank\" rel=\"nofollow\">Radio Optimism<\/a>&#8216; &#8212; uma plataforma gratuita que transforma mensagens de carinho em m\u00fasicas personalizadas, com a miss\u00e3o de levar otimismo e aproximar as pessoas. Essa e outras a\u00e7\u00f5es da campanha &#8216;Life&#8217;s Good&#8217; buscam fortalecer conex\u00f5es mais profundas entre as pessoas, mostrando na pr\u00e1tica como a inova\u00e7\u00e3o da LG atua para tornar a vida genuinamente melhor.<\/p>\n<p><b>ACOMPANHE TODAS AS INFORMA\u00c7\u00d5ES NOS CANAIS LG<br \/><\/b>Site: <a href=\"http:\/\/www.lg.com\/br\" target=\"_blank\" rel=\"nofollow\">http:\/\/www.lg.com\/br<\/a><br \/>Instagram: <a href=\"https:\/\/www.instagram.com\/lgbrasil\/\" target=\"_blank\" rel=\"nofollow\">https:\/\/www.instagram.com\/lgbrasil\/<\/a><br \/>Twitter: <a href=\"http:\/\/twitter.com\/lgdobrasil\" target=\"_blank\" rel=\"nofollow\">http:\/\/twitter.com\/lgdobrasil<\/a><br \/>YouTube: <a href=\"http:\/\/www.youtube.com\/lgdobrasil\" target=\"_blank\" rel=\"nofollow\">http:\/\/www.youtube.com\/lgdobrasil<\/a><br \/>Facebook: <a href=\"http:\/\/www.facebook.com\/lgdobrasil\" target=\"_blank\" rel=\"nofollow\">http:\/\/www.facebook.com\/lgdobrasil<\/a><br \/>Linkedin: <a href=\"http:\/\/www.linkedin.com\/company\/lg-electronics-brasil\" target=\"_blank\" rel=\"nofollow\">www.linkedin.com\/company\/lg-electronics-brasil<\/a><\/p>\n<p>Foto &#8211; <a href=\"https:\/\/mma.prnewswire.com\/media\/2784839\/Imagem2__1.jpg\" target=\"_blank\" rel=\"nofollow\">https:\/\/mma.prnewswire.com\/media\/2784839\/Imagem2__1.jpg<\/a><\/p>\n<div class=\"PRN_ImbeddedAssetReference\" id=\"DivAssetPlaceHolder0\"><\/div>\n<p id=\"PURL\">\n<img loading=\"lazy\" decoding=\"async\" title=\"Cision\" width=\"12\" height=\"12\" alt=\"Cision\" src=\"https:\/\/edge.prnewswire.com\/c\/img\/favicon.png?sn=PT85992&amp;sd=2025-09-29\" \/> View original content to download multimedia:<a id=\"PRNURL\" rel=\"nofollow\" href=\"https:\/\/www.prnewswire.com\/br\/comunicados-para-a-imprensa\/ar-condicionado-lg-traz-tecnologia-de-ponta-para-noites-de-sono-perfeitas-302569932.html\" target=\"_blank\">https:\/\/www.prnewswire.com\/br\/comunicados-para-a-imprensa\/ar-condicionado-lg-traz-tecnologia-de-ponta-para-noites-de-sono-perfeitas-302569932.html<\/a><\/p>\n<p>FONTE LG Electronics Brasil<\/p>\n<\/p><\/div>\n<p>  <img decoding=\"async\" alt=\"\" src=\"https:\/\/rt.prnewswire.com\/rt.gif?NewsItemId=PT85992&amp;Transmission_Id=202509291530PR_NEWS_LATAM____PT85992&amp;DateId=20250929\" style=\"border:0px;width:1px;height:1px\" \/><\/p>\n<p><strong>T\u00f3picos Relacionados:<\/strong> Novos Produtos\/Servi\u00e7os, HVAC (Aquecimento, Ventila\u00e7\u00e3o e Ar Condicionado), Varejo, Eletr\u00f4nicos de Consumo, Dom\u00e9stico\/Consumidor\/Cosm\u00e9ticos, Computador\/Eletr\u00f4nica<\/p>\n<p>A <b>OESP<\/b> n\u00e3o \u00e9(s\u00e3o) respons\u00e1vel(is) por erros, incorre\u00e7\u00f5es, atrasos ou quaisquer decis\u00f5es tomadas por seus clientes com base nos Conte\u00fados ora disponibilizados, bem como tais Conte\u00fados n\u00e3o representam a opini\u00e3o da <b>OESP<\/b> e s\u00e3o de inteira responsabilidade da <b>PR Newswire Ltda<\/b><\/p>\n","protected":false},"excerpt":{"rendered":"Compressor DUAL Inverter, fun\u00e7\u00e3o Comfort Sleep e AI criam o ambiente ideal para o descanso, com opera\u00e7\u00e3o silenciosa e controle de temperatura preciso S\u00c3O PAULO, 29 de setembro de 2025","protected":false},"author":1,"featured_media":116677,"comment_status":"open","ping_status":"closed","sticky":false,"template":"","format":"standard","meta":{"_acf_changed":false,"inline_featured_image":false,"_monsterinsights_skip_tracking":false,"_monsterinsights_sitenote_active":false,"_monsterinsights_sitenote_note":"","_monsterinsights_sitenote_category":0,"footnotes":""},"categories":[27],"tags":[2689,2688],"class_list":["post-116676","post","type-post","status-publish","format-standard","has-post-thumbnail","hentry","category-prnewswire","tag-a-lg-electronics-reforca-seu-compromisso-com-a-saude-do-consumidor-com-tecnologias-em-suas-solucoes-de-ar-condici","tag-em-um-mundo-onde-a-qualidade-do-sono-e-um-pilar-para-o-bem-estar"],"acf":[],"_links":{"self":[{"href":"https:\/\/bluestudio.estadao.com.br\/agencia-de-comunicacao\/wp-json\/wp\/v2\/posts\/116676","targetHints":{"allow":["GET"]}}],"collection":[{"href":"https:\/\/bluestudio.estadao.com.br\/agencia-de-comunicacao\/wp-json\/wp\/v2\/posts"}],"about":[{"href":"https:\/\/bluestudio.estadao.com.br\/agencia-de-comunicacao\/wp-json\/wp\/v2\/types\/post"}],"author":[{"embeddable":true,"href":"https:\/\/bluestudio.estadao.com.br\/agencia-de-comunicacao\/wp-json\/wp\/v2\/users\/1"}],"replies":[{"embeddable":true,"href":"https:\/\/bluestudio.estadao.com.br\/agencia-de-comunicacao\/wp-json\/wp\/v2\/comments?post=116676"}],"version-history":[{"count":0,"href":"https:\/\/bluestudio.estadao.com.br\/agencia-de-comunicacao\/wp-json\/wp\/v2\/posts\/116676\/revisions"}],"wp:featuredmedia":[{"embeddable":true,"href":"https:\/\/bluestudio.estadao.com.br\/agencia-de-comunicacao\/wp-json\/wp\/v2\/media\/116677"}],"wp:attachment":[{"href":"https:\/\/bluestudio.estadao.com.br\/agencia-de-comunicacao\/wp-json\/wp\/v2\/media?parent=116676"}],"wp:term":[{"taxonomy":"category","embeddable":true,"href":"https:\/\/bluestudio.estadao.com.br\/agencia-de-comunicacao\/wp-json\/wp\/v2\/categories?post=116676"},{"taxonomy":"post_tag","embeddable":true,"href":"https:\/\/bluestudio.estadao.com.br\/agencia-de-comunicacao\/wp-json\/wp\/v2\/tags?post=116676"}],"curies":[{"name":"wp","href":"https:\/\/api.w.org\/{rel}","templated":true}]}}