{"id":116600,"date":"2025-09-26T18:57:00","date_gmt":"2025-09-26T21:57:00","guid":{"rendered":"https:\/\/bluestudio.estadao.com.br\/agencia-de-comunicacao\/prnewswire\/lg-kw-manager-gerencia-consumo-do-ar-condicionado-e-evita-surpresas-na-conta\/"},"modified":"2025-09-26T18:57:00","modified_gmt":"2025-09-26T21:57:00","slug":"lg-kw-manager-gerencia-consumo-do-ar-condicionado-e-evita-surpresas-na-conta","status":"publish","type":"post","link":"https:\/\/bluestudio.estadao.com.br\/agencia-de-comunicacao\/prnewswire\/lg-kw-manager-gerencia-consumo-do-ar-condicionado-e-evita-surpresas-na-conta\/","title":{"rendered":"LG kW Manager gerencia consumo do ar-condicionado e evita surpresas na conta"},"content":{"rendered":"\n<div class=\"xn-content\">\n<p class=\"prntac\"><i>Funcionalidade dispon\u00edvel no aplicativo LG ThinQ(R) permite acompanhar gasto e definir metas em kWh para consumo eficiente, mesmo em per\u00edodos de bandeira vermelha<\/i>\n <\/p>\n<div class=\"PRN_ImbeddedAssetReference\" id=\"DivAssetPlaceHolder4851\">\n  <a href=\"https:\/\/mma.prnewswire.com\/media\/2783517\/LG.html\" target=\"_blank\" rel=\"nofollow\"> <img decoding=\"async\" src=\"https:\/\/mma.prnewswire.com\/media\/2783517\/LG.jpg\" title=\"\" alt=\"\" \/>  <\/a>\n<\/p>\n<\/p><\/div>\n<p><span class=\"legendSpanClass\">S\u00c3O PAULO<\/span>, <span class=\"legendSpanClass\">26 de setembro de 2025<\/span> \/PRNewswire\/ &#8212; Com a chegada da primavera e das temperaturas mais elevadas, a preocupa\u00e7\u00e3o com o aumento da conta de energia el\u00e9trica se torna uma das principais ansiedades dos consumidores brasileiros. O medo da &#8220;surpresa na conta de luz&#8221; muitas vezes limita o uso de aparelhos de ar-condicionado, comprometendo o conforto em casa. Atenta a essa quest\u00e3o, a LG Electronics apresenta a fun\u00e7\u00e3o kW Manager, dispon\u00edvel no aplicativo LG ThinQ, que transforma o usu\u00e1rio de um espectador passivo em um gestor ativo de seu consumo energ\u00e9tico, principalmente em per\u00edodos de alta temporada, geralmente quando a bandeira vermelha est\u00e1 em vigor sobre as tarifas de energia.<\/p>\n<p>Para Lucas Nogueira, Gerente de Produto de Ar-Condicionado Residencial da LG Brasil, &#8220;a inova\u00e7\u00e3o n\u00e3o \u00e9 apenas t\u00e9cnica, mas uma devolu\u00e7\u00e3o do poder ao consumidor. Com o kW Manager, a LG transforma a ansiedade do fim do m\u00eas em tranquilidade financeira. Pelo aplicativo LG ThinQ(R), o usu\u00e1rio n\u00e3o decide apenas a temperatura do ar-condicionado, mas define ativamente quanto quer investir em seu conforto, com total previsibilidade. \u00c9 a tecnologia a servi\u00e7o do planejamento familiar, tornando o ar-condicionado um investimento inteligente que se paga ao eliminar surpresas na conta de luz&#8221;.<\/p>\n<p>Diferente de qualquer outra solu\u00e7\u00e3o no mercado, o LG kW Manager permite que o consumidor v\u00e1 al\u00e9m do monitoramento t\u00e9cnico e estabele\u00e7a um controle financeiro direto. Atrav\u00e9s de uma interface intuitiva, o usu\u00e1rio pode inserir desde o tempo m\u00e1ximo de uso di\u00e1rio, a exatamente quantos kWh est\u00e1 disposto a consumir com o ar-condicionado ao longo do m\u00eas.<\/p>\n<p>O processo \u00e9 intuitivo e foi projetado para ser acess\u00edvel a todos. Para utilizar, basta abrir o aplicativo LG ThinQ(R) em seu smartphone, selecionar o seu ar-condicionado LG e acessar a fun\u00e7\u00e3o &#8220;kW Manager&#8221;. Nas op\u00e7\u00f5es da funcionalidade, defina o per\u00edodo desejado para o monitoramento ativo, quantas horas em m\u00e9dia o aparelho ser\u00e1 utilizado por dia e o intervalo de kWh projetado para aquele m\u00eas. Uma vez definidas as configura\u00e7\u00f5es, a pr\u00f3pria ferramenta monitora o consumo em tempo real e envia notifica\u00e7\u00f5es inteligentes pelo aplicativo LG ThinQ(R) caso a meta esteja pr\u00f3xima de ser atingida, sugerindo ajustes para n\u00e3o ultrapassar o or\u00e7amento planejado<\/p>\n<p>Essa gest\u00e3o proativa \u00e9 o pilar de uma nova experi\u00eancia de uso, onde o poder de decis\u00e3o est\u00e1 literalmente na palma da m\u00e3o. Para novos usu\u00e1rios, a fun\u00e7\u00e3o &#8220;Auto Setting&#8221; utiliza intelig\u00eancia artificial para analisar o hist\u00f3rico de uso e sugerir uma meta de consumo inicial, simplificando a configura\u00e7\u00e3o e demonstrando o valor da ferramenta desde o primeiro dia.<\/p>\n<p>A capacidade de gerenciamento do kW Manager \u00e9 poss\u00edvel gra\u00e7as \u00e0 base de hardware avan\u00e7ada das solu\u00e7\u00f5es de ar-condicionado da LG. O cora\u00e7\u00e3o da efici\u00eancia \u00e9 o compressor DUAL Inverter, que ajusta continuamente sua velocidade para atender \u00e0 necessidade exata de refrigera\u00e7\u00e3o, evitando os picos de energia dos compressores convencionais. Essa sinergia entre um hardware altamente eficiente e um software de gest\u00e3o inteligente permite que os aparelhos de ar-condicionado da LG, como os da linha LG AI DUAL Inverter Voice, ofere\u00e7am n\u00e3o apenas economia, mas um controle sem precedentes, refor\u00e7ando o valor do produto como um investimento de longo prazo em conforto, bem-estar e sa\u00fade financeira.<\/p>\n<p><b>SOBRE A LG ELECTRONICS, INC. <br \/><\/b>A LG Electronics \u00e9 uma l\u00edder global em tecnologia e eletr\u00f4nicos de consumo, com presen\u00e7a em quase todos os pa\u00edses e uma for\u00e7a de trabalho internacional superior a 75 mil pessoas. A companhia reorganizou suas opera\u00e7\u00f5es em quatro <i>divis\u00f5es de neg\u00f3cios:<\/i> <b>Home Appliance Solution (HS), Media Entertainment Solution (MS), Vehicle Solution (VS) e Eco Solution (ES)<\/b>, redefinindo seus pap\u00e9is e identidades para acelerar sua vis\u00e3o de futuro at\u00e9 2030. Em 2024, as quatro <i>divis\u00f5es<\/i> combinadas geraram uma receita global de mais de 87,74 trilh\u00f5es de KRW (US$ 64,32 bilh\u00f5es). A LG \u00e9 reconhecida mundialmente por suas solu\u00e7\u00f5es inovadoras em TVs, eletrodom\u00e9sticos, ar-condicionado, monitores, componentes automotivos e solu\u00e7\u00f5es sustent\u00e1veis. Suas marcas premium LG SIGNATURE e a plataforma inteligente LG ThinQ refor\u00e7am o compromisso da empresa com inova\u00e7\u00e3o e qualidade. Para mais informa\u00e7\u00f5es, acesse: <a href=\"https:\/\/urldefense.com\/v3\/__http:\/www.lgnewsroom.com\/__;!!IfJP2Nwhk5Z0yJ43lA!JB8jB_aDq9q12ibgovI6-LbtY20JVh38xXUo475_MtX_u-KAleYlWRWWG4S7nFpo1h15OwLmCUvyCfYHbjftcyax$\" target=\"_blank\" rel=\"nofollow\">www.LGnewsroom.com<\/a>.<\/p>\n<p><b>SOBRE A LG ELECTRONICS NO BRASIL <br \/><\/b>Presente no Brasil desde 1996, a LG Electronics oferece um amplo portf\u00f3lio com mais de 350 produtos, incluindo TVs, <i>caixas de som, pain\u00e9is, monitores, som automotivo, equipamentos de inform\u00e1tica, ar-condicionado (residencial e comercial),<\/i> produtos de linha branca e solu\u00e7\u00f5es corporativas. Alinhada \u00e0 nova estrutura global, a opera\u00e7\u00e3o brasileira integra iniciativas das quatro <i>divis\u00f5es da<\/i> LG: HS, MS, VS e ES. <i>Nossa<\/i> f\u00e1brica em Manaus produz a maior parte dos itens comercializados no Pa\u00eds, consolidando a subsidi\u00e1ria brasileira como uma das cinco maiores opera\u00e7\u00f5es da LG fora da Coreia. Com cerca de tr\u00eas mil colaboradores, a empresa conta com assist\u00eancia<i> t\u00e9cnica e call center pr\u00f3prios, Business Solution Center em S\u00e3o Paulo e duas lojas conceito (Salvador e S\u00e3o Paulo) al\u00e9m de uma f\u00e1brica de Linha Branca em Constru\u00e7\u00e3o na regi\u00e3o metropolitana de Curitiba, Paran\u00e1.<\/i><\/p>\n<p><b>ACOMPANHE TODAS AS INFORMA\u00c7\u00d5ES NOS CANAIS LG <br \/><\/b>Site: <a href=\"http:\/\/www.lg.com\/br\" target=\"_blank\" rel=\"nofollow\">http:\/\/www.lg.com\/br<\/a><br \/>Instagram: <a href=\"https:\/\/www.instagram.com\/lgbrasil\/\" target=\"_blank\" rel=\"nofollow\">https:\/\/www.instagram.com\/lgbrasil\/<\/a><br \/>Twitter: <a href=\"http:\/\/twitter.com\/lgdobrasil\" target=\"_blank\" rel=\"nofollow\">http:\/\/twitter.com\/lgdobrasil<\/a><br \/>YouTube: <a href=\"http:\/\/www.youtube.com\/lgdobrasil\" target=\"_blank\" rel=\"nofollow\">http:\/\/www.youtube.com\/lgdobrasil<\/a><br \/>Facebook: <a href=\"http:\/\/www.facebook.com\/lgdobrasil\" target=\"_blank\" rel=\"nofollow\">http:\/\/www.facebook.com\/lgdobrasil<\/a><br \/>Linkedin: <a href=\"https:\/\/www.linkedin.com\/company\/lg-electronics-brasil\" target=\"_blank\" rel=\"nofollow\">www.linkedin.com\/company\/lg-electronics-brasil<\/a><\/p>\n<p>Foto &#8211; <a href=\"https:\/\/mma.prnewswire.com\/media\/2783517\/LG.jpg\" target=\"_blank\" rel=\"nofollow\">https:\/\/mma.prnewswire.com\/media\/2783517\/LG.jpg<\/a> <\/p>\n<div class=\"PRN_ImbeddedAssetReference\" id=\"DivAssetPlaceHolder0\"><\/div>\n<p id=\"PURL\">\n<img loading=\"lazy\" decoding=\"async\" title=\"Cision\" width=\"12\" height=\"12\" alt=\"Cision\" src=\"https:\/\/edge.prnewswire.com\/c\/img\/favicon.png?sn=PT84826&amp;sd=2025-09-26\" \/> View original content to download multimedia:<a id=\"PRNURL\" rel=\"nofollow\" href=\"https:\/\/www.prnewswire.com\/br\/comunicados-para-a-imprensa\/lg-kw-manager-gerencia-consumo-do-ar-condicionado-e-evita-surpresas-na-conta-302568589.html\" target=\"_blank\">https:\/\/www.prnewswire.com\/br\/comunicados-para-a-imprensa\/lg-kw-manager-gerencia-consumo-do-ar-condicionado-e-evita-surpresas-na-conta-302568589.html<\/a><\/p>\n<p>FONTE LG Electronics Brasil<\/p>\n<\/p><\/div>\n<p>  <img decoding=\"async\" alt=\"\" src=\"https:\/\/rt.prnewswire.com\/rt.gif?NewsItemId=PT84826&amp;Transmission_Id=202509261748PR_NEWS_LATAM____PT84826&amp;DateId=20250926\" style=\"border:0px;width:1px;height:1px\" \/><\/p>\n<p><strong>T\u00f3picos Relacionados:<\/strong> Produtos Dom\u00e9sticos, Varejo, Eletr\u00f4nicos de Consumo, Computador\/Eletr\u00f4nica, Dom\u00e9stico\/Consumidor\/Cosm\u00e9ticos<\/p>\n<p>A <b>OESP<\/b> n\u00e3o \u00e9(s\u00e3o) respons\u00e1vel(is) por erros, incorre\u00e7\u00f5es, atrasos ou quaisquer decis\u00f5es tomadas por seus clientes com base nos Conte\u00fados ora disponibilizados, bem como tais Conte\u00fados n\u00e3o representam a opini\u00e3o da <b>OESP<\/b> e s\u00e3o de inteira responsabilidade da <b>PR Newswire Ltda<\/b><\/p>\n","protected":false},"excerpt":{"rendered":"Funcionalidade dispon\u00edvel no aplicativo LG ThinQ(R) permite acompanhar gasto e definir metas em kWh para consumo eficiente, mesmo em per\u00edodos de bandeira vermelha S\u00c3O PAULO, 26 de setembro de 2025","protected":false},"author":1,"featured_media":116601,"comment_status":"open","ping_status":"closed","sticky":false,"template":"","format":"standard","meta":{"_acf_changed":false,"inline_featured_image":false,"_monsterinsights_skip_tracking":false,"_monsterinsights_sitenote_active":false,"_monsterinsights_sitenote_note":"","_monsterinsights_sitenote_category":0,"footnotes":""},"categories":[27],"tags":[2632,2631],"class_list":["post-116600","post","type-post","status-publish","format-standard","has-post-thumbnail","hentry","category-prnewswire","tag-a-preocupacao-com-o-aumento-da-conta-de-energia-eletrica-se-torna-uma-das-principais-ansiedades-dos-consumidores-brasi","tag-com-a-chegada-da-primavera-e-das-temperaturas-mais-elevadas"],"acf":[],"_links":{"self":[{"href":"https:\/\/bluestudio.estadao.com.br\/agencia-de-comunicacao\/wp-json\/wp\/v2\/posts\/116600","targetHints":{"allow":["GET"]}}],"collection":[{"href":"https:\/\/bluestudio.estadao.com.br\/agencia-de-comunicacao\/wp-json\/wp\/v2\/posts"}],"about":[{"href":"https:\/\/bluestudio.estadao.com.br\/agencia-de-comunicacao\/wp-json\/wp\/v2\/types\/post"}],"author":[{"embeddable":true,"href":"https:\/\/bluestudio.estadao.com.br\/agencia-de-comunicacao\/wp-json\/wp\/v2\/users\/1"}],"replies":[{"embeddable":true,"href":"https:\/\/bluestudio.estadao.com.br\/agencia-de-comunicacao\/wp-json\/wp\/v2\/comments?post=116600"}],"version-history":[{"count":0,"href":"https:\/\/bluestudio.estadao.com.br\/agencia-de-comunicacao\/wp-json\/wp\/v2\/posts\/116600\/revisions"}],"wp:featuredmedia":[{"embeddable":true,"href":"https:\/\/bluestudio.estadao.com.br\/agencia-de-comunicacao\/wp-json\/wp\/v2\/media\/116601"}],"wp:attachment":[{"href":"https:\/\/bluestudio.estadao.com.br\/agencia-de-comunicacao\/wp-json\/wp\/v2\/media?parent=116600"}],"wp:term":[{"taxonomy":"category","embeddable":true,"href":"https:\/\/bluestudio.estadao.com.br\/agencia-de-comunicacao\/wp-json\/wp\/v2\/categories?post=116600"},{"taxonomy":"post_tag","embeddable":true,"href":"https:\/\/bluestudio.estadao.com.br\/agencia-de-comunicacao\/wp-json\/wp\/v2\/tags?post=116600"}],"curies":[{"name":"wp","href":"https:\/\/api.w.org\/{rel}","templated":true}]}}