{"id":116485,"date":"2025-09-25T08:57:00","date_gmt":"2025-09-25T11:57:00","guid":{"rendered":"https:\/\/bluestudio.estadao.com.br\/agencia-de-comunicacao\/prnewswire\/cctv-pinghu-realiza-festival-das-lanternas-de-melancia-e-competicao-de-talentos-jovens\/"},"modified":"2025-09-25T08:57:00","modified_gmt":"2025-09-25T11:57:00","slug":"cctv-pinghu-realiza-festival-das-lanternas-de-melancia-e-competicao-de-talentos-jovens","status":"publish","type":"post","link":"https:\/\/bluestudio.estadao.com.br\/agencia-de-comunicacao\/prnewswire\/cctv-pinghu-realiza-festival-das-lanternas-de-melancia-e-competicao-de-talentos-jovens\/","title":{"rendered":"CCTV+: Pinghu realiza Festival das Lanternas de Melancia e competi\u00e7\u00e3o de talentos jovens"},"content":{"rendered":"\n<div class=\"xn-content\">\n<p><span class=\"legendSpanClass\">PEQUIM<\/span>, <span class=\"legendSpanClass\">25 de setembro de 2025<\/span> \/PRNewswire\/ &#8212; Na manh\u00e3 de 21 de setembro, foi realizada a competi\u00e7\u00e3o de talentos &#8220;Beb\u00ea Melancia 2025: Sou um Herdeiro da Cultura Chinesa&#8221; no Grande Teatro Jinpinghu, localizado dentro do Centro de M\u00eddia de Pinghu. O evento contou com um programa de apresenta\u00e7\u00f5es vocais, dan\u00e7a, teatro e outras performances. A competi\u00e7\u00e3o &#8220;Beb\u00ea Melancia&#8221; \u00e9 um evento emblem\u00e1tico da S\u00e9rie Cultural Folcl\u00f3rica das Lanternas de Melancia de Pinghu, que ao longo dos anos se tornou um festival p\u00fablico muito conhecido, atraindo ampla participa\u00e7\u00e3o da comunidade. A competi\u00e7\u00e3o deste ano mais uma vez foi marcada por momentos de destaque. Nas rodadas preliminares, cerca de 100 jovens participantes apresentaram performances individuais que exibiram uma variedade de habilidades art\u00edsticas. Na final daquele dia, 12 concorrentes subiram ao palco, demonstrando a vitalidade e a criatividade da nova gera\u00e7\u00e3o chinesa.<\/p>\n<div class=\"PRN_ImbeddedAssetReference\" id=\"DivAssetPlaceHolder3375\">\n<p title=\"Beb\u00ea Melancia\">\n<\/p><\/div>\n<p>A S\u00e9rie Cultural Folcl\u00f3rica das Lanternas de Melancia de Pinghu deste ano foi realizada sob o tema &#8220;Inova\u00e7\u00e3o e Avan\u00e7o: Construindo Sonhos em Pinghu.&#8221; O programa contou com mais de 20 atividades distribu\u00eddas em tr\u00eas se\u00e7\u00f5es &#8212; &#8220;Uma Nova Jornada na Nuvem&#8221;, &#8220;Mil Velas em Esplendor&#8221; e &#8220;Lanternas Iluminando o C\u00e9u Estrelado.&#8221; O evento ocorreu entre 19 e 22 de setembro.<\/p>\n<div class=\"PRN_ImbeddedAssetReference\" id=\"DivAssetPlaceHolder6140\">\n<p title=\"Como capturar o encanto das Lanternas de Melancia em Pinghu este ano\">\n<\/p><\/div>\n<\/p>\n<p>V\u00eddeo &#8211; <a href=\"https:\/\/mma.prnewswire.com\/media\/2780699\/1.mp4\" target=\"_blank\" rel=\"nofollow\">https:\/\/mma.prnewswire.com\/media\/2780699\/1.mp4<\/a><br \/>V\u00eddeo &#8211; <a href=\"https:\/\/mma.prnewswire.com\/media\/2780700\/2.mp4\" target=\"_blank\" rel=\"nofollow\">https:\/\/mma.prnewswire.com\/media\/2780700\/2.mp4<\/a><\/p>\n<\/p>\n<div class=\"PRN_ImbeddedAssetReference\" id=\"DivAssetPlaceHolder0\"><\/div>\n<p id=\"PURL\">\n<img loading=\"lazy\" decoding=\"async\" title=\"Cision\" width=\"12\" height=\"12\" alt=\"Cision\" src=\"https:\/\/edge.prnewswire.com\/c\/img\/favicon.png?sn=PT79821&amp;sd=2025-09-25\" \/> View original content to download multimedia:<a id=\"PRNURL\" rel=\"nofollow\" href=\"https:\/\/www.prnewswire.com\/br\/comunicados-para-a-imprensa\/cctv-pinghu-realiza-festival-das-lanternas-de-melancia-e-competicao-de-talentos-jovens-302567067.html\" target=\"_blank\">https:\/\/www.prnewswire.com\/br\/comunicados-para-a-imprensa\/cctv-pinghu-realiza-festival-das-lanternas-de-melancia-e-competicao-de-talentos-jovens-302567067.html<\/a><\/p>\n<p>FONTE CCTV+<\/p>\n<\/p><\/div>\n<p>  <img decoding=\"async\" alt=\"\" src=\"https:\/\/rt.prnewswire.com\/rt.gif?NewsItemId=PT79821&amp;Transmission_Id=202509250750PR_NEWS_LATAM____PT79821&amp;DateId=20250925\" style=\"border:0px;width:1px;height:1px\" \/><\/p>\n<p><strong>T\u00f3picos Relacionados:<\/strong> Arte, Cultura e Design, Tecnologia de Transmiss\u00e3o, Publica\u00e7\u00e3o \/ Servi\u00e7os de Informa\u00e7\u00e3o, Not\u00edcias Relacionadas a Crian\u00e7as, Computador\/Eletr\u00f4nica, Entretenimento<\/p>\n<p>A <b>OESP<\/b> n\u00e3o \u00e9(s\u00e3o) respons\u00e1vel(is) por erros, incorre\u00e7\u00f5es, atrasos ou quaisquer decis\u00f5es tomadas por seus clientes com base nos Conte\u00fados ora disponibilizados, bem como tais Conte\u00fados n\u00e3o representam a opini\u00e3o da <b>OESP<\/b> e s\u00e3o de inteira responsabilidade da <b>PR Newswire Ltda<\/b><\/p>\n","protected":false},"excerpt":{"rendered":"PEQUIM, 25 de setembro de 2025 \/PRNewswire\/ &#8212; Na manh\u00e3 de 21 de setembro, foi realizada a competi\u00e7\u00e3o de talentos &#8220;Beb\u00ea Melancia 2025: Sou um Herdeiro da Cultura Chinesa&#8221; no","protected":false},"author":1,"featured_media":116486,"comment_status":"open","ping_status":"closed","sticky":false,"template":"","format":"standard","meta":{"_acf_changed":false,"inline_featured_image":false,"_monsterinsights_skip_tracking":false,"_monsterinsights_sitenote_active":false,"_monsterinsights_sitenote_note":"","_monsterinsights_sitenote_category":0,"footnotes":""},"categories":[27],"tags":[2544,2545,2543],"class_list":["post-116485","post","type-post","status-publish","format-standard","has-post-thumbnail","hentry","category-prnewswire","tag-foi-realizada-a-competicao-de-talentos-bebe-melancia-2025-sou-um-herdeiro-da-cultura-chinesa-no-grande-teatro-jinpinghu","tag-localizado-dentro-do-centro","tag-na-manha-de-21-de-setembro"],"acf":[],"_links":{"self":[{"href":"https:\/\/bluestudio.estadao.com.br\/agencia-de-comunicacao\/wp-json\/wp\/v2\/posts\/116485","targetHints":{"allow":["GET"]}}],"collection":[{"href":"https:\/\/bluestudio.estadao.com.br\/agencia-de-comunicacao\/wp-json\/wp\/v2\/posts"}],"about":[{"href":"https:\/\/bluestudio.estadao.com.br\/agencia-de-comunicacao\/wp-json\/wp\/v2\/types\/post"}],"author":[{"embeddable":true,"href":"https:\/\/bluestudio.estadao.com.br\/agencia-de-comunicacao\/wp-json\/wp\/v2\/users\/1"}],"replies":[{"embeddable":true,"href":"https:\/\/bluestudio.estadao.com.br\/agencia-de-comunicacao\/wp-json\/wp\/v2\/comments?post=116485"}],"version-history":[{"count":0,"href":"https:\/\/bluestudio.estadao.com.br\/agencia-de-comunicacao\/wp-json\/wp\/v2\/posts\/116485\/revisions"}],"wp:featuredmedia":[{"embeddable":true,"href":"https:\/\/bluestudio.estadao.com.br\/agencia-de-comunicacao\/wp-json\/wp\/v2\/media\/116486"}],"wp:attachment":[{"href":"https:\/\/bluestudio.estadao.com.br\/agencia-de-comunicacao\/wp-json\/wp\/v2\/media?parent=116485"}],"wp:term":[{"taxonomy":"category","embeddable":true,"href":"https:\/\/bluestudio.estadao.com.br\/agencia-de-comunicacao\/wp-json\/wp\/v2\/categories?post=116485"},{"taxonomy":"post_tag","embeddable":true,"href":"https:\/\/bluestudio.estadao.com.br\/agencia-de-comunicacao\/wp-json\/wp\/v2\/tags?post=116485"}],"curies":[{"name":"wp","href":"https:\/\/api.w.org\/{rel}","templated":true}]}}