{"id":116483,"date":"2025-09-25T08:57:00","date_gmt":"2025-09-25T11:57:00","guid":{"rendered":"https:\/\/bluestudio.estadao.com.br\/agencia-de-comunicacao\/prnewswire\/destaque-no-chery-international-user-summit-lepas-deve-explorar-todo-o-potencial-e-convidar-usuarios-globais-em-uma-jornada-de-cocriacao-elegante\/"},"modified":"2025-09-25T08:57:00","modified_gmt":"2025-09-25T11:57:00","slug":"destaque-no-chery-international-user-summit-lepas-deve-explorar-todo-o-potencial-e-convidar-usuarios-globais-em-uma-jornada-de-cocriacao-elegante","status":"publish","type":"post","link":"https:\/\/bluestudio.estadao.com.br\/agencia-de-comunicacao\/prnewswire\/destaque-no-chery-international-user-summit-lepas-deve-explorar-todo-o-potencial-e-convidar-usuarios-globais-em-uma-jornada-de-cocriacao-elegante\/","title":{"rendered":"Destaque no Chery International User Summit: LEPAS deve explorar todo o potencial e convidar usu\u00e1rios globais em uma jornada de cocria\u00e7\u00e3o elegante"},"content":{"rendered":"\n<div class=\"xn-content\">\n<p><span class=\"legendSpanClass\">WUHU, China<\/span>, <span class=\"legendSpanClass\">25 de setembro de 2025<\/span> \/PRNewswire\/ &#8212; De 17 a 21 de outubro de 2025, o Chery International User Summit, com o tema <i>&#8220;CO-CREATE*CO-DEFINE&#8221;<\/i>, far\u00e1 sua estreia como uma plataforma global para cocria\u00e7\u00e3o de produtos, comunica\u00e7\u00e3o e ecossistemas. No centro est\u00e1 a Lepas, a nova marca global de energias renov\u00e1veis do Chery Group, apresentando sua vis\u00e3o do Ecossistema 2.0 por meio de apresenta\u00e7\u00f5es de produtos, lan\u00e7amentos de tecnologia, demonstra\u00e7\u00f5es de seguran\u00e7a e envolvimento do usu\u00e1rio. A marca tamb\u00e9m promover\u00e1 o <i>Global Elegance Lifestyle Partner Program<\/i> para coconstruir um ecossistema de mobilidade elegante com usu\u00e1rios em todo o mundo.<\/p>\n<div class=\"PRN_ImbeddedAssetReference\" id=\"DivAssetPlaceHolder1\">\n  <a href=\"https:\/\/mma.prnewswire.com\/media\/2780651\/1.html\" target=\"_blank\" rel=\"nofollow\"> <img decoding=\"async\" src=\"https:\/\/mma.prnewswire.com\/media\/2780651\/1.jpg\" title=\"SUV L8, carro-chefe da LEPAS (PRNewsfoto\/Chery Group)\" alt=\"SUV L8, carro-chefe da LEPAS (PRNewsfoto\/Chery Group)\" \/>  <\/a>\n<\/p>\n<\/p><\/div>\n<p>Posicionada como a <i>&#8220;marca preferida para uma vida de mobilidade elegante&#8221;<\/i>, a LEPAS defende a filosofia <i>&#8220;Drive Your Elegance&#8221; (dirija a sua eleg\u00e2ncia).<\/i> Apoiada pelos 22 anos consecutivos da Chery como maior exportadora de ve\u00edculos de passageiros da China e pelos 17,44 milh\u00f5es de usu\u00e1rios globais, a LEPAS est\u00e1 emergindo rapidamente no cen\u00e1rio internacional. Sua linha de estreia, liderada pelo SUV L8, atraiu um forte interesse no Sal\u00e3o Internacional do Autom\u00f3vel da Indon\u00e9sia, elogiado por seu design <i>&#8220;Leopard Aesthetics&#8221;<\/i>, recursos inteligentes e praticidade. A c\u00fapula de 2025 oferece um momento crucial para que a LEPAS mergulhe os usu\u00e1rios globais em seus valores.<\/p>\n<p>Durante o evento, a LEPAS realizar\u00e1 a etapa na China da Jornada Global de Eleg\u00e2ncia, permitindo que a m\u00eddia e os usu\u00e1rios testem o desempenho inteligente em todos os terrenos do L8 pelas cidades, vivenciando sua integra\u00e7\u00e3o de <i>pessoas \u00d7 ve\u00edculo \u00d7 ambiente<\/i>. A LEPAS tamb\u00e9m abrir\u00e1 sua primeira Loja Boutique Global de Eco Cocria\u00e7\u00e3o, oferecendo um espa\u00e7o de marca voltado para o estilo de vida e com participa\u00e7\u00e3o ativa do p\u00fablico. Enquanto isso, o LEPAS DAY apresentar\u00e1 tecnologias inovadoras, complementadas por oficinas, test drives e experimentos abertos de seguran\u00e7a que destacam a confiabilidade da marca.<\/p>\n<p>Intimamente ligado \u00e0 c\u00fapula, o Global Elegance Lifestyle Partner Program convida usu\u00e1rios e criadores voltados para o estilo de vida em cinco campos &#8212; viagens ao ar livre, vida em casa, moda, gourmet e fitness &#8212; para cocriar 100 cen\u00e1rios elegantes de estilo de vida. Essa iniciativa muda a abordagem da LEPAS da &#8220;transmiss\u00e3o oficial&#8221; para a cocria\u00e7\u00e3o aut\u00eantica do usu\u00e1rio. O recrutamento come\u00e7ou em setembro, com os parceiros selecionados obtendo acesso antecipado a testes, convites para sess\u00f5es exclusivas e entrada na rede KOC (Key Opinion Consumer, Consumidor-chave) da LEPAS para ajudar a definir produtos, cen\u00e1rios e conte\u00fado.<\/p>\n<p>Esta c\u00fapula marca a transi\u00e7\u00e3o da LEPAS da fase de lan\u00e7amento para uma nova era de cocria\u00e7\u00e3o e codefini\u00e7\u00e3o do usu\u00e1rio. Ao conectar tecnologia, produtos e estilos de vida, a LEPAS visa injetar no mercado de mobilidade de energia renov\u00e1vel um novo valor enraizado na <i>&#8220;Tecnologia Elegante.&#8221;<\/i><\/p>\n<p>Foto &#8211; <a href=\"https:\/\/mma.prnewswire.com\/media\/2780651\/1.jpg\" target=\"_blank\" rel=\"nofollow\">https:\/\/mma.prnewswire.com\/media\/2780651\/1.jpg<\/a><\/p>\n<p id=\"PURL\">\n<img loading=\"lazy\" decoding=\"async\" title=\"Cision\" width=\"12\" height=\"12\" alt=\"Cision\" src=\"https:\/\/edge.prnewswire.com\/c\/img\/favicon.png?sn=PT82003&amp;sd=2025-09-25\" \/> View original content to download multimedia:<a id=\"PRNURL\" rel=\"nofollow\" href=\"https:\/\/www.prnewswire.com\/br\/comunicados-para-a-imprensa\/destaque-no-chery-international-user-summit-lepas-deve-explorar-todo-o-potencial-e-convidar-usuarios-globais-em-uma-jornada-de-cocriacao-elegante-302567061.html\" target=\"_blank\">https:\/\/www.prnewswire.com\/br\/comunicados-para-a-imprensa\/destaque-no-chery-international-user-summit-lepas-deve-explorar-todo-o-potencial-e-convidar-usuarios-globais-em-uma-jornada-de-cocriacao-elegante-302567061.html<\/a><\/p>\n<p>FONTE Chery Group<\/p>\n<\/p><\/div>\n<p>  <img decoding=\"async\" alt=\"\" src=\"https:\/\/rt.prnewswire.com\/rt.gif?NewsItemId=PT82003&amp;Transmission_Id=202509250743PR_NEWS_LATAM____PT82003&amp;DateId=20250925\" style=\"border:0px;width:1px;height:1px\" \/><\/p>\n<p><strong>T\u00f3picos Relacionados:<\/strong> Novos Produtos\/Servi\u00e7os, Not\u00edcias de Feiras Comerciais, Transporte \/ Caminh\u00f5es \/ Ferrovias, Automotivo, Computador\/Eletr\u00f4nica<\/p>\n<p>A <b>OESP<\/b> n\u00e3o \u00e9(s\u00e3o) respons\u00e1vel(is) por erros, incorre\u00e7\u00f5es, atrasos ou quaisquer decis\u00f5es tomadas por seus clientes com base nos Conte\u00fados ora disponibilizados, bem como tais Conte\u00fados n\u00e3o representam a opini\u00e3o da <b>OESP<\/b> e s\u00e3o de inteira responsabilidade da <b>PR Newswire Ltda<\/b><\/p>\n","protected":false},"excerpt":{"rendered":"WUHU, China, 25 de setembro de 2025 \/PRNewswire\/ &#8212; De 17 a 21 de outubro de 2025, o Chery International User Summit, com o tema &#8220;CO-CREATE*CO-DEFINE&#8221;, far\u00e1 sua estreia como uma","protected":false},"author":1,"featured_media":116484,"comment_status":"open","ping_status":"closed","sticky":false,"template":"","format":"standard","meta":{"_acf_changed":false,"inline_featured_image":false,"_monsterinsights_skip_tracking":false,"_monsterinsights_sitenote_active":false,"_monsterinsights_sitenote_note":"","_monsterinsights_sitenote_category":0,"footnotes":""},"categories":[27],"tags":[2541,2539,2542,2540],"class_list":["post-116483","post","type-post","status-publish","format-standard","has-post-thumbnail","hentry","category-prnewswire","tag-com-o-tema-co-createco-define","tag-de-17-a-21-de-outubro-de-2025","tag-fara-sua-estreia-como-uma-plataforma-global-para-cocriacao-de-produtos","tag-o-chery-international-user-summit"],"acf":[],"_links":{"self":[{"href":"https:\/\/bluestudio.estadao.com.br\/agencia-de-comunicacao\/wp-json\/wp\/v2\/posts\/116483","targetHints":{"allow":["GET"]}}],"collection":[{"href":"https:\/\/bluestudio.estadao.com.br\/agencia-de-comunicacao\/wp-json\/wp\/v2\/posts"}],"about":[{"href":"https:\/\/bluestudio.estadao.com.br\/agencia-de-comunicacao\/wp-json\/wp\/v2\/types\/post"}],"author":[{"embeddable":true,"href":"https:\/\/bluestudio.estadao.com.br\/agencia-de-comunicacao\/wp-json\/wp\/v2\/users\/1"}],"replies":[{"embeddable":true,"href":"https:\/\/bluestudio.estadao.com.br\/agencia-de-comunicacao\/wp-json\/wp\/v2\/comments?post=116483"}],"version-history":[{"count":0,"href":"https:\/\/bluestudio.estadao.com.br\/agencia-de-comunicacao\/wp-json\/wp\/v2\/posts\/116483\/revisions"}],"wp:featuredmedia":[{"embeddable":true,"href":"https:\/\/bluestudio.estadao.com.br\/agencia-de-comunicacao\/wp-json\/wp\/v2\/media\/116484"}],"wp:attachment":[{"href":"https:\/\/bluestudio.estadao.com.br\/agencia-de-comunicacao\/wp-json\/wp\/v2\/media?parent=116483"}],"wp:term":[{"taxonomy":"category","embeddable":true,"href":"https:\/\/bluestudio.estadao.com.br\/agencia-de-comunicacao\/wp-json\/wp\/v2\/categories?post=116483"},{"taxonomy":"post_tag","embeddable":true,"href":"https:\/\/bluestudio.estadao.com.br\/agencia-de-comunicacao\/wp-json\/wp\/v2\/tags?post=116483"}],"curies":[{"name":"wp","href":"https:\/\/api.w.org\/{rel}","templated":true}]}}