{"id":116322,"date":"2025-09-23T15:42:00","date_gmt":"2025-09-23T18:42:00","guid":{"rendered":"https:\/\/bluestudio.estadao.com.br\/agencia-de-comunicacao\/prnewswire\/cgtn-america-cctv-onu-exposicao-de-obras-visuais-beleza-na-harmonia-destino-na-unidade\/"},"modified":"2025-09-23T15:42:00","modified_gmt":"2025-09-23T18:42:00","slug":"cgtn-america-cctv-onu-exposicao-de-obras-visuais-beleza-na-harmonia-destino-na-unidade","status":"publish","type":"post","link":"https:\/\/bluestudio.estadao.com.br\/agencia-de-comunicacao\/prnewswire\/cgtn-america-cctv-onu-exposicao-de-obras-visuais-beleza-na-harmonia-destino-na-unidade\/","title":{"rendered":"CGTN AMERICA &amp; CCTV ONU: Exposi\u00e7\u00e3o de Obras Visuais &#8220;Beleza na Harmonia, Destino na Unidade&#8221;"},"content":{"rendered":"\n<div class=\"xn-content\">\n<p><span class=\"legendSpanClass\">WASHINGTON<\/span>, <span class=\"legendSpanClass\">23 de setembro de 2025<\/span> \/PRNewswire\/ &#8212; A CGTN America e a CCTV UN lan\u00e7am a Exposi\u00e7\u00e3o de Obras Visuais &#8220;Beleza na Harmonia, Destino na Unidade&#8221;.<\/p>\n<p>O China Media Group apresenta &#8220;Beleza na Harmonia, Destino na Unidade&#8221;, uma exposi\u00e7\u00e3o de artes visuais na sede da ONU na ter\u00e7a-feira, 23 de setembro, \u00e0s 11h, coincidindo com a Assembleia Geral da ONU de 2025. A exposi\u00e7\u00e3o marca o 80\u00ba anivers\u00e1rio das Na\u00e7\u00f5es Unidas e tem como objetivo refletir sobre a vis\u00e3o fundadora da organiza\u00e7\u00e3o. Tamb\u00e9m convida os participantes a considerar como a humanidade pode trabalhar coletivamente para construir uma comunidade global com um futuro compartilhado. Atrav\u00e9s da narrativa visual, a exposi\u00e7\u00e3o procura destacar os ideais que guiaram a ONU ao longo de oito d\u00e9cadas e a relev\u00e2ncia cont\u00ednua desses princ\u00edpios no mundo interconectado de hoje.<\/p>\n<p>Apresentando uma cole\u00e7\u00e3o diversificada de pinturas e obras multim\u00eddia, a exposi\u00e7\u00e3o tra\u00e7a a evolu\u00e7\u00e3o e a pr\u00e1tica dos ideais centrais da ONU. As exposi\u00e7\u00f5es destacam o progresso tang\u00edvel em \u00e1reas-chave centrais para a Agenda 2030 para o Desenvolvimento Sustent\u00e1vel, incluindo redu\u00e7\u00e3o da pobreza, seguran\u00e7a alimentar, inova\u00e7\u00e3o em energia verde, sa\u00fade global e manuten\u00e7\u00e3o da paz internacional. A exibi\u00e7\u00e3o enfatiza n\u00e3o apenas os esfor\u00e7os globais, mas tamb\u00e9m as contribui\u00e7\u00f5es da China para alcan\u00e7ar esses objetivos. Contribui\u00e7\u00f5es de artistas internacionais e jovens criadores ressaltam ainda mais o papel da criatividade, imagina\u00e7\u00e3o e esperan\u00e7a na forma\u00e7\u00e3o de futuros sustent\u00e1veis e inclusivos.<\/p>\n<p>A exposi\u00e7\u00e3o foi projetada para promover o di\u00e1logo entre um p\u00fablico amplo, incluindo diplomatas, representantes da sociedade civil, artistas e jovens. Ao vincular objetivos pol\u00edticos a hist\u00f3rias humanas e express\u00e3o criativa, o evento tem como objetivo desencadear conversas significativas que podem inspirar colabora\u00e7\u00e3o e compromissos. Atrav\u00e9s desta interse\u00e7\u00e3o de arte, cultura e governan\u00e7a global, &#8220;Beleza na Harmonia, Destino na Unidade&#8221; procura incentivar a compreens\u00e3o intercultural e acelerar o progresso coletivo em dire\u00e7\u00e3o aos Objetivos de Desenvolvimento Sustent\u00e1vel.<\/p>\n<p>(Este material \u00e9 distribu\u00eddo pela MediaLinks TV, LLC em nome da CCTV. Informa\u00e7\u00f5es adicionais est\u00e3o dispon\u00edveis no Departamento de Justi\u00e7a, Washington, DC)<\/p>\n<p>Contato : <a href=\"mailto:Distribution@cgtnamerica.com\" target=\"_blank\" rel=\"nofollow\">Distribution@cgtnamerica.com<\/a><\/p>\n<p>\n <\/p>\n<p id=\"PURL\">\n<img loading=\"lazy\" decoding=\"async\" title=\"Cision\" width=\"12\" height=\"12\" alt=\"Cision\" src=\"https:\/\/edge.prnewswire.com\/c\/img\/favicon.png?sn=PT80171&amp;sd=2025-09-23\" \/> View original content:<a id=\"PRNURL\" rel=\"nofollow\" href=\"https:\/\/www.prnewswire.com\/br\/comunicados-para-a-imprensa\/cgtn-america--cctv-onu-exposicao-de-obras-visuais-beleza-na-harmonia-destino-na-unidade-302564602.html\" target=\"_blank\">https:\/\/www.prnewswire.com\/br\/comunicados-para-a-imprensa\/cgtn-america&#8211;cctv-onu-exposicao-de-obras-visuais-beleza-na-harmonia-destino-na-unidade-302564602.html<\/a><\/p>\n<p>FONTE MediaLinks TV LLC<\/p>\n<\/p><\/div>\n<p>  <img decoding=\"async\" alt=\"\" src=\"https:\/\/rt.prnewswire.com\/rt.gif?NewsItemId=PT80171&amp;Transmission_Id=202509231047PR_NEWS_LATAM____PT80171&amp;DateId=20250923\" style=\"border:0px;width:1px;height:1px\" \/><\/p>\n<p><strong>T\u00f3picos Relacionados:<\/strong> Not\u00edcias de Feiras Comerciais, Eventos Futuros, Arte, Cultura e Design, Publica\u00e7\u00e3o \/ Servi\u00e7os de Informa\u00e7\u00e3o, Computador\/Eletr\u00f4nica, Entretenimento, Televis\u00e3o<\/p>\n<p>A <b>OESP<\/b> n\u00e3o \u00e9(s\u00e3o) respons\u00e1vel(is) por erros, incorre\u00e7\u00f5es, atrasos ou quaisquer decis\u00f5es tomadas por seus clientes com base nos Conte\u00fados ora disponibilizados, bem como tais Conte\u00fados n\u00e3o representam a opini\u00e3o da <b>OESP<\/b> e s\u00e3o de inteira responsabilidade da <b>PR Newswire Ltda<\/b><\/p>\n","protected":false},"excerpt":{"rendered":"WASHINGTON, 23 de setembro de 2025 \/PRNewswire\/ &#8212; A CGTN America e a CCTV UN lan\u00e7am a Exposi\u00e7\u00e3o de Obras Visuais &#8220;Beleza na Harmonia, Destino na Unidade&#8221;. O China Media Group","protected":false},"author":1,"featured_media":116323,"comment_status":"open","ping_status":"closed","sticky":false,"template":"","format":"standard","meta":{"_acf_changed":false,"inline_featured_image":false,"_monsterinsights_skip_tracking":false,"_monsterinsights_sitenote_active":false,"_monsterinsights_sitenote_note":"","_monsterinsights_sitenote_category":0,"footnotes":""},"categories":[27],"tags":[2427,2429,2428],"class_list":["post-116322","post","type-post","status-publish","format-standard","has-post-thumbnail","hentry","category-prnewswire","tag-a-cgtn-america-e-a-cctv-un-lancam-a-exposicao-de-obras-visuais-beleza-na-harmonia","tag-des","tag-destino-na-unidade-o-china-media-group-apresenta-beleza-na-harmonia"],"acf":[],"_links":{"self":[{"href":"https:\/\/bluestudio.estadao.com.br\/agencia-de-comunicacao\/wp-json\/wp\/v2\/posts\/116322","targetHints":{"allow":["GET"]}}],"collection":[{"href":"https:\/\/bluestudio.estadao.com.br\/agencia-de-comunicacao\/wp-json\/wp\/v2\/posts"}],"about":[{"href":"https:\/\/bluestudio.estadao.com.br\/agencia-de-comunicacao\/wp-json\/wp\/v2\/types\/post"}],"author":[{"embeddable":true,"href":"https:\/\/bluestudio.estadao.com.br\/agencia-de-comunicacao\/wp-json\/wp\/v2\/users\/1"}],"replies":[{"embeddable":true,"href":"https:\/\/bluestudio.estadao.com.br\/agencia-de-comunicacao\/wp-json\/wp\/v2\/comments?post=116322"}],"version-history":[{"count":0,"href":"https:\/\/bluestudio.estadao.com.br\/agencia-de-comunicacao\/wp-json\/wp\/v2\/posts\/116322\/revisions"}],"wp:featuredmedia":[{"embeddable":true,"href":"https:\/\/bluestudio.estadao.com.br\/agencia-de-comunicacao\/wp-json\/wp\/v2\/media\/116323"}],"wp:attachment":[{"href":"https:\/\/bluestudio.estadao.com.br\/agencia-de-comunicacao\/wp-json\/wp\/v2\/media?parent=116322"}],"wp:term":[{"taxonomy":"category","embeddable":true,"href":"https:\/\/bluestudio.estadao.com.br\/agencia-de-comunicacao\/wp-json\/wp\/v2\/categories?post=116322"},{"taxonomy":"post_tag","embeddable":true,"href":"https:\/\/bluestudio.estadao.com.br\/agencia-de-comunicacao\/wp-json\/wp\/v2\/tags?post=116322"}],"curies":[{"name":"wp","href":"https:\/\/api.w.org\/{rel}","templated":true}]}}