{"id":116262,"date":"2025-09-22T15:39:00","date_gmt":"2025-09-22T18:39:00","guid":{"rendered":"https:\/\/bluestudio.estadao.com.br\/agencia-de-comunicacao\/releases\/releases-geral\/brasileiros-nao-veem-o-plastico-como-vilao-ambiental\/"},"modified":"2025-09-22T15:39:00","modified_gmt":"2025-09-22T18:39:00","slug":"brasileiros-nao-veem-o-plastico-como-vilao-ambiental","status":"publish","type":"post","link":"https:\/\/bluestudio.estadao.com.br\/agencia-de-comunicacao\/releases\/releases-geral\/brasileiros-nao-veem-o-plastico-como-vilao-ambiental\/","title":{"rendered":"Brasileiros n\u00e3o veem o pl\u00e1stico como vil\u00e3o ambiental"},"content":{"rendered":"<p>Investir em conscientiza\u00e7\u00e3o e pol\u00edticas p\u00fablicas a favor da reciclagem \u00e9 crucial, revela pesquisa do Sindiplast.<\/p>\n<p>O pl\u00e1stico, amplamente presente nas embalagens do dia a dia, \u00e9 um dos temas centrais quando se fala em sustentabilidade. Mesmo sendo um dos materiais mais recicl\u00e1veis e de menor impacto ambiental (consome pouca \u00e1gua, pode ser usado e reutilizado diversas vezes, al\u00e9m de ser o que menos emite di\u00f3xido de carbono, CO\u00b2, para a atmosfera), o pl\u00e1stico ainda enfrenta obst\u00e1culos para que seu reaproveitamento ocorra em larga escala no Brasil. Uma pesquisa realizada pelo Sindicato da Ind\u00fastria de Material Pl\u00e1stico do Estado de S\u00e3o Paulo (Sindiplast) buscou entender como a popula\u00e7\u00e3o percebe o material e sua rela\u00e7\u00e3o com o meio ambiente.<\/p>\n<p>O levantamento, que ouviu duas mil pessoas em todas as regi\u00f5es do pa\u00eds, revela que 93% dos brasileiros entendem que o problema n\u00e3o est\u00e1 no uso do pl\u00e1stico, mas no descarte inadequado. Para 9% dos entrevistados, falta informa\u00e7\u00e3o sobre como descartar ou reciclar corretamente. Outro ponto recorrente nas respostas foi a defici\u00eancia da coleta seletiva, apontada como um dos principais entraves para ampliar a reciclagem. Entre os respondentes, 81% afirmam evitar gerar lixo.<\/p>\n<p>Segundo Paulo Teixeira, diretor-superintendente do Sindiplast, os dados mostram que &#8220;o pl\u00e1stico n\u00e3o \u00e9 vil\u00e3o&#8221; e que a sociedade est\u00e1 disposta a participar das solu\u00e7\u00f5es. Ele destaca, por\u00e9m, que ainda \u00e9 necess\u00e1rio investir em comunica\u00e7\u00e3o e na implementa\u00e7\u00e3o efetiva de pol\u00edticas p\u00fablicas municipais para a gest\u00e3o dos res\u00edduos s\u00f3lidos.<\/p>\n<p>&#8220;A coleta seletiva \u00e9 fundamental, mas n\u00e3o \u00e9 o \u00fanico caminho. Os Pontos de entrega volunt\u00e1ria, PEV, tamb\u00e9m podem ser usados, desde que o cidad\u00e3o saiba onde encontr\u00e1-los&#8221;, afirma Teixeira.<\/p>\n<p>Para ele, falta integra\u00e7\u00e3o entre o poder p\u00fablico, a ind\u00fastria e o consumidor para que os res\u00edduos retornem ao processo produtivo e alimentem a economia circular. O diretor avalia que o desafio \u00e9 cultural e log\u00edstico: &#8220;O brasileiro j\u00e1 entende a import\u00e2ncia de reduzir o lixo e reconhece que o pl\u00e1stico est\u00e1 em todos os lugares. Se quisermos conviver com ele de forma sustent\u00e1vel, precisamos mudar a maneira como lidamos com o res\u00edduo, garantindo que volte para a cadeia produtiva.&#8221;<\/p>\n<p>Os dados da pesquisa revelam que o pl\u00e1stico, material presente na maioria das embalagens, aparece como o item mais reciclado no pa\u00eds: 90% dos que praticam a reciclagem afirmam separar o pl\u00e1stico do restante do lixo. O levantamento do Sindiplast tamb\u00e9m mostra que a preocupa\u00e7\u00e3o com a sustentabilidade j\u00e1 faz parte do cotidiano de grande parte da popula\u00e7\u00e3o.<\/p>\n<p>Segundo o estudo, 68% dos entrevistados reutilizam ou reaproveitam embalagens e 56% compram produtos vendidos em embalagens com conte\u00fado reciclado. No entanto, a falta de informa\u00e7\u00e3o (28%) e de op\u00e7\u00f5es de coleta seletiva (17%) aparecem como as principais barreiras para ampliar h\u00e1bitos sustent\u00e1veis, seguidas pela falta de tempo (9%). Os dados sublinham a import\u00e2ncia crucial da informa\u00e7\u00e3o e de campanhas de conscientiza\u00e7\u00e3o na promo\u00e7\u00e3o de mudan\u00e7as comportamentais em rela\u00e7\u00e3o \u00e0 sustentabilidade, ratifica Teixeira.<\/p>\n<p>Consenso sobre a import\u00e2ncia do pl\u00e1stico<\/p>\n<p>O benef\u00edcio das embalagens pl\u00e1sticas tamb\u00e9m foi evidenciado na pesquisa: metade dos entrevistados diz que o pl\u00e1stico ajuda a preservar a qualidade dos alimentos, evitando desperd\u00edcio. Al\u00e9m disso, 61% concordam que \u00e9 imposs\u00edvel evitar o uso de embalagens pl\u00e1sticas no dia a dia.<\/p>\n<p>&#8220;O pl\u00e1stico \u00e9 muito mais do que um material leve e resistente. Ele permite conservar alimentos por mais tempo, reduzindo desperd\u00edcios, e diminui o consumo de energia e a emiss\u00e3o de CO\u00b2 no transporte. Na sa\u00fade, \u00e9 essencial em seringas, cateteres e embalagens esterilizadas, garantindo seguran\u00e7a e acesso a procedimentos m\u00e9dicos. Al\u00e9m disso, quando reciclado, prolonga seu ciclo de vida, evita descarte em aterros e contribui para a economia circular. O problema n\u00e3o est\u00e1 no material, mas no descarte inadequado&#8221;, afirma Teixeira.<\/p>\n<p>A pesquisa mostra que o pl\u00e1stico \u00e9 o material mais reconhecido pelos brasileiros na reciclagem, citado por 90% dos entrevistados. Em seguida aparecem o alum\u00ednio (73%), o papel, o papel\u00e3o e o vidro (68% cada). Apesar disso, o conhecimento sobre o pl\u00e1stico ainda \u00e9 limitado: apenas 6% demonstraram alto grau de compreens\u00e3o sobre o tema, enquanto 50% t\u00eam entendimento intermedi\u00e1rio e 43% baixo n\u00edvel de informa\u00e7\u00e3o.<\/p>\n<p>Quando o foco \u00e9 a reciclagem de embalagens pl\u00e1sticas, a principal barreira \u00e9 a falta de coleta seletiva na regi\u00e3o onde vivem (35%), seguida pelo esquecimento ou aus\u00eancia de h\u00e1bito (29%) e pela insufici\u00eancia de informa\u00e7\u00f5es (29%). Para a maioria dos brasileiros (79%), a responsabilidade pela coleta de embalagens pl\u00e1sticas \u00e9 das prefeituras. A popula\u00e7\u00e3o (47%) e os governos estaduais (27%) tamb\u00e9m foram citados como respons\u00e1veis.<\/p>\n<p>Teixeira avalia que, embora a consci\u00eancia ambiental esteja em crescimento, ainda \u00e9 preciso avan\u00e7ar. &#8220;O desenvolvimento de estrat\u00e9gias mais eficazes de conscientiza\u00e7\u00e3o ambiental, aliado a pol\u00edticas p\u00fablicas e ao engajamento da popula\u00e7\u00e3o para as quest\u00f5es da sustentabilidade e da economia circular do pl\u00e1stico, \u00e9 fundamental para progredirmos&#8221;, afirma o executivo do Sindiplast.<\/p>\n","protected":false},"excerpt":{"rendered":"Investir em conscientiza\u00e7\u00e3o e pol\u00edticas p\u00fablicas a favor da reciclagem \u00e9 crucial, revela pesquisa do Sindiplast.\nO pl\u00e1stico, amplamente presente nas embalagens do dia a dia, \u00e9 um","protected":false},"author":1,"featured_media":0,"comment_status":"open","ping_status":"closed","sticky":false,"template":"","format":"standard","meta":{"_acf_changed":false,"inline_featured_image":false,"_monsterinsights_skip_tracking":false,"_monsterinsights_sitenote_active":false,"_monsterinsights_sitenote_note":"","_monsterinsights_sitenote_category":0,"footnotes":""},"categories":[34],"tags":[],"class_list":["post-116262","post","type-post","status-publish","format-standard","hentry","category-releases-geral"],"acf":[],"_links":{"self":[{"href":"https:\/\/bluestudio.estadao.com.br\/agencia-de-comunicacao\/wp-json\/wp\/v2\/posts\/116262","targetHints":{"allow":["GET"]}}],"collection":[{"href":"https:\/\/bluestudio.estadao.com.br\/agencia-de-comunicacao\/wp-json\/wp\/v2\/posts"}],"about":[{"href":"https:\/\/bluestudio.estadao.com.br\/agencia-de-comunicacao\/wp-json\/wp\/v2\/types\/post"}],"author":[{"embeddable":true,"href":"https:\/\/bluestudio.estadao.com.br\/agencia-de-comunicacao\/wp-json\/wp\/v2\/users\/1"}],"replies":[{"embeddable":true,"href":"https:\/\/bluestudio.estadao.com.br\/agencia-de-comunicacao\/wp-json\/wp\/v2\/comments?post=116262"}],"version-history":[{"count":0,"href":"https:\/\/bluestudio.estadao.com.br\/agencia-de-comunicacao\/wp-json\/wp\/v2\/posts\/116262\/revisions"}],"wp:attachment":[{"href":"https:\/\/bluestudio.estadao.com.br\/agencia-de-comunicacao\/wp-json\/wp\/v2\/media?parent=116262"}],"wp:term":[{"taxonomy":"category","embeddable":true,"href":"https:\/\/bluestudio.estadao.com.br\/agencia-de-comunicacao\/wp-json\/wp\/v2\/categories?post=116262"},{"taxonomy":"post_tag","embeddable":true,"href":"https:\/\/bluestudio.estadao.com.br\/agencia-de-comunicacao\/wp-json\/wp\/v2\/tags?post=116262"}],"curies":[{"name":"wp","href":"https:\/\/api.w.org\/{rel}","templated":true}]}}