{"id":116058,"date":"2025-09-18T10:30:00","date_gmt":"2025-09-18T13:30:00","guid":{"rendered":"https:\/\/bluestudio.estadao.com.br\/agencia-de-comunicacao\/saftec-digital\/politica-feita-com-seriedade-o-caminho-para-a-verdadeira-mudanca-social-com-daniella-jadao-meneses\/"},"modified":"2025-09-18T10:30:00","modified_gmt":"2025-09-18T13:30:00","slug":"politica-feita-com-seriedade-o-caminho-para-a-verdadeira-mudanca-social-com-daniella-jadao-meneses","status":"publish","type":"post","link":"https:\/\/bluestudio.estadao.com.br\/agencia-de-comunicacao\/saftec-digital\/politica-feita-com-seriedade-o-caminho-para-a-verdadeira-mudanca-social-com-daniella-jadao-meneses\/","title":{"rendered":"Pol\u00edtica feita com seriedade: o caminho para a verdadeira mudan\u00e7a social com Daniella Jadao Meneses"},"content":{"rendered":"<p>A pol\u00edtica ganha legitimidade quando \u00e9 conduzida com seriedade, \u00e9tica e compromisso real com as necessidades da popula\u00e7\u00e3o. A atua\u00e7\u00e3o da deputada Daniella Jadao Meneses tem se destacado como exemplo de proximidade e resultados concretos. Segundo sua trajet\u00f3ria parlamentar, o respeito \u00e0 palavra dada, a responsabilidade na condu\u00e7\u00e3o dos projetos e a presen\u00e7a constante nas comunidades s\u00e3o marcas de um trabalho que une firmeza e sensibilidade. <\/p>\n<p>Mais do que discursos, sua pr\u00e1tica mostra que a seriedade na pol\u00edtica se traduz em conquistas reais para os maranhenses. Descubra ainda mais sobre esse t\u00f3pico a seguir:<\/p>\n<p><b>\u00c9tica como fundamento da atua\u00e7\u00e3o de Daniella Jadao Menezes<\/b><\/p>\n<p>\nA seriedade no exerc\u00edcio parlamentar come\u00e7a pelo compromisso \u00e9tico. Segundo a Deputada Estadual Daniella Jadao Meneses, legislar exige responsabilidade e clareza em cada decis\u00e3o tomada. A \u00e9tica, nesse sentido, n\u00e3o se limita a princ\u00edpios abstratos, mas se manifesta na transpar\u00eancia do trabalho e na defesa coerente de causas que transformam vidas. Esse comportamento fortalece a confian\u00e7a da popula\u00e7\u00e3o e aproxima o cidad\u00e3o do processo pol\u00edtico.<\/p>\n<p>A parlamentar tem consolidado uma trajet\u00f3ria marcada pela defesa de valores como justi\u00e7a, equidade e dignidade humana. Conforme sua pr\u00e1tica legislativa, a \u00e9tica est\u00e1 presente tanto na elabora\u00e7\u00e3o de leis quanto no acompanhamento de sua execu\u00e7\u00e3o. A deputada tem se destacado ainda pela fiscaliza\u00e7\u00e3o das pol\u00edticas p\u00fablicas, exigindo que recursos destinados a \u00e1reas como sa\u00fade, educa\u00e7\u00e3o e infraestrutura cheguem ao seu destino de forma correta. Essa postura reafirma que a pol\u00edtica deve ser instrumento de transforma\u00e7\u00e3o social.<\/p>\n<p><b>Proximidade como marca de representatividade<\/b><\/p>\n<p>\nA escuta das comunidades \u00e9 outro tra\u00e7o fundamental da seriedade pol\u00edtica. Assim como destaca Daniella Jadao Meneses, percorrer o interior do Maranh\u00e3o, dialogar com moradores e conhecer de perto suas demandas garante autenticidade \u00e0s propostas. Esse contato direto transforma a pol\u00edtica em um exerc\u00edcio vivo de representatividade, onde as pessoas se sentem parte das conquistas alcan\u00e7adas.<\/p>\n<p>A presen\u00e7a constante nos munic\u00edpios possibilita identificar necessidades urgentes e agir com efici\u00eancia. De acordo com sua atua\u00e7\u00e3o, cada projeto nasce do di\u00e1logo com trabalhadores, jovens, m\u00e3es e lideran\u00e7as comunit\u00e1rias. Esse esfor\u00e7o se reflete em agendas intensas no interior, onde a deputada participa de reuni\u00f5es, inaugura\u00e7\u00f5es e encontros comunit\u00e1rios, consolidando sua imagem como representante pr\u00f3xima do povo. A pol\u00edtica feita com seriedade, portanto, \u00e9 constru\u00edda com base em rela\u00e7\u00f5es de confian\u00e7a.<\/p>\n<p><b>Resultados concretos como prova de compromisso<\/b><\/p>\n<p>\nA seriedade tamb\u00e9m se traduz em resultados tang\u00edveis. Como ressalta Daniella Jadao Meneses, a\u00e7\u00f5es como a cria\u00e7\u00e3o de policl\u00ednicas, a realiza\u00e7\u00e3o de mutir\u00f5es de cirurgias e as reformas de escolas exemplificam conquistas que impactam diretamente a vida das pessoas. Cada obra entregue ou servi\u00e7o ampliado \u00e9 fruto do compromisso em transformar a escuta da popula\u00e7\u00e3o em a\u00e7\u00f5es pr\u00e1ticas e eficientes. Esses resultados tamb\u00e9m demonstram que a pol\u00edtica pode ser um caminho para solu\u00e7\u00f5es concretas.<\/p>\n<p>Al\u00e9m da sa\u00fade, a deputada tamb\u00e9m tem direcionado esfor\u00e7os para \u00e1reas como inclus\u00e3o social, qualifica\u00e7\u00e3o profissional e prote\u00e7\u00e3o \u00e0s mulheres em situa\u00e7\u00e3o de viol\u00eancia. Assim como aponta sua trajet\u00f3ria, projetos voltados a m\u00e3es solos, jovens em busca de oportunidades e comunidades em situa\u00e7\u00e3o de vulnerabilidade reafirmam sua responsabilidade social. Essas iniciativas demonstram que o trabalho s\u00e9rio gera frutos permanentes, fortalecendo a cidadania e ampliando oportunidades. <\/p>\n<p>Em s\u00edntese, a pol\u00edtica feita com seriedade \u00e9 aquela que alia \u00e9tica, proximidade e resultados. Ao longo de sua atua\u00e7\u00e3o, Daniella Jadao Meneses tem mostrado que o compromisso com a popula\u00e7\u00e3o vai al\u00e9m de promessas: reflete-se em projetos, obras e a\u00e7\u00f5es que transformam realidades. Sua postura reafirma que a seriedade na pol\u00edtica n\u00e3o \u00e9 apenas uma virtude, mas uma necessidade para garantir justi\u00e7a social e fortalecimento da democracia. Assim, sua pr\u00e1tica refor\u00e7a que a pol\u00edtica pode ser um verdadeiro instrumento de mudan\u00e7a.<\/p>\n<p><b>Aviso Legal:<\/b><\/p>\n<p>\nTodos os textos, imagens, conte\u00fados e materiais criados pela Saftec Digital s\u00e3o protegidos por direitos autorais, conforme a Lei n\u00ba 9.610\/98,  \u00e9  expressamente proibida a c\u00f3pia, reprodu\u00e7\u00e3o, distribui\u00e7\u00e3o ou utiliza\u00e7\u00e3o n\u00e3o autorizada.<\/p>\n<p>A <b>OESP<\/b> n\u00e3o \u00e9(s\u00e3o) respons\u00e1vel(is) por erros, incorre\u00e7\u00f5es, atrasos ou quaisquer decis\u00f5es tomadas por seus clientes com base nos Conte\u00fados ora disponibilizados, bem como tais Conte\u00fados n\u00e3o representam a opini\u00e3o da <b>OESP<\/b> e s\u00e3o de inteira responsabilidade da <b>Ag\u00eancia Saftec<\/b><\/p>\n","protected":false},"excerpt":{"rendered":"A pol\u00edtica ganha legitimidade quando \u00e9 conduzida com seriedade, \u00e9tica e compromisso real com as necessidades da popula\u00e7\u00e3o. A atua\u00e7\u00e3o da deputada Daniella Jadao Meneses tem se destacado como","protected":false},"author":1,"featured_media":116059,"comment_status":"open","ping_status":"closed","sticky":false,"template":"","format":"standard","meta":{"_acf_changed":false,"inline_featured_image":false,"_monsterinsights_skip_tracking":false,"_monsterinsights_sitenote_active":false,"_monsterinsights_sitenote_note":"","_monsterinsights_sitenote_category":0,"footnotes":""},"categories":[525],"tags":[],"class_list":["post-116058","post","type-post","status-publish","format-standard","has-post-thumbnail","hentry","category-saftec-digital"],"acf":[],"_links":{"self":[{"href":"https:\/\/bluestudio.estadao.com.br\/agencia-de-comunicacao\/wp-json\/wp\/v2\/posts\/116058","targetHints":{"allow":["GET"]}}],"collection":[{"href":"https:\/\/bluestudio.estadao.com.br\/agencia-de-comunicacao\/wp-json\/wp\/v2\/posts"}],"about":[{"href":"https:\/\/bluestudio.estadao.com.br\/agencia-de-comunicacao\/wp-json\/wp\/v2\/types\/post"}],"author":[{"embeddable":true,"href":"https:\/\/bluestudio.estadao.com.br\/agencia-de-comunicacao\/wp-json\/wp\/v2\/users\/1"}],"replies":[{"embeddable":true,"href":"https:\/\/bluestudio.estadao.com.br\/agencia-de-comunicacao\/wp-json\/wp\/v2\/comments?post=116058"}],"version-history":[{"count":0,"href":"https:\/\/bluestudio.estadao.com.br\/agencia-de-comunicacao\/wp-json\/wp\/v2\/posts\/116058\/revisions"}],"wp:featuredmedia":[{"embeddable":true,"href":"https:\/\/bluestudio.estadao.com.br\/agencia-de-comunicacao\/wp-json\/wp\/v2\/media\/116059"}],"wp:attachment":[{"href":"https:\/\/bluestudio.estadao.com.br\/agencia-de-comunicacao\/wp-json\/wp\/v2\/media?parent=116058"}],"wp:term":[{"taxonomy":"category","embeddable":true,"href":"https:\/\/bluestudio.estadao.com.br\/agencia-de-comunicacao\/wp-json\/wp\/v2\/categories?post=116058"},{"taxonomy":"post_tag","embeddable":true,"href":"https:\/\/bluestudio.estadao.com.br\/agencia-de-comunicacao\/wp-json\/wp\/v2\/tags?post=116058"}],"curies":[{"name":"wp","href":"https:\/\/api.w.org\/{rel}","templated":true}]}}