{"id":116037,"date":"2025-09-17T17:42:00","date_gmt":"2025-09-17T20:42:00","guid":{"rendered":"https:\/\/bluestudio.estadao.com.br\/agencia-de-comunicacao\/prnewswire\/o-forum-do-brics-de-2025-sobre-parceria-para-a-nova-revolucao-industrial-foi-aberto-em-xiamen-provincia-de-fujian\/"},"modified":"2025-09-17T17:42:00","modified_gmt":"2025-09-17T20:42:00","slug":"o-forum-do-brics-de-2025-sobre-parceria-para-a-nova-revolucao-industrial-foi-aberto-em-xiamen-provincia-de-fujian","status":"publish","type":"post","link":"https:\/\/bluestudio.estadao.com.br\/agencia-de-comunicacao\/prnewswire\/o-forum-do-brics-de-2025-sobre-parceria-para-a-nova-revolucao-industrial-foi-aberto-em-xiamen-provincia-de-fujian\/","title":{"rendered":"O F\u00f3rum do BRICS de 2025 sobre Parceria para a Nova Revolu\u00e7\u00e3o Industrial foi aberto em Xiamen, prov\u00edncia de Fujian"},"content":{"rendered":"\n<div class=\"xn-content\">\n<p><span class=\"legendSpanClass\">XIAMEN, China<\/span>, <span class=\"legendSpanClass\">17 de setembro de 2025<\/span> \/PRNewswire\/ &#8212; Isso \u00e9 relatado pelo Fujian Media Group:<\/p>\n<div class=\"PRN_ImbeddedAssetReference\" id=\"DivAssetPlaceHolder2166\">\n  <a href=\"https:\/\/mma.prnewswire.com\/media\/2775385\/image.html\" target=\"_blank\" rel=\"nofollow\"> <img decoding=\"async\" src=\"https:\/\/mma.prnewswire.com\/media\/2775385\/image.jpg\" title=\"O F\u00f3rum do BRICS de 2025 sobre Parceria para a Nova Revolu\u00e7\u00e3o Industrial foi aberto em Xiamen, prov\u00edncia de Fujian (PRNewsfoto\/Fujian Media Group)\" alt=\"O F\u00f3rum do BRICS de 2025 sobre Parceria para a Nova Revolu\u00e7\u00e3o Industrial foi aberto em Xiamen, prov\u00edncia de Fujian (PRNewsfoto\/Fujian Media Group)\" \/>  <\/a>\n<\/p>\n<\/p><\/div>\n<p>O F\u00f3rum do BRICS de 2025 sobre Parceria para a Nova Revolu\u00e7\u00e3o Industrial foi inaugurado em Xiamen, prov\u00edncia de Fujian, em 16 de setembro.<\/p>\n<p>O f\u00f3rum se concentrou em mostrar o progresso na implementa\u00e7\u00e3o das importantes iniciativas de coopera\u00e7\u00e3o propostas pelo presidente Xi Jinping nas recentes c\u00fapulas do BRICS. Ele analisou sistematicamente as realiza\u00e7\u00f5es de constru\u00e7\u00e3o do Centro de Inova\u00e7\u00e3o da Parceria do BRICS para a Nova Revolu\u00e7\u00e3o Industrial nos \u00faltimos cinco anos. A cerim\u00f4nia foi realizada para inaugurar o Centro de Compet\u00eancia Industrial da China para os pa\u00edses do BRICS, durante o qual seus primeiros resultados foram divulgados. Os resultados do Centro de Desenvolvimento e Coopera\u00e7\u00e3o IA China-BRICS e da Rede de Coopera\u00e7\u00e3o Ecossist\u00eamica da Ind\u00fastria Digital do BRICS tamb\u00e9m foram anunciados. O f\u00f3rum anunciou oficialmente a expans\u00e3o da Iniciativa de Coopera\u00e7\u00e3o Internacional sobre Nova Industrializa\u00e7\u00e3o para 19 autoridades nacionais competentes e divulgou um plano de a\u00e7\u00e3o.<\/p>\n<p>O f\u00f3rum contou com seis subf\u00f3runs sobre fabrica\u00e7\u00e3o inteligente e rob\u00f3tica, fabrica\u00e7\u00e3o de novas energias, design industrial, ind\u00fastria farmac\u00eautica, inova\u00e7\u00e3o tecnol\u00f3gica industrial e ecossistema da ind\u00fastria digital, divulgando uma s\u00e9rie de resultados pr\u00e1ticos. Os eventos simult\u00e2neos inclu\u00edram o Programa de Treinamento em Bolsas de Excel\u00eancia em Novas Ind\u00fastrias do BRICS &#8220;Jinlu&#8221;, o Concurso de Inova\u00e7\u00e3o Industrial do BRICS, a Exposi\u00e7\u00e3o da Nova Revolu\u00e7\u00e3o Industrial do BRICS e a Assembleia Geral da Alian\u00e7a Global em Intelig\u00eancia Artificial na Ind\u00fastria e Manufatura da Organiza\u00e7\u00e3o das Na\u00e7\u00f5es Unidas para o Desenvolvimento Industrial (Unido).<\/p>\n<p>Realizado sob o tema &#8220;Liberando o potencial da maior coopera\u00e7\u00e3o do BRICS para a industrializa\u00e7\u00e3o inclusiva e sustent\u00e1vel&#8221;, o f\u00f3rum foi coorganizado pelo Minist\u00e9rio da Ind\u00fastria e Tecnologia da Informa\u00e7\u00e3o (MIIT) e pelo Governo Popular da Prov\u00edncia de Fujian. Estiveram presentes representantes de departamentos governamentais, embaixadas e consulados na China, empresas de renome, associa\u00e7\u00f5es industriais, grupos de reflex\u00e3o e institui\u00e7\u00f5es financeiras de 34 pa\u00edses, bem como organiza\u00e7\u00f5es internacionais, incluindo a Unido e o Novo Banco de Desenvolvimento.<\/p>\n<p>Foto &#8211; <a href=\"https:\/\/mma.prnewswire.com\/media\/2775385\/image.jpg\" target=\"_blank\" rel=\"nofollow\">https:\/\/mma.prnewswire.com\/media\/2775385\/image.jpg<\/a> <\/p>\n<div class=\"PRN_ImbeddedAssetReference\" id=\"DivAssetPlaceHolder0\"><\/div>\n<p id=\"PURL\">\n<img loading=\"lazy\" decoding=\"async\" title=\"Cision\" width=\"12\" height=\"12\" alt=\"Cision\" src=\"https:\/\/edge.prnewswire.com\/c\/img\/favicon.png?sn=PT75789&amp;sd=2025-09-17\" \/> View original content to download multimedia:<a id=\"PRNURL\" rel=\"nofollow\" href=\"https:\/\/www.prnewswire.com\/br\/comunicados-para-a-imprensa\/o-forum-do-brics-de-2025-sobre-parceria-para-a-nova-revolucao-industrial-foi-aberto-em-xiamen-provincia-de-fujian-302559707.html\" target=\"_blank\">https:\/\/www.prnewswire.com\/br\/comunicados-para-a-imprensa\/o-forum-do-brics-de-2025-sobre-parceria-para-a-nova-revolucao-industrial-foi-aberto-em-xiamen-provincia-de-fujian-302559707.html<\/a><\/p>\n<p>FONTE Fujian Media Group<\/p>\n<\/p><\/div>\n<p>  <img decoding=\"async\" alt=\"\" src=\"https:\/\/rt.prnewswire.com\/rt.gif?NewsItemId=PT75789&amp;Transmission_Id=202509171630PR_NEWS_LATAM____PT75789&amp;DateId=20250917\" style=\"border:0px;width:1px;height:1px\" \/><\/p>\n<p><strong>T\u00f3picos Relacionados:<\/strong> Not\u00edcias de Feiras Comerciais, Pol\u00edtica Externa\/Assuntos Internacionais, Fabrica\u00e7\u00e3o Geral, Publica\u00e7\u00e3o \/ Servi\u00e7os de Informa\u00e7\u00e3o, Minera\u00e7\u00e3o\/Metais<\/p>\n<p>A <b>OESP<\/b> n\u00e3o \u00e9(s\u00e3o) respons\u00e1vel(is) por erros, incorre\u00e7\u00f5es, atrasos ou quaisquer decis\u00f5es tomadas por seus clientes com base nos Conte\u00fados ora disponibilizados, bem como tais Conte\u00fados n\u00e3o representam a opini\u00e3o da <b>OESP<\/b> e s\u00e3o de inteira responsabilidade da <b>PR Newswire Ltda<\/b><\/p>\n","protected":false},"excerpt":{"rendered":"XIAMEN, China, 17 de setembro de 2025 \/PRNewswire\/ &#8212; Isso \u00e9 relatado pelo Fujian Media Group: O F\u00f3rum do BRICS de 2025 sobre Parceria para a Nova Revolu\u00e7\u00e3o Industrial foi inaugurado em","protected":false},"author":1,"featured_media":116038,"comment_status":"open","ping_status":"closed","sticky":false,"template":"","format":"standard","meta":{"_acf_changed":false,"inline_featured_image":false,"_monsterinsights_skip_tracking":false,"_monsterinsights_sitenote_active":false,"_monsterinsights_sitenote_note":"","_monsterinsights_sitenote_category":0,"footnotes":""},"categories":[27],"tags":[2237],"class_list":["post-116037","post","type-post","status-publish","format-standard","has-post-thumbnail","hentry","category-prnewswire","tag-isso-e-relatado-pelo-fujian-media-group"],"acf":[],"_links":{"self":[{"href":"https:\/\/bluestudio.estadao.com.br\/agencia-de-comunicacao\/wp-json\/wp\/v2\/posts\/116037","targetHints":{"allow":["GET"]}}],"collection":[{"href":"https:\/\/bluestudio.estadao.com.br\/agencia-de-comunicacao\/wp-json\/wp\/v2\/posts"}],"about":[{"href":"https:\/\/bluestudio.estadao.com.br\/agencia-de-comunicacao\/wp-json\/wp\/v2\/types\/post"}],"author":[{"embeddable":true,"href":"https:\/\/bluestudio.estadao.com.br\/agencia-de-comunicacao\/wp-json\/wp\/v2\/users\/1"}],"replies":[{"embeddable":true,"href":"https:\/\/bluestudio.estadao.com.br\/agencia-de-comunicacao\/wp-json\/wp\/v2\/comments?post=116037"}],"version-history":[{"count":0,"href":"https:\/\/bluestudio.estadao.com.br\/agencia-de-comunicacao\/wp-json\/wp\/v2\/posts\/116037\/revisions"}],"wp:featuredmedia":[{"embeddable":true,"href":"https:\/\/bluestudio.estadao.com.br\/agencia-de-comunicacao\/wp-json\/wp\/v2\/media\/116038"}],"wp:attachment":[{"href":"https:\/\/bluestudio.estadao.com.br\/agencia-de-comunicacao\/wp-json\/wp\/v2\/media?parent=116037"}],"wp:term":[{"taxonomy":"category","embeddable":true,"href":"https:\/\/bluestudio.estadao.com.br\/agencia-de-comunicacao\/wp-json\/wp\/v2\/categories?post=116037"},{"taxonomy":"post_tag","embeddable":true,"href":"https:\/\/bluestudio.estadao.com.br\/agencia-de-comunicacao\/wp-json\/wp\/v2\/tags?post=116037"}],"curies":[{"name":"wp","href":"https:\/\/api.w.org\/{rel}","templated":true}]}}