{"id":116002,"date":"2025-09-17T10:12:00","date_gmt":"2025-09-17T13:12:00","guid":{"rendered":"https:\/\/bluestudio.estadao.com.br\/agencia-de-comunicacao\/prnewswire\/dakila-pesquisas-ocupa-o-centro-do-congresso-nacional\/"},"modified":"2025-09-17T10:12:00","modified_gmt":"2025-09-17T13:12:00","slug":"dakila-pesquisas-ocupa-o-centro-do-congresso-nacional","status":"publish","type":"post","link":"https:\/\/bluestudio.estadao.com.br\/agencia-de-comunicacao\/prnewswire\/dakila-pesquisas-ocupa-o-centro-do-congresso-nacional\/","title":{"rendered":"Dakila Pesquisas ocupa o centro do Congresso Nacional"},"content":{"rendered":"\n<div class=\"xn-content\">\n<p class=\"prntac\"><i>No Audit\u00f3rio Nereu Ramos, Urandir Fernandes de Oliveirapreside pela primeira vez a Cadeira de Pesquisas Avan\u00e7adas da ABRAHAM e mobiliza a ci\u00eancia brasileira<\/p>\n<p><\/i>\n <\/p>\n<p><span class=\"legendSpanClass\">BRASILIA, Brasil<\/span>, <span class=\"legendSpanClass\">17 de setembro de 2025<\/span> \/PRNewswire\/ &#8212; A tarde de 12 de setembro de 2025 ficar\u00e1 marcada na mem\u00f3ria do Congresso Nacional. O Audit\u00f3rio Nereu Ramos recebeu uma plateia consciente de testemunhar um momento hist\u00f3rico. O sil\u00eancio respeitoso e a expectativa refletiam a import\u00e2ncia da solenidade.<\/p>\n<div class=\"PRN_ImbeddedAssetReference\" id=\"DivAssetPlaceHolder1\">\n  <a href=\"https:\/\/mma.prnewswire.com\/media\/2774555\/Foto_PRNews_DAKILA.html\" target=\"_blank\" rel=\"nofollow\"> <img decoding=\"async\" src=\"https:\/\/mma.prnewswire.com\/media\/2774555\/Foto_PRNews_DAKILA.jpg\" title=\"\" alt=\"\" \/>  <\/a>\n<\/p>\n<\/p><\/div>\n<p>O plen\u00e1rio, palco de decis\u00f5es que moldaram o pa\u00eds, celebrou a lembran\u00e7a de Juscelino Kubitschek, que completaria 123 anos, associada ao esp\u00edrito de um Brasil que escolhe avan\u00e7ar pela ci\u00eancia, inova\u00e7\u00e3o e coragem. No centro do evento esteve Urandir Fernandes de Oliveira, presidente do Ecossistema Dakila e da Cadeira de Pesquisas Avan\u00e7adas da ABRAHAM, cuja trajet\u00f3ria simboliza a capacidade de transformar ideias em realiza\u00e7\u00f5es.<\/p>\n<p>A cerim\u00f4nia ganhou destaque com o an\u00fancio da revista Network, que em sua edi\u00e7\u00e3o especial L\u00edderes do Brasil trar\u00e1 a trajet\u00f3ria de Urandir na capa, ao lado de nomes como Pel\u00e9 e Id\u00ea Guimar\u00e3es. Na mesma ocasi\u00e3o, a Associa\u00e7\u00e3o Brasileira da Influ\u00eancia Digital (ABRID) lan\u00e7ou o Cadastro Nacional da Influ\u00eancia Digital, iniciativa para fortalecer a seguran\u00e7a no ambiente virtual. Urandir foi o primeiro a se cadastrar, mobilizando sua rede para aderir ao projeto. Tamb\u00e9m foi a primeira vez que presidiu oficialmente a Cadeira de Pesquisas Avan\u00e7adas da ABRAHAM, consolidando sua relev\u00e2ncia nacional.<\/p>\n<p>A solenidade, conduzida por Regino Barros, presidente da ABRAHAM, contou com a presen\u00e7a de diversas autoridades. Um dos momentos mais emocionantes foi a exibi\u00e7\u00e3o de um v\u00eddeo sobre a trajet\u00f3ria de Urandir e do Ecossistema Dakila, que re\u00fane mais de vinte empresas voltadas \u00e0 ci\u00eancia aplicada, tecnologia e empreendedorismo. O p\u00fablico aplaudiu de p\u00e9 em reconhecimento a d\u00e9cadas de trabalho independente e inovador.<\/p>\n<p>O bloco conduzido por Urandir abriu-se com rever\u00eancia, destacando pesquisadores que, com dedica\u00e7\u00e3o, v\u00eam transformando diferentes \u00e1reas do conhecimento. Foram chamados ao palco nomes como <b>Fernanda Lima<\/b>, <b>Ot\u00e1vio Reis<\/b>, <b>Luiz Felipe Saboia Castelo Branco<\/b>, <b>Gustavo Ant\u00f4nio Guerra<\/b>, <b>Garibalde Rodrigues<\/b>, <b>Rafael dos Santos Hungria Pimentel<\/b>, <b>Fernando Silva de Oliveira<\/b>, <b>Larissa Kautzmann<\/b> e <b>Luciana de Saboia Castelo Branco<\/b>. Todos receberam o t\u00edtulo de personalidades do ano em Pesquisas Avan\u00e7adas.<\/p>\n<p>Destaque especial para o presidente do Instituto de Pesquisa e Conhecimento (ICP), <b>Nilo Santiago<\/b>, que recebeu a honrosa nomea\u00e7\u00e3o como <b>conselheiro da \u00e1rea de Pesquisas Avan\u00e7adas da Academia<\/b>. Al\u00e9m disso, os integrantes de Dakila, <b>Alex Sander de Oliveira<\/b> e <b>Alan de Oliveira<\/b>, foram distinguidos com o convite para integrar a <b>ABRAHAM<\/b> na condi\u00e7\u00e3o de <b>comendadores<\/b>.<\/p>\n<p>O clima foi de celebra\u00e7\u00e3o coletiva, exaltando os m\u00e9ritos individuais e o esfor\u00e7o conjunto de homens e mulheres que veem a pesquisa como miss\u00e3o de vida. Em discurso emocionado, Fernanda Lima destacou uma frase de Urandir: &#8220;Nada \u00e9 por acaso, tudo \u00e9 por uma causa&#8221;, refor\u00e7ando o compromisso da comunidade Dakila com a humanidade.<\/p>\n<p>O evento simbolizou a consolida\u00e7\u00e3o do trabalho de Dakila e seu papel como refer\u00eancia de excel\u00eancia no cen\u00e1rio nacional. Naquele 12 de setembro, em Bras\u00edlia, ficou claro que o Brasil pode sonhar grande e transformar esses sonhos em realidade.<\/p>\n<p>Foto &#8211; <a href=\"https:\/\/mma.prnewswire.com\/media\/2774555\/Foto_PRNews_DAKILA.jpg\" target=\"_blank\" rel=\"nofollow\">https:\/\/mma.prnewswire.com\/media\/2774555\/Foto_PRNews_DAKILA.jpg<\/a><\/p>\n<p id=\"PURL\">\n<img loading=\"lazy\" decoding=\"async\" title=\"Cision\" width=\"12\" height=\"12\" alt=\"Cision\" src=\"https:\/\/edge.prnewswire.com\/c\/img\/favicon.png?sn=PT74972&amp;sd=2025-09-17\" \/> View original content to download multimedia:<a id=\"PRNURL\" rel=\"nofollow\" href=\"https:\/\/www.prnewswire.com\/br\/comunicados-para-a-imprensa\/dakila-pesquisas-ocupa-o-centro-do-congresso-nacional-302558115.html\" target=\"_blank\">https:\/\/www.prnewswire.com\/br\/comunicados-para-a-imprensa\/dakila-pesquisas-ocupa-o-centro-do-congresso-nacional-302558115.html<\/a><\/p>\n<p>FONTE Dakila Pesquisas<\/p>\n<\/p><\/div>\n<p>  <img decoding=\"async\" alt=\"\" src=\"https:\/\/rt.prnewswire.com\/rt.gif?NewsItemId=PT74972&amp;Transmission_Id=202509170900PR_NEWS_LATAM____PT74972&amp;DateId=20250917\" style=\"border:0px;width:1px;height:1px\" \/><\/p>\n<p><strong>T\u00f3picos Relacionados:<\/strong> Not\u00edcias de Feiras Comerciais, STEM (Ci\u00eancia, Tecnologia, Engenharia, Matem\u00e1tica), Computador\/Eletr\u00f4nica<\/p>\n<p>A <b>OESP<\/b> n\u00e3o \u00e9(s\u00e3o) respons\u00e1vel(is) por erros, incorre\u00e7\u00f5es, atrasos ou quaisquer decis\u00f5es tomadas por seus clientes com base nos Conte\u00fados ora disponibilizados, bem como tais Conte\u00fados n\u00e3o representam a opini\u00e3o da <b>OESP<\/b> e s\u00e3o de inteira responsabilidade da <b>PR Newswire Ltda<\/b><\/p>\n","protected":false},"excerpt":{"rendered":"No Audit\u00f3rio Nereu Ramos, Urandir Fernandes de Oliveirapreside pela primeira vez a Cadeira de Pesquisas Avan\u00e7adas da ABRAHAM e mobiliza a ci\u00eancia brasileira BRASILIA, Brasil, 17 de setembro de 2025","protected":false},"author":1,"featured_media":116003,"comment_status":"open","ping_status":"closed","sticky":false,"template":"","format":"standard","meta":{"_acf_changed":false,"inline_featured_image":false,"_monsterinsights_skip_tracking":false,"_monsterinsights_sitenote_active":false,"_monsterinsights_sitenote_note":"","_monsterinsights_sitenote_category":0,"footnotes":""},"categories":[27],"tags":[2211],"class_list":["post-116002","post","type-post","status-publish","format-standard","has-post-thumbnail","hentry","category-prnewswire","tag-a-tarde-de-12-de-setembro-de-2025-ficara-marcada-na-memoria-do-congresso-nacional-o-auditorio-nereu-ramos-recebeu-uma-plateia-consciente-de-testemunhar-um-momento-historico-o-si"],"acf":[],"_links":{"self":[{"href":"https:\/\/bluestudio.estadao.com.br\/agencia-de-comunicacao\/wp-json\/wp\/v2\/posts\/116002","targetHints":{"allow":["GET"]}}],"collection":[{"href":"https:\/\/bluestudio.estadao.com.br\/agencia-de-comunicacao\/wp-json\/wp\/v2\/posts"}],"about":[{"href":"https:\/\/bluestudio.estadao.com.br\/agencia-de-comunicacao\/wp-json\/wp\/v2\/types\/post"}],"author":[{"embeddable":true,"href":"https:\/\/bluestudio.estadao.com.br\/agencia-de-comunicacao\/wp-json\/wp\/v2\/users\/1"}],"replies":[{"embeddable":true,"href":"https:\/\/bluestudio.estadao.com.br\/agencia-de-comunicacao\/wp-json\/wp\/v2\/comments?post=116002"}],"version-history":[{"count":0,"href":"https:\/\/bluestudio.estadao.com.br\/agencia-de-comunicacao\/wp-json\/wp\/v2\/posts\/116002\/revisions"}],"wp:featuredmedia":[{"embeddable":true,"href":"https:\/\/bluestudio.estadao.com.br\/agencia-de-comunicacao\/wp-json\/wp\/v2\/media\/116003"}],"wp:attachment":[{"href":"https:\/\/bluestudio.estadao.com.br\/agencia-de-comunicacao\/wp-json\/wp\/v2\/media?parent=116002"}],"wp:term":[{"taxonomy":"category","embeddable":true,"href":"https:\/\/bluestudio.estadao.com.br\/agencia-de-comunicacao\/wp-json\/wp\/v2\/categories?post=116002"},{"taxonomy":"post_tag","embeddable":true,"href":"https:\/\/bluestudio.estadao.com.br\/agencia-de-comunicacao\/wp-json\/wp\/v2\/tags?post=116002"}],"curies":[{"name":"wp","href":"https:\/\/api.w.org\/{rel}","templated":true}]}}