{"id":115880,"date":"2025-09-14T05:12:00","date_gmt":"2025-09-14T08:12:00","guid":{"rendered":"https:\/\/bluestudio.estadao.com.br\/agencia-de-comunicacao\/prnewswire\/os-produtos-v2g-da-starcharge-fizeram-uma-aparicao-notavel-no-iaa-mobility-2025\/"},"modified":"2025-09-14T05:12:00","modified_gmt":"2025-09-14T08:12:00","slug":"os-produtos-v2g-da-starcharge-fizeram-uma-aparicao-notavel-no-iaa-mobility-2025","status":"publish","type":"post","link":"https:\/\/bluestudio.estadao.com.br\/agencia-de-comunicacao\/prnewswire\/os-produtos-v2g-da-starcharge-fizeram-uma-aparicao-notavel-no-iaa-mobility-2025\/","title":{"rendered":"Os produtos V2G da StarCharge fizeram uma apari\u00e7\u00e3o not\u00e1vel no IAA Mobility 2025"},"content":{"rendered":"\n<div class=\"xn-content\">\n<p><span class=\"legendSpanClass\">MUNIQUE<\/span>, <span class=\"legendSpanClass\">14 de setembro de 2025<\/span> \/PRNewswire\/ &#8212; A StarCharge, l\u00edder global em infraestrutura de carregamento de ve\u00edculos el\u00e9tricos e solu\u00e7\u00f5es de energia inteligentes, teve uma participa\u00e7\u00e3o not\u00e1vel na IAA Mobility 2025, o evento global de mobilidade, sustentabilidade e tecnologia em Munique. Ao lado de um renomado fabricante de equipamentos originais (OEM) automotivo.<\/p>\n<div class=\"PRN_ImbeddedAssetReference\" id=\"DivAssetPlaceHolder7455\">\n  <a href=\"https:\/\/mma.prnewswire.com\/media\/2772336\/StarCharge_V2G_Products.html\" target=\"_blank\" rel=\"nofollow\"> <img decoding=\"async\" src=\"https:\/\/mma.prnewswire.com\/media\/2772336\/StarCharge_V2G_Products.jpg\" title=\"Produtos V2G da StarCharge (PRNewsfoto\/StarCharge)\" alt=\"Produtos V2G da StarCharge (PRNewsfoto\/StarCharge)\" \/>  <\/a>\n<\/p>\n<\/p><\/div>\n<p>Durante este evento, os produtos V2G da StarCharge atra\u00edram muitos visitantes da Europa, o que tamb\u00e9m acelerar\u00e1 a expans\u00e3o de seus produtos nos mercados europeus.<\/p>\n<p>Como parceira estrat\u00e9gica l\u00edder global em OEM, a StarCharge est\u00e1 profundamente envolvida em pesquisa e desenvolvimento de V2G desde 2017, com foco especial em romper barreiras tecnol\u00f3gicas no carregamento bidirecional. Os produtos V2G da StarCharge j\u00e1 receberam certifica\u00e7\u00e3o de conex\u00e3o \u00e0 rede em mais de 20 mercados importantes, passando pela Europa, Am\u00e9rica do Norte, Austr\u00e1lia, \u00c1frica e \u00c1sia. Esses mercados incluem Alemanha, Reino Unido, It\u00e1lia, Espanha, Estados Unidos, M\u00e9xico, Canad\u00e1, Austr\u00e1lia, Nova Zel\u00e2ndia e \u00c1frica do Sul.<\/p>\n<p>Com experi\u00eancia comprovada em conformidade local e adapta\u00e7\u00e3o t\u00e9cnica, a StarCharge oferece solu\u00e7\u00f5es V2G confi\u00e1veis e de alto padr\u00e3o, adaptadas a diversos requisitos regionais.<\/p>\n<p>A StarCharge continuar\u00e1 a inovar em tecnologias de carregamento de energia limpa, impulsionando a implanta\u00e7\u00e3o global em larga escala do V2G. Estamos ansiosos para unir for\u00e7as com todos os parceiros para acelerar a transi\u00e7\u00e3o para a energia verde e um futuro sustent\u00e1vel com zero carbono.<\/p>\n<p>A StarCharge apresentar\u00e1 seu produto V2G mais recente no estande A101, durante a All Energy Australia, de 29 a 30 de outubro de 2025.<\/p>\n<p>Foto &#8211; <a href=\"https:\/\/mma.prnewswire.com\/media\/2772336\/StarCharge_V2G_Products.jpg\" target=\"_blank\" rel=\"nofollow\">https:\/\/mma.prnewswire.com\/media\/2772336\/StarCharge_V2G_Products.jpg<\/a><\/p>\n<div class=\"PRN_ImbeddedAssetReference\" id=\"DivAssetPlaceHolder0\"><\/div>\n<p id=\"PURL\">\n<img loading=\"lazy\" decoding=\"async\" title=\"Cision\" width=\"12\" height=\"12\" alt=\"Cision\" src=\"https:\/\/edge.prnewswire.com\/c\/img\/favicon.png?sn=PT72381&amp;sd=2025-09-14\" \/> View original content to download multimedia:<a id=\"PRNURL\" rel=\"nofollow\" href=\"https:\/\/www.prnewswire.com\/br\/comunicados-para-a-imprensa\/os-produtos-v2g-da-starcharge-fizeram-uma-aparicao-notavel-no-iaa-mobility-2025-302555795.html\" target=\"_blank\">https:\/\/www.prnewswire.com\/br\/comunicados-para-a-imprensa\/os-produtos-v2g-da-starcharge-fizeram-uma-aparicao-notavel-no-iaa-mobility-2025-302555795.html<\/a><\/p>\n<p>FONTE StarCharge<\/p>\n<\/p><\/div>\n<p>  <img decoding=\"async\" alt=\"\" src=\"https:\/\/rt.prnewswire.com\/rt.gif?NewsItemId=PT72381&amp;Transmission_Id=202509140401PR_NEWS_LATAM____PT72381&amp;DateId=20250914\" style=\"border:0px;width:1px;height:1px\" \/><\/p>\n<p><strong>T\u00f3picos Relacionados:<\/strong> Not\u00edcias de Feiras Comerciais, Servi\u00e7os P\u00fablicos, Concession\u00e1rias de Energia El\u00e9trica, Automotivo<\/p>\n<p>A <b>OESP<\/b> n\u00e3o \u00e9(s\u00e3o) respons\u00e1vel(is) por erros, incorre\u00e7\u00f5es, atrasos ou quaisquer decis\u00f5es tomadas por seus clientes com base nos Conte\u00fados ora disponibilizados, bem como tais Conte\u00fados n\u00e3o representam a opini\u00e3o da <b>OESP<\/b> e s\u00e3o de inteira responsabilidade da <b>PR Newswire Ltda<\/b><\/p>\n","protected":false},"excerpt":{"rendered":"MUNIQUE, 14 de setembro de 2025 \/PRNewswire\/ &#8212; A StarCharge, l\u00edder global em infraestrutura de carregamento de ve\u00edculos el\u00e9tricos e solu\u00e7\u00f5es de energia inteligentes, teve uma participa\u00e7\u00e3o","protected":false},"author":1,"featured_media":115881,"comment_status":"open","ping_status":"closed","sticky":false,"template":"","format":"standard","meta":{"_acf_changed":false,"inline_featured_image":false,"_monsterinsights_skip_tracking":false,"_monsterinsights_sitenote_active":false,"_monsterinsights_sitenote_note":"","_monsterinsights_sitenote_category":0,"footnotes":""},"categories":[27],"tags":[1824,2117,2119,2118],"class_list":["post-115880","post","type-post","status-publish","format-standard","has-post-thumbnail","hentry","category-prnewswire","tag-a-starcharge","tag-lider-global-em-infraestrutura-de-carregamento-de-veiculos-eletricos-e-solucoes-de-energia-inteligentes","tag-o-evento","tag-teve-uma-participacao-notavel-na-iaa-mobility-2025"],"acf":[],"_links":{"self":[{"href":"https:\/\/bluestudio.estadao.com.br\/agencia-de-comunicacao\/wp-json\/wp\/v2\/posts\/115880","targetHints":{"allow":["GET"]}}],"collection":[{"href":"https:\/\/bluestudio.estadao.com.br\/agencia-de-comunicacao\/wp-json\/wp\/v2\/posts"}],"about":[{"href":"https:\/\/bluestudio.estadao.com.br\/agencia-de-comunicacao\/wp-json\/wp\/v2\/types\/post"}],"author":[{"embeddable":true,"href":"https:\/\/bluestudio.estadao.com.br\/agencia-de-comunicacao\/wp-json\/wp\/v2\/users\/1"}],"replies":[{"embeddable":true,"href":"https:\/\/bluestudio.estadao.com.br\/agencia-de-comunicacao\/wp-json\/wp\/v2\/comments?post=115880"}],"version-history":[{"count":0,"href":"https:\/\/bluestudio.estadao.com.br\/agencia-de-comunicacao\/wp-json\/wp\/v2\/posts\/115880\/revisions"}],"wp:featuredmedia":[{"embeddable":true,"href":"https:\/\/bluestudio.estadao.com.br\/agencia-de-comunicacao\/wp-json\/wp\/v2\/media\/115881"}],"wp:attachment":[{"href":"https:\/\/bluestudio.estadao.com.br\/agencia-de-comunicacao\/wp-json\/wp\/v2\/media?parent=115880"}],"wp:term":[{"taxonomy":"category","embeddable":true,"href":"https:\/\/bluestudio.estadao.com.br\/agencia-de-comunicacao\/wp-json\/wp\/v2\/categories?post=115880"},{"taxonomy":"post_tag","embeddable":true,"href":"https:\/\/bluestudio.estadao.com.br\/agencia-de-comunicacao\/wp-json\/wp\/v2\/tags?post=115880"}],"curies":[{"name":"wp","href":"https:\/\/api.w.org\/{rel}","templated":true}]}}