{"id":115778,"date":"2025-09-11T09:42:00","date_gmt":"2025-09-11T12:42:00","guid":{"rendered":"https:\/\/bluestudio.estadao.com.br\/agencia-de-comunicacao\/prnewswire\/a-catl-junta-se-aos-lideres-globais-da-industria-no-forum-da-fundacao-ellen-macarthur-sobre-circularidade-na-iaa-2025\/"},"modified":"2025-09-11T09:42:00","modified_gmt":"2025-09-11T12:42:00","slug":"a-catl-junta-se-aos-lideres-globais-da-industria-no-forum-da-fundacao-ellen-macarthur-sobre-circularidade-na-iaa-2025","status":"publish","type":"post","link":"https:\/\/bluestudio.estadao.com.br\/agencia-de-comunicacao\/prnewswire\/a-catl-junta-se-aos-lideres-globais-da-industria-no-forum-da-fundacao-ellen-macarthur-sobre-circularidade-na-iaa-2025\/","title":{"rendered":"A CATL junta-se aos l\u00edderes globais da ind\u00fastria no F\u00f3rum da Funda\u00e7\u00e3o Ellen MacArthur sobre Circularidade na IAA 2025"},"content":{"rendered":"\n<div class=\"xn-content\">\n<p><span class=\"legendSpanClass\">MUNIQUE<\/span>, <span class=\"legendSpanClass\">11 de setembro de 2025<\/span> \/PRNewswire\/ &#8212; Na IAA 2025, a CATL apoiou a Ellen MacArthur Foundation (EMF) na organiza\u00e7\u00e3o de um f\u00f3rum de alto n\u00edvel que reuniu executivos da BASF, BMW, Mercedes-Benz, Alian\u00e7a Europeia para as Baterias, Global Battery Alliance, Benchmark Mineral Intelligence e Xynteo, juntamente com mais de 100 representantes de diversos setores, para discutir caminhos para alcan\u00e7ar a circularidade em toda a cadeia de valor das baterias e promover a colabora\u00e7\u00e3o pol\u00edtica e financeira para expandir a economia circular.<\/p>\n<div id=\"prni_dvprnejpg06c2left\" dir=\"ltr\" style=\"width: 100%;text-align: left\"><img decoding=\"async\" id=\"prnejpg06c2left\" title=\" \" src=\"https:\/\/mma.prnewswire.com\/media\/2769851\/image_1.jpg\" alt=\" \" align=\"middle\" \/> <\/div>\n<p>O evento, realizado na abertura de um dos principais sal\u00f5es automotivos do mundo, destacou a circularidade como um tema fundamental para o setor, refletindo o crescente reconhecimento de que a mobilidade sustent\u00e1vel depende do fechamento do ciclo entre o projeto, a fabrica\u00e7\u00e3o, a reutiliza\u00e7\u00e3o, as aplica\u00e7\u00f5es de segunda vida e a reciclagem das baterias. A CATL contribuiu com insights de sua iniciativa Global Energy Circularity Commitment (GECC), compartilhando li\u00e7\u00f5es pr\u00e1ticas de suas opera\u00e7\u00f5es e parcerias globais.<\/p>\n<div id=\"prni_dvprnejpg680fleft\" dir=\"ltr\" style=\"width: 100%;text-align: left\"><img decoding=\"async\" id=\"prnejpg680fleft\" title=\" \" src=\"https:\/\/mma.prnewswire.com\/media\/2769850\/image_2.jpg\" alt=\" \" align=\"middle\" \/> <\/div>\n<p><b>Constru\u00eddo para a circularidade: design, fabrica\u00e7\u00e3o e infraestrutura para baterias<\/b>\n <\/p>\n<p>A primeira discuss\u00e3o explorou como a circularidade pode ser incorporada desde as fases iniciais do desenvolvimento das baterias, desde o design e a fabrica\u00e7\u00e3o at\u00e9 a infraestrutura de apoio. Os participantes do painel destacaram a import\u00e2ncia da rastreabilidade digital, da transpar\u00eancia dos materiais e das pr\u00e1ticas industriais colaborativas como fatores essenciais para um ecossistema de baterias verdadeiramente circular.<\/p>\n<p>Jiang Li, vice-presidente e secret\u00e1rio do conselho da CATL, enfatizou tanto o desafio quanto a oportunidade que se apresentam:<\/p>\n<p>Para tornar a circularidade uma realidade em grande escala, o setor precisa de normas claras e de quadros pol\u00edticos e financeiros alinhados. Com mais parceiros se juntando a n\u00f3s, estamos trabalhando juntos para construir um ecossistema que torne as baterias mais resilientes, seguras e sustent\u00e1veis para as pr\u00f3ximas d\u00e9cadas.&#8221;<\/p>\n<p>Daniel Sch\u00f6nfelder, presidente de materiais para bateria na BASF, falou sobre o papel dos materiais cat\u00f3dicos sustent\u00e1veis e da colabora\u00e7\u00e3o industrial; Jens Rubi, gerente s\u00eanior e chefe de circularidade na Mercedes-Benz, destacou a incorpora\u00e7\u00e3o da circularidade nas estrat\u00e9gias dos fabricantes de equipamentos originais (OEM); e Oliver Ganser, vice-presidente de digitaliza\u00e7\u00e3o na BMW, discutiu o aproveitamento da Catena-X, a plataforma digital intersetorial liderada pela BMW para troca de dados automotivos, para garantir a transpar\u00eancia e a rastreabilidade da cadeia de suprimentos.<\/p>\n<p>A discuss\u00e3o destacou que a constru\u00e7\u00e3o de um ecossistema circular de baterias requer uma a\u00e7\u00e3o coordenada entre fabricantes, fornecedores e parceiros tecnol\u00f3gicos, e que a colabora\u00e7\u00e3o em todas as etapas da cadeia de valor \u00e9 essencial para tornar a circularidade escal\u00e1vel e pr\u00e1tica.<\/p>\n<p><b>Do dinheiro \u00e0s metas: ampliando as baterias circulares com pol\u00edticas e financiamentos inteligentes<\/b>\n <\/p>\n<p>A segunda discuss\u00e3o centrou-se nas alavancas necess\u00e1rias para ampliar a circularidade em todo o ecossistema global de baterias, com \u00eanfase em estruturas pol\u00edticas, mecanismos de financiamento e abordagens padronizadas. Os participantes do painel exploraram como o alinhamento regulat\u00f3rio, a confian\u00e7a dos investidores e ferramentas como o Passaporte de Baterias podem criar m\u00e9tricas transparentes e compar\u00e1veis entre jurisdi\u00e7\u00f5es, permitindo a implementa\u00e7\u00e3o pr\u00e1tica e em larga escala de pr\u00e1ticas circulares.<\/p>\n<p>Emma Nerenheim, diretora-geral da Alian\u00e7a Europeia para as Baterias, destacou a urg\u00eancia de uma a\u00e7\u00e3o coordenada:<\/p>\n<p><i>&#8220;Estamos falando muito sobre colabora\u00e7\u00e3o atualmente. Quero dizer que a palavra \u00e9 consolida\u00e7\u00e3o. N\u00e3o \u00e9 colabora\u00e7\u00e3o. \u00c9 que temos que decidir que precisamos fazer isso. \u00c9 incrivelmente dif\u00edcil entender como essa quest\u00e3o vai se resolver (para os recicladores). Ent\u00e3o, consolide agora.&#8221;<\/i>\n <\/p>\n<p>Inga Petersen, diretora executiva e membro do conselho da Global Battery Alliance, enfatizou ainda mais a necessidade de uma abordagem global harmonizada para a circularidade:<\/p>\n<p><i>Precisamos dar muito mais \u00eanfase \u00e0 cria\u00e7\u00e3o de condi\u00e7\u00f5es equitativas em n\u00edvel global e \u00e0 an\u00e1lise do ecossistema global de baterias. Existe um risco real de fragmenta\u00e7\u00e3o, em que os elevados encargos de conformidade regulamentar e os produtos de alto padr\u00e3o em determinados mercados podem deixar os mercados emergentes com dificuldades para cumprir os requisitos de sustentabilidade e reciclagem. Precisamos realmente criar padr\u00f5es m\u00ednimos comuns para as baterias, a fim de garantir que elas atendam aos crit\u00e9rios de sustentabilidade e possam ter acesso ao capital.<\/i>&#8220;<\/p>\n<p>Outros participantes do painel compartilharam perspectivas complementares: Zoe Zhang, analista de minerais cr\u00edticos da Benchmark Mineral Intelligence, apresentou insights sobre os riscos da cadeia de suprimentos e a import\u00e2ncia da transpar\u00eancia dos dados para os investidores; e Amy Marshall, diretora administrativa da Xynteo, discutiu parcerias entre m\u00faltiplas partes interessadas e a transforma\u00e7\u00e3o de sistemas para possibilitar a circularidade.<\/p>\n<p>O f\u00f3rum serviu como a primeira reuni\u00e3o formal dos parceiros do Programa de Minerais Cr\u00edticos da Funda\u00e7\u00e3o Ellen MacArthur, lan\u00e7ado em junho, onde a CATL delineou sua meta ambiciosa de que, em 20 anos, at\u00e9 50% da produ\u00e7\u00e3o de novas baterias poderia ser dissociada das mat\u00e9rias-primas virgens. No futuro, a CATL continuar\u00e1 trabalhando com a EMF e parceiros do setor em projetos-piloto e solu\u00e7\u00f5es completas para a cadeia de valor, promovendo um ecossistema de baterias circular, sustent\u00e1vel e equitativo.<\/p>\n<p>Foto &#8211; <a href=\"https:\/\/mma.prnewswire.com\/media\/2769851\/image_1.jpg\" target=\"_blank\" rel=\"nofollow\">https:\/\/mma.prnewswire.com\/media\/2769851\/image_1.jpg<\/a><br \/>Foto &#8211; <a href=\"https:\/\/mma.prnewswire.com\/media\/2769850\/image_2.jpg\" target=\"_blank\" rel=\"nofollow\">https:\/\/mma.prnewswire.com\/media\/2769850\/image_2.jpg<\/a><\/p>\n<\/p>\n<p id=\"PURL\">\n<img loading=\"lazy\" decoding=\"async\" title=\"Cision\" width=\"12\" height=\"12\" alt=\"Cision\" src=\"https:\/\/edge.prnewswire.com\/c\/img\/favicon.png?sn=PT70317&amp;sd=2025-09-11\" \/> View original content:<a id=\"PRNURL\" rel=\"nofollow\" href=\"https:\/\/www.prnewswire.com\/br\/comunicados-para-a-imprensa\/a-catl-junta-se-aos-lideres-globais-da-industria-no-forum-da-fundacao-ellen-macarthur-sobre-circularidade-na-iaa-2025-302553911.html\" target=\"_blank\">https:\/\/www.prnewswire.com\/br\/comunicados-para-a-imprensa\/a-catl-junta-se-aos-lideres-globais-da-industria-no-forum-da-fundacao-ellen-macarthur-sobre-circularidade-na-iaa-2025-302553911.html<\/a><\/p>\n<p>FONTE Contemporary Amperex Technology Co., Limited (CATL)<\/p>\n<\/p><\/div>\n<p>  <img decoding=\"async\" alt=\"\" src=\"https:\/\/rt.prnewswire.com\/rt.gif?NewsItemId=PT70317&amp;Transmission_Id=202509110828PR_NEWS_LATAM____PT70317&amp;DateId=20250911\" style=\"border:0px;width:1px;height:1px\" \/><\/p>\n<p><strong>T\u00f3picos Relacionados:<\/strong> Not\u00edcias de Feiras Comerciais, Transporte \/ Caminh\u00f5es \/ Ferrovias, Automotivo, Produtos e Servi\u00e7os Ambientais, Computador\/Eletr\u00f4nica, Tecnologia Verde<\/p>\n<p>A <b>OESP<\/b> n\u00e3o \u00e9(s\u00e3o) respons\u00e1vel(is) por erros, incorre\u00e7\u00f5es, atrasos ou quaisquer decis\u00f5es tomadas por seus clientes com base nos Conte\u00fados ora disponibilizados, bem como tais Conte\u00fados n\u00e3o representam a opini\u00e3o da <b>OESP<\/b> e s\u00e3o de inteira responsabilidade da <b>PR Newswire Ltda<\/b><\/p>\n","protected":false},"excerpt":{"rendered":"MUNIQUE, 11 de setembro de 2025 \/PRNewswire\/ &#8212; Na IAA 2025, a CATL apoiou a Ellen MacArthur Foundation (EMF) na organiza\u00e7\u00e3o de um f\u00f3rum de alto n\u00edvel que reuniu executivos da BASF, BMW,","protected":false},"author":1,"featured_media":115779,"comment_status":"open","ping_status":"closed","sticky":false,"template":"","format":"standard","meta":{"_acf_changed":false,"inline_featured_image":false,"_monsterinsights_skip_tracking":false,"_monsterinsights_sitenote_active":false,"_monsterinsights_sitenote_note":"","_monsterinsights_sitenote_category":0,"footnotes":""},"categories":[27],"tags":[2037,2040,2038,2039,2036],"class_list":["post-115778","post","type-post","status-publish","format-standard","has-post-thumbnail","hentry","category-prnewswire","tag-a-catl-apoiou-a-ellen-macarthur-foundation-emf-na-organizacao-de-um-forum-de-alto-nivel-que-reuniu-executivos-da-basf","tag-alianca-europeia-para-as","tag-bmw","tag-mercedes-benz","tag-na-iaa-2025"],"acf":[],"_links":{"self":[{"href":"https:\/\/bluestudio.estadao.com.br\/agencia-de-comunicacao\/wp-json\/wp\/v2\/posts\/115778","targetHints":{"allow":["GET"]}}],"collection":[{"href":"https:\/\/bluestudio.estadao.com.br\/agencia-de-comunicacao\/wp-json\/wp\/v2\/posts"}],"about":[{"href":"https:\/\/bluestudio.estadao.com.br\/agencia-de-comunicacao\/wp-json\/wp\/v2\/types\/post"}],"author":[{"embeddable":true,"href":"https:\/\/bluestudio.estadao.com.br\/agencia-de-comunicacao\/wp-json\/wp\/v2\/users\/1"}],"replies":[{"embeddable":true,"href":"https:\/\/bluestudio.estadao.com.br\/agencia-de-comunicacao\/wp-json\/wp\/v2\/comments?post=115778"}],"version-history":[{"count":0,"href":"https:\/\/bluestudio.estadao.com.br\/agencia-de-comunicacao\/wp-json\/wp\/v2\/posts\/115778\/revisions"}],"wp:featuredmedia":[{"embeddable":true,"href":"https:\/\/bluestudio.estadao.com.br\/agencia-de-comunicacao\/wp-json\/wp\/v2\/media\/115779"}],"wp:attachment":[{"href":"https:\/\/bluestudio.estadao.com.br\/agencia-de-comunicacao\/wp-json\/wp\/v2\/media?parent=115778"}],"wp:term":[{"taxonomy":"category","embeddable":true,"href":"https:\/\/bluestudio.estadao.com.br\/agencia-de-comunicacao\/wp-json\/wp\/v2\/categories?post=115778"},{"taxonomy":"post_tag","embeddable":true,"href":"https:\/\/bluestudio.estadao.com.br\/agencia-de-comunicacao\/wp-json\/wp\/v2\/tags?post=115778"}],"curies":[{"name":"wp","href":"https:\/\/api.w.org\/{rel}","templated":true}]}}