{"id":115773,"date":"2025-09-11T09:12:00","date_gmt":"2025-09-11T12:12:00","guid":{"rendered":"https:\/\/bluestudio.estadao.com.br\/agencia-de-comunicacao\/prnewswire\/modelos-de-varias-estrelas-lideram-o-caminho-o-avatr-brilha-com-novo-luxo-no-salao-do-automovel-de-munique-iaa-de-2025\/"},"modified":"2025-09-11T09:12:00","modified_gmt":"2025-09-11T12:12:00","slug":"modelos-de-varias-estrelas-lideram-o-caminho-o-avatr-brilha-com-novo-luxo-no-salao-do-automovel-de-munique-iaa-de-2025","status":"publish","type":"post","link":"https:\/\/bluestudio.estadao.com.br\/agencia-de-comunicacao\/prnewswire\/modelos-de-varias-estrelas-lideram-o-caminho-o-avatr-brilha-com-novo-luxo-no-salao-do-automovel-de-munique-iaa-de-2025\/","title":{"rendered":"Modelos de v\u00e1rias estrelas lideram o caminho, o AVATR brilha com &#8220;novo luxo&#8221; no Sal\u00e3o do Autom\u00f3vel de Munique (IAA) de 2025"},"content":{"rendered":"\n<div class=\"xn-content\">\n<p><span class=\"legendSpanClass\">MUNIQUE<\/span>, <span class=\"legendSpanClass\">11 de setembro de 2025<\/span> \/PRNewswire\/ &#8212; A AVATR fez uma apari\u00e7\u00e3o de alto n\u00edvel no Sal\u00e3o do Autom\u00f3vel de Munique (IAA) de 2025, apresentando modelos de v\u00e1rias estrelas enquanto estreava simultaneamente na K\u00f6nigsplatz, um marco de Munique. Ao criar uma experi\u00eancia imersiva inovadora de cen\u00e1rio duplo &#8220;interno + externo&#8221;, a marca ofereceu ao p\u00fablico global uma maneira mais rica e envolvente de se conectar com sua vis\u00e3o de &#8220;Novo Luxo&#8221;.<\/p>\n<div class=\"PRN_ImbeddedAssetReference\" id=\"DivAssetPlaceHolder5504\">\n  <a href=\"https:\/\/mma.prnewswire.com\/media\/2770102\/Multiple_Star_Models_Lead_Way_AVATR_Shines_New_Luxury_2025.html\" target=\"_blank\" rel=\"nofollow\"> <img decoding=\"async\" src=\"https:\/\/mma.prnewswire.com\/media\/2770102\/Multiple_Star_Models_Lead_Way_AVATR_Shines_New_Luxury_2025.jpg\" \/>  <\/a>\n<\/p>\n<\/p><\/div>\n<p>Durante o evento, o primeiro carro de vis\u00e3o Emotive Intelligent (EI) do mundo, o AVATR VISION XPECTRA, projetado pelo diretor de design Nader Faghihzadeh, cativou os visitantes europeus com sua apari\u00e7\u00e3o de estreia. Ao lado dele, o AVATR 012 de edi\u00e7\u00e3o limitada co-criado com Kim Jones, o exclusivo AVATR 11 Royal Edition personalizado, o SUV Urban Luxury AVATR 07 e o Luxury Sports Sedan AVATR 06 tamb\u00e9m ocuparam o centro do palco, demonstrando sistematicamente as mais recentes explora\u00e7\u00f5es do AVATR em design original e tecnologia inteligente.<\/p>\n<div class=\"PRN_ImbeddedAssetReference\" id=\"DivAssetPlaceHolder1573\">\n  <a href=\"https:\/\/mma.prnewswire.com\/media\/2770103\/Multiple_Star_Models_Lead_Way_AVATR_Shines_New_Luxury_2025_1.html\" target=\"_blank\" rel=\"nofollow\"> <img decoding=\"async\" src=\"https:\/\/mma.prnewswire.com\/media\/2770103\/Multiple_Star_Models_Lead_Way_AVATR_Shines_New_Luxury_2025_1.jpg\" \/>  <\/a>\n<\/p>\n<\/p><\/div>\n<p>O AVATR 07, posicionado como o SUV Urban Luxury, combina perfeitamente o conforto espa\u00e7oso com o calor emocional. Foi homenageado com o iF Design Award alem\u00e3o de 2025 e o ida International Design Gold Award dos EUA, atraindo grandes multid\u00f5es de visitantes. O AVATR 06, como o Luxury Sports Sedan, impressionou o p\u00fablico com seu perfil rebaixado e contornos esculpidos, tornando-se um destaque do show. O exclusivo AVATR 11 Royal Edition personalizado mostrou seu car\u00e1ter luxuoso atrav\u00e9s de uma combina\u00e7\u00e3o refinada de Obsidian Black e Noble Gray, com um acabamento completo e brilhante inspirado na grandeza da Royal Opera House, tornando-se outro ponto focal da exposi\u00e7\u00e3o. Enquanto isso, a edi\u00e7\u00e3o limitada AVATR 012, co-criada com Kim Jones e Nader Faghihzadeh, cativou a aten\u00e7\u00e3o com sua silhueta escultural de prata l\u00edquida e interior inspirado na est\u00e9tica arquitet\u00f4nica.<\/p>\n<p>Apoiada por esta nova linha de produtos de luxo, a AVATR j\u00e1 conquistou a confian\u00e7a de quase 190.000 propriet\u00e1rios e recebeu feedback positivo em mercados como Tail\u00e2ndia, Emirados \u00c1rabes Unidos e Cingapura. Em 2025, a empresa planeja entrar em mais de 50 pa\u00edses e regi\u00f5es em todo o mundo, estabelecendo uma rede de mais de 160 canais. Como representante dos novos ve\u00edculos el\u00e9tricos de luxo originais e inteligentes, a AVATR est\u00e1 avan\u00e7ando com uma mentalidade Born Global em dire\u00e7\u00e3o \u00e0 sua vis\u00e3o de se tornar um dos principais nomes internacionais no campo dos novos ve\u00edculos el\u00e9tricos inteligentes de luxo.<\/p>\n<p>Foto &#8211; <a href=\"https:\/\/mma.prnewswire.com\/media\/2770102\/Multiple_Star_Models_Lead_Way_AVATR_Shines_New_Luxury_2025.jpg\" target=\"_blank\" rel=\"nofollow\">https:\/\/mma.prnewswire.com\/media\/2770102\/Multiple_Star_Models_Lead_Way_AVATR_Shines_New_Luxury_2025.jpg<\/a><br \/>Foto &#8211; <a href=\"https:\/\/mma.prnewswire.com\/media\/2770103\/Multiple_Star_Models_Lead_Way_AVATR_Shines_New_Luxury_2025_1.jpg\" target=\"_blank\" rel=\"nofollow\">https:\/\/mma.prnewswire.com\/media\/2770103\/Multiple_Star_Models_Lead_Way_AVATR_Shines_New_Luxury_2025_1.jpg<\/a><\/p>\n<div class=\"PRN_ImbeddedAssetReference\" id=\"DivAssetPlaceHolder0\"><\/div>\n<p id=\"PURL\">\n<img loading=\"lazy\" decoding=\"async\" title=\"Cision\" width=\"12\" height=\"12\" alt=\"Cision\" src=\"https:\/\/edge.prnewswire.com\/c\/img\/favicon.png?sn=PT70347&amp;sd=2025-09-11\" \/> View original content to download multimedia:<a id=\"PRNURL\" rel=\"nofollow\" href=\"https:\/\/www.prnewswire.com\/br\/comunicados-para-a-imprensa\/modelos-de-varias-estrelas-lideram-o-caminho-o-avatr-brilha-com-novo-luxo-no-salao-do-automovel-de-munique-iaa-de-2025-302553876.html\" target=\"_blank\">https:\/\/www.prnewswire.com\/br\/comunicados-para-a-imprensa\/modelos-de-varias-estrelas-lideram-o-caminho-o-avatr-brilha-com-novo-luxo-no-salao-do-automovel-de-munique-iaa-de-2025-302553876.html<\/a><\/p>\n<p>FONTE Avatr Technology (Chongqing) Co., Ltd<\/p>\n<\/p><\/div>\n<p>  <img decoding=\"async\" alt=\"\" src=\"https:\/\/rt.prnewswire.com\/rt.gif?NewsItemId=PT70347&amp;Transmission_Id=202509110804PR_NEWS_LATAM____PT70347&amp;DateId=20250911\" style=\"border:0px;width:1px;height:1px\" \/><\/p>\n<p><strong>T\u00f3picos Relacionados:<\/strong> Novos Produtos\/Servi\u00e7os, Not\u00edcias de Feiras Comerciais, Transporte \/ Caminh\u00f5es \/ Ferrovias, Automotivo, Pr\u00eamios, Produtos e Servi\u00e7os Ambientais, Tecnologia Verde<\/p>\n<p>A <b>OESP<\/b> n\u00e3o \u00e9(s\u00e3o) respons\u00e1vel(is) por erros, incorre\u00e7\u00f5es, atrasos ou quaisquer decis\u00f5es tomadas por seus clientes com base nos Conte\u00fados ora disponibilizados, bem como tais Conte\u00fados n\u00e3o representam a opini\u00e3o da <b>OESP<\/b> e s\u00e3o de inteira responsabilidade da <b>PR Newswire Ltda<\/b><\/p>\n","protected":false},"excerpt":{"rendered":"MUNIQUE, 11 de setembro de 2025 \/PRNewswire\/ &#8212; A AVATR fez uma apari\u00e7\u00e3o de alto n\u00edvel no Sal\u00e3o do Autom\u00f3vel de Munique (IAA) de 2025, apresentando modelos de v\u00e1rias estrelas enquanto","protected":false},"author":1,"featured_media":115774,"comment_status":"open","ping_status":"closed","sticky":false,"template":"","format":"standard","meta":{"_acf_changed":false,"inline_featured_image":false,"_monsterinsights_skip_tracking":false,"_monsterinsights_sitenote_active":false,"_monsterinsights_sitenote_note":"","_monsterinsights_sitenote_category":0,"footnotes":""},"categories":[27],"tags":[2033,2034,2035],"class_list":["post-115773","post","type-post","status-publish","format-standard","has-post-thumbnail","hentry","category-prnewswire","tag-a-avatr-fez-uma-aparicao-de-alto-nivel-no-salao-do-automovel-de-munique-iaa-de-2025","tag-apresentando-modelos-de-varias-estrelas-enquanto-estreava-simultaneamente-na-konigsplatz","tag-um"],"acf":[],"_links":{"self":[{"href":"https:\/\/bluestudio.estadao.com.br\/agencia-de-comunicacao\/wp-json\/wp\/v2\/posts\/115773","targetHints":{"allow":["GET"]}}],"collection":[{"href":"https:\/\/bluestudio.estadao.com.br\/agencia-de-comunicacao\/wp-json\/wp\/v2\/posts"}],"about":[{"href":"https:\/\/bluestudio.estadao.com.br\/agencia-de-comunicacao\/wp-json\/wp\/v2\/types\/post"}],"author":[{"embeddable":true,"href":"https:\/\/bluestudio.estadao.com.br\/agencia-de-comunicacao\/wp-json\/wp\/v2\/users\/1"}],"replies":[{"embeddable":true,"href":"https:\/\/bluestudio.estadao.com.br\/agencia-de-comunicacao\/wp-json\/wp\/v2\/comments?post=115773"}],"version-history":[{"count":0,"href":"https:\/\/bluestudio.estadao.com.br\/agencia-de-comunicacao\/wp-json\/wp\/v2\/posts\/115773\/revisions"}],"wp:featuredmedia":[{"embeddable":true,"href":"https:\/\/bluestudio.estadao.com.br\/agencia-de-comunicacao\/wp-json\/wp\/v2\/media\/115774"}],"wp:attachment":[{"href":"https:\/\/bluestudio.estadao.com.br\/agencia-de-comunicacao\/wp-json\/wp\/v2\/media?parent=115773"}],"wp:term":[{"taxonomy":"category","embeddable":true,"href":"https:\/\/bluestudio.estadao.com.br\/agencia-de-comunicacao\/wp-json\/wp\/v2\/categories?post=115773"},{"taxonomy":"post_tag","embeddable":true,"href":"https:\/\/bluestudio.estadao.com.br\/agencia-de-comunicacao\/wp-json\/wp\/v2\/tags?post=115773"}],"curies":[{"name":"wp","href":"https:\/\/api.w.org\/{rel}","templated":true}]}}