{"id":115737,"date":"2025-09-10T16:12:00","date_gmt":"2025-09-10T19:12:00","guid":{"rendered":"https:\/\/bluestudio.estadao.com.br\/agencia-de-comunicacao\/prnewswire\/definindo-novo-luxo-na-era-inteligente-aito-lanca-sua-linha-global-de-produtos-na-iaa-mobility-2025\/"},"modified":"2025-09-10T16:12:00","modified_gmt":"2025-09-10T19:12:00","slug":"definindo-novo-luxo-na-era-inteligente-aito-lanca-sua-linha-global-de-produtos-na-iaa-mobility-2025","status":"publish","type":"post","link":"https:\/\/bluestudio.estadao.com.br\/agencia-de-comunicacao\/prnewswire\/definindo-novo-luxo-na-era-inteligente-aito-lanca-sua-linha-global-de-produtos-na-iaa-mobility-2025\/","title":{"rendered":"Definindo &#8220;novo luxo&#8221; na era inteligente: AITO lan\u00e7a sua linha global de produtos na IAA MOBILITY 2025"},"content":{"rendered":"\n<div class=\"xn-content\">\n<ul type=\"disc\">\n<li>  <b>As estreias mundiais de todas as novas variantes do Oriente M\u00e9dio da AITO 9, AITO 7 e AITO 5 na IAA MOBILITY 2025 interpretam conjuntamente o &#8220;novo luxo&#8221; para a era dos ve\u00edculos inteligentes<\/b><\/li>\n<li>  <b>A AITO est\u00e1 se tornando uma empresa glocal<\/b><\/li>\n<li>  <b>A estrat\u00e9gia de globaliza\u00e7\u00e3o de longo prazo da AITO se concentra no segmento de ve\u00edculos de energia renov\u00e1vel de ponta, abrangendo<\/b> <b>caminhos de tecnologia puramente el\u00e9tricos e extensores de autonomia<\/b> <\/li>\n<li>  <b>O lan\u00e7amento do sistema SERES Super Range-Extender de \u00faltima gera\u00e7\u00e3o possibilita uma experi\u00eancia de mobilidade &#8220;novo luxo&#8221; silenciosa e impercept\u00edvel para usu\u00e1rios globais<\/b><\/li>\n<\/ul>\n<p><span class=\"legendSpanClass\">MUNIQUE<\/span>, <span class=\"legendSpanClass\">10 de setembro de 2025<\/span> \/PRNewswire\/ &#8212; A AITO, marca de ve\u00edculos el\u00e9tricos inteligentes de ponta do SERES Group, est\u00e1 fazendo uma estreia marcante na IAA MOBILITY 2025 em Munique com sua linha de produtos global competitiva. As novas variantes do Oriente M\u00e9dio do AITO 9, AITO 7 e AITO 5 est\u00e3o fazendo suas estreias mundiais no estande premium rec\u00e9m-atualizado da marca. Esses modelos ressaltam como a AITO continua a expandir os limites dos ve\u00edculos inteligentes de energia renov\u00e1vel e est\u00e1 oferecendo uma experi\u00eancia de mobilidade inteligente de &#8220;novo luxo&#8221; incompar\u00e1vel para clientes em todo o mundo. A presen\u00e7a da AITO no sal\u00e3o do autom\u00f3vel reflete sua filosofia de &#8220;Intelig\u00eancia Redefinindo o Luxo&#8221; e mostra suas inova\u00e7\u00f5es tecnol\u00f3gicas de ponta e vis\u00e3o global estrat\u00e9gica.<\/p>\n<div class=\"PRN_ImbeddedAssetReference\" id=\"DivAssetPlaceHolder4143\">\n  <a href=\"https:\/\/mma.prnewswire.com\/media\/2768050\/Leon_He__President__SERES_AUTO__3.html\" target=\"_blank\" rel=\"nofollow\"> <img decoding=\"async\" src=\"https:\/\/mma.prnewswire.com\/media\/2768050\/Leon_He__President__SERES_AUTO__3.jpg\" title=\"Leon He, presidente da SERES AUTO (PRNewsfoto\/SERES)\" alt=\"Leon He, presidente da SERES AUTO (PRNewsfoto\/SERES)\" \/>  <\/a>\n<\/p>\n<\/p><\/div>\n<p>Leon He, presidente da SERES AUTO, disse: &#8220;A AITO est\u00e1 comprometida em se tornar uma marca glocal. Hoje, na IAA MOBILITY 2025, a AITO est\u00e1 revelando nossa linha de produtos verdadeiramente globalizada e estabelecendo um novo marco estrat\u00e9gico em nossa jornada de globaliza\u00e7\u00e3o. Essa jornada para definir &#8220;novo luxo&#8221; na era inteligente \u00e9 apoiada por nossa tecnologia de ponta e pelo not\u00e1vel sucesso na China.&#8221;<\/p>\n<p>Desde a cria\u00e7\u00e3o da marca AITO em dezembro de 2021 at\u00e9 o final de agosto deste ano, as vendas acumuladas de seus quatro modelos na China ultrapassaram 770.000 unidades. Entre eles, o carro-chefe inteligente para todos os cen\u00e1rios, o AITO 9, lan\u00e7ado no final de 2023, vendeu mais de 230.000 unidades e foi o campe\u00e3o de vendas do segmento de carros de luxo de JPY 500.000 na China por 17 meses consecutivos.<\/p>\n<p>Os modelos globais da AITO estar\u00e3o dispon\u00edveis pela primeira vez no mercado do Oriente M\u00e9dio em uma gama diversificada de variantes de ve\u00edculos, projetados para atender \u00e0s variadas necessidades de mobilidade de clientes locais exigentes com recursos de produtos espec\u00edficos da regi\u00e3o.<\/p>\n<p>As variantes do Oriente M\u00e9dio contar\u00e3o com um cockpit inteligente com intera\u00e7\u00e3o tril\u00edngue (chin\u00eas, ingl\u00eas, \u00e1rabe) e integra\u00e7\u00e3o ao ecossistema digital local. Seu desempenho de hardware totalmente aprimorado \u00e9 adaptado ao ambiente natural \u00fanico no Oriente M\u00e9dio. Esses modelos foram submetidos a testes rigorosos em condi\u00e7\u00f5es extremas, como desertos, para garantir total conformidade e alinhamento com as condi\u00e7\u00f5es de dire\u00e7\u00e3o locais. Todos os tr\u00eas novos modelos obtiveram a certifica\u00e7\u00e3o de entrada no mercado dos EAU e devem chegar ao mercado em breve.<\/p>\n<p>Enquanto isso, a AITO est\u00e1 concluindo testes de valida\u00e7\u00e3o de seus recursos de assist\u00eancia de dire\u00e7\u00e3o inteligente no exterior para oferecer uma experi\u00eancia de mobilidade inteligente excelente e segura para usu\u00e1rios do Oriente M\u00e9dio. A tecnologia de assist\u00eancia \u00e0 condu\u00e7\u00e3o inteligente da AITO ganhou amplo reconhecimento no mercado chin\u00eas. At\u00e9 o final de agosto de 2025, a dist\u00e2ncia total de dire\u00e7\u00e3o assistida inteligente dos usu\u00e1rios da AITO excedeu 3,45 bilh\u00f5es de km, atendendo a 621.000 usu\u00e1rios na China.<\/p>\n<p>Como parte de seu plano estrat\u00e9gico global, a AITO estabelecer\u00e1 uma subsidi\u00e1ria nos EAU para lan\u00e7ar gradualmente sua linha completa de modelos. Isso ser\u00e1 apoiado por um ecossistema de servi\u00e7os locais sob medida para um envolvimento mais pr\u00f3ximo com o cliente. Aproveitando seu armaz\u00e9m central com sede em Dubai, a AITO tamb\u00e9m desenvolver\u00e1 uma cadeia de suprimentos localizada que permitir\u00e1 velocidades impressionantes de entrega de pedidos semanais e suporte instant\u00e2neo de pe\u00e7as p\u00f3s-venda, garantindo uma experi\u00eancia de usu\u00e1rio perfeita. Por meio de uma profunda personaliza\u00e7\u00e3o regional, a AITO se tornar\u00e1 verdadeiramente uma empresa glocal.<\/p>\n<p>A AITO est\u00e1 apresentando muitas de suas principais tecnologias ao lado de seus modelos globais na IAA MOBILITY 2025. Entre eles, o <b>SERES Super Range-Extender System de 5\u00aa gera\u00e7\u00e3o<\/b> est\u00e1 fazendo sua estreia no exterior. Com base no &#8220;Saiyi C2E Range-Extender Integration Design&#8221; e &#8220;RoboREX Intelligent Control Technology&#8221;, este sistema oferece alta pot\u00eancia e alta efici\u00eancia em um design pequeno e leve com opera\u00e7\u00e3o silenciosa. A <b>Plataforma MF<\/b> <b>AITO<\/b> \u00e9 a primeira e atualmente \u00fanica plataforma do setor compat\u00edvel com tr\u00eas novos modos de energia: el\u00e9trico de super alcance estendido, el\u00e9trico a bateria e ultra h\u00edbrido.<\/p>\n<p><b>Explore a vis\u00e3o da AITO de &#8220;novo luxo&#8221; em mobilidade inteligente no Stand D40 no Hall B3 no Centro de Exposi\u00e7\u00f5es de Munique de 8 a 12 de setembro de 2025.<\/b>\n <\/p>\n<div class=\"PRN_ImbeddedAssetReference\" id=\"DivAssetPlaceHolder2377\">\n  <a href=\"https:\/\/mma.prnewswire.com\/media\/2768051\/Dr__Clifford_Kang__Vice_President_of_SERES_Group__3.html\" target=\"_blank\" rel=\"nofollow\"> <img decoding=\"async\" src=\"https:\/\/mma.prnewswire.com\/media\/2768051\/Dr__Clifford_Kang__Vice_President_of_SERES_Group__3.jpg\" title=\"Dr. Clifford Kang, vice-presidente do SERES Group (PRNewsfoto\/SERES)\" alt=\"Dr. Clifford Kang, vice-presidente do SERES Group (PRNewsfoto\/SERES)\" \/>  <\/a>\n<\/p>\n<\/p><\/div>\n<\/p>\n<div class=\"PRN_ImbeddedAssetReference\" id=\"DivAssetPlaceHolder2265\">\n  <a href=\"https:\/\/mma.prnewswire.com\/media\/2768052\/AlTO_9_Middle_East_variant__2___1.html\" target=\"_blank\" rel=\"nofollow\"> <img decoding=\"async\" src=\"https:\/\/mma.prnewswire.com\/media\/2768052\/AlTO_9_Middle_East_variant__2___1.jpg\" title=\"AlTO 9 variante do Oriente M\u00e9dio (PRNewsfoto\/SERES)\" alt=\"AlTO 9 variante do Oriente M\u00e9dio (PRNewsfoto\/SERES)\" \/>  <\/a>\n<\/p>\n<\/p><\/div>\n<\/p>\n<div class=\"PRN_ImbeddedAssetReference\" id=\"DivAssetPlaceHolder4433\">\n  <a href=\"https:\/\/mma.prnewswire.com\/media\/2768053\/AITO_at_IAA_MOBILITY_2025__2___1.html\" target=\"_blank\" rel=\"nofollow\"> <img decoding=\"async\" src=\"https:\/\/mma.prnewswire.com\/media\/2768053\/AITO_at_IAA_MOBILITY_2025__2___1.jpg\" title=\"AITO na IAA MOBILITY 2025 (PRNewsfoto\/SERES)\" alt=\"AITO na IAA MOBILITY 2025 (PRNewsfoto\/SERES)\" \/>  <\/a>\n<\/p>\n<\/p><\/div>\n<\/p>\n<div class=\"PRN_ImbeddedAssetReference\" id=\"DivAssetPlaceHolder9672\">\n  <a href=\"https:\/\/mma.prnewswire.com\/media\/2767806\/SERES_Logo.html\" target=\"_blank\" rel=\"nofollow\"> <img decoding=\"async\" src=\"https:\/\/mma.prnewswire.com\/media\/2767806\/SERES_Logo.jpg\" title=\"(PRNewsfoto\/SERES)\" alt=\"(PRNewsfoto\/SERES)\" \/>  <\/a>\n<\/p>\n<\/p><\/div>\n<p>Foto &#8211; <a href=\"https:\/\/mma.prnewswire.com\/media\/2768050\/Leon_He__President__SERES_AUTO__3.jpg\" target=\"_blank\" rel=\"nofollow\">https:\/\/mma.prnewswire.com\/media\/2768050\/Leon_He__President__SERES_AUTO__3.jpg<\/a><\/p>\n<p>Foto &#8211; <a href=\"https:\/\/mma.prnewswire.com\/media\/2768051\/Dr__Clifford_Kang__Vice_President_of_SERES_Group__3.jpg\" target=\"_blank\" rel=\"nofollow\">https:\/\/mma.prnewswire.com\/media\/2768051\/Dr__Clifford_Kang__Vice_President_of_SERES_Group__3.jpg<\/a><\/p>\n<p>Foto &#8211; <a href=\"https:\/\/mma.prnewswire.com\/media\/2768052\/AlTO_9_Middle_East_variant__2___1.jpg\" target=\"_blank\" rel=\"nofollow\">https:\/\/mma.prnewswire.com\/media\/2768052\/AlTO_9_Middle_East_variant__2___1.jpg<\/a><\/p>\n<p>Foto &#8211; <a href=\"https:\/\/mma.prnewswire.com\/media\/2768053\/AITO_at_IAA_MOBILITY_2025__2___1.jpg\" target=\"_blank\" rel=\"nofollow\">https:\/\/mma.prnewswire.com\/media\/2768053\/AITO_at_IAA_MOBILITY_2025__2___1.jpg<\/a><\/p>\n<p>Logotipo &#8211; <a href=\"https:\/\/mma.prnewswire.com\/media\/2767806\/SERES_Logo.jpg\" target=\"_blank\" rel=\"nofollow\">https:\/\/mma.prnewswire.com\/media\/2767806\/SERES_Logo.jpg<\/a><\/p>\n<\/p>\n<div class=\"PRN_ImbeddedAssetReference\" id=\"DivAssetPlaceHolder0\"><\/div>\n<p id=\"PURL\">\n<img loading=\"lazy\" decoding=\"async\" title=\"Cision\" width=\"12\" height=\"12\" alt=\"Cision\" src=\"https:\/\/edge.prnewswire.com\/c\/img\/favicon.png?sn=PT68142&amp;sd=2025-09-10\" \/> View original content to download multimedia:<a id=\"PRNURL\" rel=\"nofollow\" href=\"https:\/\/www.prnewswire.com\/br\/comunicados-para-a-imprensa\/definindo-novo-luxo-na-era-inteligente-aito-lanca-sua-linha-global-de-produtos-na-iaa-mobility-2025-302553057.html\" target=\"_blank\">https:\/\/www.prnewswire.com\/br\/comunicados-para-a-imprensa\/definindo-novo-luxo-na-era-inteligente-aito-lanca-sua-linha-global-de-produtos-na-iaa-mobility-2025-302553057.html<\/a><\/p>\n<p>FONTE SERES<\/p>\n<\/p><\/div>\n<p>  <img decoding=\"async\" alt=\"\" src=\"https:\/\/rt.prnewswire.com\/rt.gif?NewsItemId=PT68142&amp;Transmission_Id=202509101506PR_NEWS_LATAM____PT68142&amp;DateId=20250910\" style=\"border:0px;width:1px;height:1px\" \/><\/p>\n<p><strong>T\u00f3picos Relacionados:<\/strong> Novos Produtos\/Servi\u00e7os, Transporte \/ Caminh\u00f5es \/ Ferrovias, Petr\u00f3leo\/Energia, Computador\/Eletr\u00f4nica, Servi\u00e7os P\u00fablicos, Not\u00edcias de Feiras Comerciais, Automotivo, Concession\u00e1rias de Energia El\u00e9trica, Servi\u00e7os Banc\u00e1rios\/Financeiros<\/p>\n<p>A <b>OESP<\/b> n\u00e3o \u00e9(s\u00e3o) respons\u00e1vel(is) por erros, incorre\u00e7\u00f5es, atrasos ou quaisquer decis\u00f5es tomadas por seus clientes com base nos Conte\u00fados ora disponibilizados, bem como tais Conte\u00fados n\u00e3o representam a opini\u00e3o da <b>OESP<\/b> e s\u00e3o de inteira responsabilidade da <b>PR Newswire Ltda<\/b><\/p>\n","protected":false},"excerpt":{"rendered":"As estreias mundiais de todas as novas variantes do Oriente M\u00e9dio da AITO 9, AITO 7 e AITO 5 na IAA MOBILITY 2025 interpretam conjuntamente o &#8220;novo luxo&#8221; para a era dos ve\u00edculos","protected":false},"author":1,"featured_media":115738,"comment_status":"open","ping_status":"closed","sticky":false,"template":"","format":"standard","meta":{"_acf_changed":false,"inline_featured_image":false,"_monsterinsights_skip_tracking":false,"_monsterinsights_sitenote_active":false,"_monsterinsights_sitenote_note":"","_monsterinsights_sitenote_category":0,"footnotes":""},"categories":[27],"tags":[2002,2004,2003],"class_list":["post-115737","post","type-post","status-publish","format-standard","has-post-thumbnail","hentry","category-prnewswire","tag-a-aito","tag-esta-fazendo-uma-estreia-marcante-na-iaa-mobility-2025-em-munique-com-sua-linha-de-produtos-global-compet","tag-marca-de-veiculos-eletricos-inteligentes-de-ponta-do-seres-group"],"acf":[],"_links":{"self":[{"href":"https:\/\/bluestudio.estadao.com.br\/agencia-de-comunicacao\/wp-json\/wp\/v2\/posts\/115737","targetHints":{"allow":["GET"]}}],"collection":[{"href":"https:\/\/bluestudio.estadao.com.br\/agencia-de-comunicacao\/wp-json\/wp\/v2\/posts"}],"about":[{"href":"https:\/\/bluestudio.estadao.com.br\/agencia-de-comunicacao\/wp-json\/wp\/v2\/types\/post"}],"author":[{"embeddable":true,"href":"https:\/\/bluestudio.estadao.com.br\/agencia-de-comunicacao\/wp-json\/wp\/v2\/users\/1"}],"replies":[{"embeddable":true,"href":"https:\/\/bluestudio.estadao.com.br\/agencia-de-comunicacao\/wp-json\/wp\/v2\/comments?post=115737"}],"version-history":[{"count":0,"href":"https:\/\/bluestudio.estadao.com.br\/agencia-de-comunicacao\/wp-json\/wp\/v2\/posts\/115737\/revisions"}],"wp:featuredmedia":[{"embeddable":true,"href":"https:\/\/bluestudio.estadao.com.br\/agencia-de-comunicacao\/wp-json\/wp\/v2\/media\/115738"}],"wp:attachment":[{"href":"https:\/\/bluestudio.estadao.com.br\/agencia-de-comunicacao\/wp-json\/wp\/v2\/media?parent=115737"}],"wp:term":[{"taxonomy":"category","embeddable":true,"href":"https:\/\/bluestudio.estadao.com.br\/agencia-de-comunicacao\/wp-json\/wp\/v2\/categories?post=115737"},{"taxonomy":"post_tag","embeddable":true,"href":"https:\/\/bluestudio.estadao.com.br\/agencia-de-comunicacao\/wp-json\/wp\/v2\/tags?post=115737"}],"curies":[{"name":"wp","href":"https:\/\/api.w.org\/{rel}","templated":true}]}}