{"id":115659,"date":"2025-09-09T15:27:00","date_gmt":"2025-09-09T18:27:00","guid":{"rendered":"https:\/\/bluestudio.estadao.com.br\/agencia-de-comunicacao\/prnewswire\/gac-revela-a-solucao-gac-na-iaa-mobility-munique-acelerando-seu-plano-de-mercado-europeu\/"},"modified":"2025-09-09T15:27:00","modified_gmt":"2025-09-09T18:27:00","slug":"gac-revela-a-solucao-gac-na-iaa-mobility-munique-acelerando-seu-plano-de-mercado-europeu","status":"publish","type":"post","link":"https:\/\/bluestudio.estadao.com.br\/agencia-de-comunicacao\/prnewswire\/gac-revela-a-solucao-gac-na-iaa-mobility-munique-acelerando-seu-plano-de-mercado-europeu\/","title":{"rendered":"GAC Revela a &#8220;Solu\u00e7\u00e3o GAC&#8221; na IAA MOBILITY Munique, Acelerando seu &#8220;Plano de Mercado Europeu&#8221;"},"content":{"rendered":"\n<div class=\"xn-content\">\n<p><span class=\"legendSpanClass\">MUNIQUE<\/span>, <span class=\"legendSpanClass\">9 de setembro de 2025<\/span> \/PRNewswire\/ &#8212; Em 8 de setembro de 2025, a IAA MOBILITY 2025 foi inaugurada oficialmente em Munique, na Alemanha. O GAC revelou sua &#8220;Solu\u00e7\u00e3o GAC&#8221; para o futuro da mobilidade, compartilhou o progresso de seu &#8220;Plano de Mercado Europeu&#8221; e anunciou o lan\u00e7amento europeu do AION V. <\/p>\n<p>&#8220;A &#8216;Solu\u00e7\u00e3o GAC&#8217; significa alta qualidade, tecnologia inteligente e mobilidade verde. A vis\u00e3o do GAC para o futuro da mobilidade.&#8221; Feng Xingya afirmou. Desde que revelou seu &#8220;Plano de Mercado Europeu&#8221; no Sal\u00e3o do Autom\u00f3vel de Paris de 2024, o GAC posicionou a Europa como um mercado central estrat\u00e9gico. O GAC est\u00e1 estabelecendo uma base s\u00f3lida para suas opera\u00e7\u00f5es na Europa por meio de uma abordagem abrangente que abrange a expans\u00e3o do mercado, o desenvolvimento da distribui\u00e7\u00e3o, o sistema de servi\u00e7os e o ecossistema de energia.<\/p>\n<div class=\"PRN_ImbeddedAssetReference\" id=\"DivAssetPlaceHolder2949\">\n  <a href=\"https:\/\/mma.prnewswire.com\/media\/2767407\/1.html\" target=\"_blank\" rel=\"nofollow\"> <img decoding=\"async\" src=\"https:\/\/mma.prnewswire.com\/media\/2767407\/1.jpg\" title=\"estande da GAC no IAA MOBILITY 2025 (PRNewsfoto\/GAC)\" alt=\"estande da GAC no IAA MOBILITY 2025 (PRNewsfoto\/GAC)\" \/>  <\/a>\n<\/p>\n<\/p><\/div>\n<p>O GAC est\u00e1 acelerando sua expans\u00e3o europeia, com planos de entrar na Pol\u00f4nia, Portugal, Finl\u00e2ndia e outros pa\u00edses a partir de setembro de 2025, com o objetivo de alcan\u00e7ar cobertura total do mercado europeu at\u00e9 2028. Al\u00e9m disso, a GAC est\u00e1 fortalecendo as colabora\u00e7\u00f5es com parceiros europeus e j\u00e1 garantiu dezenas de pontos de venda de concession\u00e1rias. O GAC lan\u00e7ou oficialmente seu Centro Europeu de Distribui\u00e7\u00e3o de Pe\u00e7as de Reposi\u00e7\u00e3o na Holanda, melhorando significativamente a efici\u00eancia do fornecimento de pe\u00e7as. Uma equipe localizada de suporte t\u00e9cnico e servi\u00e7os tamb\u00e9m foi estabelecida, aderindo ao princ\u00edpio &#8220;Servi\u00e7o em Primeiro Lugar, Cliente em Primeiro Lugar&#8221;, fornecendo servi\u00e7os de alta qualidade, cen\u00e1rio completo e ciclo de vida completo aos clientes europeus.<\/p>\n<p>Na IAA MOBILITY 2025, o GAC mostra seus &#8220;tr\u00eas principais&#8221; pilares para um p\u00fablico global. A qualidade de primeira linha serve como base da presen\u00e7a da GAC na Europa. A tecnologia pioneira impulsiona o crescimento sustent\u00e1vel. Aproveitando uma rede global de P&amp;D que abrange &#8220;tr\u00eas pa\u00edses e cinco locais&#8221;, juntamente com tecnologias de ponta internas, o GAC continua a fazer avan\u00e7os em \u00e1reas importantes, como dire\u00e7\u00e3o inteligente, cabines inteligentes e sistemas de energia, abrindo novas possibilidades para o futuro da mobilidade. A Lideran\u00e7a Ecossist\u00eamica fornece suporte estrat\u00e9gico para a competitividade do GAC na Europa. Ao construir ativamente cadeias de suprimentos verdes e um ecossistema industrial de baixo carbono, a GAC promove o desenvolvimento sustent\u00e1vel e a globaliza\u00e7\u00e3o colaborativa da ind\u00fastria, contribuindo com uma &#8220;abordagem chinesa&#8221; para a transforma\u00e7\u00e3o global do setor automotivo.<\/p>\n<p>Como criador de mobilidade de baixo carbono, verde e inteligente para uma vida melhor, o GAC continuar\u00e1 a defender a filosofia de &#8220;Na Europa, para a Europa&#8221;, oferecendo experi\u00eancias de mobilidade mais sustent\u00e1veis para o futuro.<\/p>\n<p>Foto &#8211; <a href=\"https:\/\/mma.prnewswire.com\/media\/2767407\/1.jpg\" target=\"_blank\" rel=\"nofollow\">https:\/\/mma.prnewswire.com\/media\/2767407\/1.jpg<\/a><\/p>\n<div class=\"PRN_ImbeddedAssetReference\" id=\"DivAssetPlaceHolder0\"><\/div>\n<p id=\"PURL\">\n<img loading=\"lazy\" decoding=\"async\" title=\"Cision\" width=\"12\" height=\"12\" alt=\"Cision\" src=\"https:\/\/edge.prnewswire.com\/c\/img\/favicon.png?sn=PT67835&amp;sd=2025-09-09\" \/> View original content to download multimedia:<a id=\"PRNURL\" rel=\"nofollow\" href=\"https:\/\/www.prnewswire.com\/br\/comunicados-para-a-imprensa\/gac-revela-a-solucao-gac-na-iaa-mobility-munique-acelerando-seu-plano-de-mercado-europeu-302551347.html\" target=\"_blank\">https:\/\/www.prnewswire.com\/br\/comunicados-para-a-imprensa\/gac-revela-a-solucao-gac-na-iaa-mobility-munique-acelerando-seu-plano-de-mercado-europeu-302551347.html<\/a><\/p>\n<p>FONTE GAC<\/p>\n<\/p><\/div>\n<p>  <img decoding=\"async\" alt=\"\" src=\"https:\/\/rt.prnewswire.com\/rt.gif?NewsItemId=PT67835&amp;Transmission_Id=202509091420PR_NEWS_LATAM____PT67835&amp;DateId=20250909\" style=\"border:0px;width:1px;height:1px\" \/><\/p>\n<p><strong>T\u00f3picos Relacionados:<\/strong> Novos Produtos\/Servi\u00e7os, Transporte \/ Caminh\u00f5es \/ Ferrovias, Produtos e Servi\u00e7os Ambientais, Tecnologia Verde, Not\u00edcias de Feiras Comerciais, Automotivo, Expans\u00e3o Corporativa<\/p>\n<p>A <b>OESP<\/b> n\u00e3o \u00e9(s\u00e3o) respons\u00e1vel(is) por erros, incorre\u00e7\u00f5es, atrasos ou quaisquer decis\u00f5es tomadas por seus clientes com base nos Conte\u00fados ora disponibilizados, bem como tais Conte\u00fados n\u00e3o representam a opini\u00e3o da <b>OESP<\/b> e s\u00e3o de inteira responsabilidade da <b>PR Newswire Ltda<\/b><\/p>\n","protected":false},"excerpt":{"rendered":"MUNIQUE, 9 de setembro de 2025 \/PRNewswire\/ &#8212; Em 8 de setembro de 2025, a IAA MOBILITY 2025 foi inaugurada oficialmente em Munique, na Alemanha. O GAC revelou sua &#8220;Solu\u00e7\u00e3o GAC&#8221;","protected":false},"author":1,"featured_media":115660,"comment_status":"open","ping_status":"closed","sticky":false,"template":"","format":"standard","meta":{"_acf_changed":false,"inline_featured_image":false,"_monsterinsights_skip_tracking":false,"_monsterinsights_sitenote_active":false,"_monsterinsights_sitenote_note":"","_monsterinsights_sitenote_category":0,"footnotes":""},"categories":[27],"tags":[1920,1922,1919,1921],"class_list":["post-115659","post","type-post","status-publish","format-standard","has-post-thumbnail","hentry","category-prnewswire","tag-a-iaa-mobility-2025-foi-inaugurada-oficialmente-em-munique","tag-compartilhou-o-prog","tag-em-8-de-setembro-de-2025","tag-na-alemanha-o-gac-revelou-sua-solucao-gac-para-o-futuro-da-mobilidade"],"acf":[],"_links":{"self":[{"href":"https:\/\/bluestudio.estadao.com.br\/agencia-de-comunicacao\/wp-json\/wp\/v2\/posts\/115659","targetHints":{"allow":["GET"]}}],"collection":[{"href":"https:\/\/bluestudio.estadao.com.br\/agencia-de-comunicacao\/wp-json\/wp\/v2\/posts"}],"about":[{"href":"https:\/\/bluestudio.estadao.com.br\/agencia-de-comunicacao\/wp-json\/wp\/v2\/types\/post"}],"author":[{"embeddable":true,"href":"https:\/\/bluestudio.estadao.com.br\/agencia-de-comunicacao\/wp-json\/wp\/v2\/users\/1"}],"replies":[{"embeddable":true,"href":"https:\/\/bluestudio.estadao.com.br\/agencia-de-comunicacao\/wp-json\/wp\/v2\/comments?post=115659"}],"version-history":[{"count":0,"href":"https:\/\/bluestudio.estadao.com.br\/agencia-de-comunicacao\/wp-json\/wp\/v2\/posts\/115659\/revisions"}],"wp:featuredmedia":[{"embeddable":true,"href":"https:\/\/bluestudio.estadao.com.br\/agencia-de-comunicacao\/wp-json\/wp\/v2\/media\/115660"}],"wp:attachment":[{"href":"https:\/\/bluestudio.estadao.com.br\/agencia-de-comunicacao\/wp-json\/wp\/v2\/media?parent=115659"}],"wp:term":[{"taxonomy":"category","embeddable":true,"href":"https:\/\/bluestudio.estadao.com.br\/agencia-de-comunicacao\/wp-json\/wp\/v2\/categories?post=115659"},{"taxonomy":"post_tag","embeddable":true,"href":"https:\/\/bluestudio.estadao.com.br\/agencia-de-comunicacao\/wp-json\/wp\/v2\/tags?post=115659"}],"curies":[{"name":"wp","href":"https:\/\/api.w.org\/{rel}","templated":true}]}}