{"id":115641,"date":"2025-09-09T13:27:00","date_gmt":"2025-09-09T16:27:00","guid":{"rendered":"https:\/\/bluestudio.estadao.com.br\/agencia-de-comunicacao\/prnewswire\/avatr-vision-xpectra-faz-estreia-global-avatr-apresentando-design-original-em-munique\/"},"modified":"2025-09-09T13:27:00","modified_gmt":"2025-09-09T16:27:00","slug":"avatr-vision-xpectra-faz-estreia-global-avatr-apresentando-design-original-em-munique","status":"publish","type":"post","link":"https:\/\/bluestudio.estadao.com.br\/agencia-de-comunicacao\/prnewswire\/avatr-vision-xpectra-faz-estreia-global-avatr-apresentando-design-original-em-munique\/","title":{"rendered":"AVATR VISION XPECTRA faz estr\u00e9ia global, AVATR apresentando design original em Munique"},"content":{"rendered":"\n<div class=\"xn-content\">\n<p><span class=\"legendSpanClass\">MUNIQUE<\/span>, <span class=\"legendSpanClass\">9 de setembro de 2025<\/span> \/PRNewswire\/ &#8212; A AVATR Technology realizou seu &#8220;Brilliant New Horizon AVATR Brand Day&#8221; na UTOPIA M\u00fcnchen em Munique, Alemanha. O primeiro carro de vis\u00e3o Emotive Intelligent (EI) do mundo, o AVATR VISION XPECTRA, fez sua estreia, juntamente com o AVATR 012 de edi\u00e7\u00e3o limitada co-criado com Kim Jones, o exclusivo AVATR 11 Royal Edition personalizado, o SUV de luxo urbano AVATR 07 e o sed\u00e3 esportivo de luxo AVATR 06. Esses modelos de estrelas formaram uma nova matriz de luxo e tamb\u00e9m ser\u00e3o exibidos de 9 a 14 de setembro no Sal\u00e3o do Autom\u00f3vel de Munique de 2025, apresentando totalmente as conquistas sistem\u00e1ticas da marca em design original e tecnologia inteligente.<\/p>\n<div class=\"PRN_ImbeddedAssetReference\" id=\"DivAssetPlaceHolder2885\">\n  <a href=\"https:\/\/mma.prnewswire.com\/media\/2766964\/1.html\" target=\"_blank\" rel=\"nofollow\"> <img decoding=\"async\" src=\"https:\/\/mma.prnewswire.com\/media\/2766964\/1.jpg\" title=\"AVATR VISION XPECTRA faz sua estreia global, AVATR apresenta design original em Munique (PRNewsfoto\/Avatr Technology (Chongqing) Co., Ltd)\" alt=\"AVATR VISION XPECTRA faz sua estreia global, AVATR apresenta design original em Munique (PRNewsfoto\/Avatr Technology (Chongqing) Co., Ltd)\" \/>  <\/a>\n<\/p>\n<\/p><\/div>\n<p>A inspira\u00e7\u00e3o de design para o AVATR VISION XPECTRA decorre do &#8220;Poder da Energia Natural&#8221;. Seu exterior \u00e9 definido por linhas limpas e ousadas que transmitem uma postura poderosa, mas equilibrada, enquanto o interior combina materiais cuidadosamente selecionados com tecnologia de ponta para criar um espa\u00e7o inteligente, personalizado e imersivo. O Diretor de Design Nader declarou: &#8220;O AVATR VISION XPECTRA \u00e9 um companheiro de Intelig\u00eancia Emocional moldado pela energia e conectado atrav\u00e9s da emo\u00e7\u00e3o. Aqui, cada jornada se torna uma declara\u00e7\u00e3o v\u00edvida de &#8216;Luxo Emotivo&#8217;. &#8220;<\/p>\n<div class=\"PRN_ImbeddedAssetReference\" id=\"DivAssetPlaceHolder1545\">\n  <a href=\"https:\/\/mma.prnewswire.com\/media\/2766965\/2.html\" target=\"_blank\" rel=\"nofollow\"> <img decoding=\"async\" src=\"https:\/\/mma.prnewswire.com\/media\/2766965\/2.jpg\" title=\"AVATR VISION XPECTRA faz sua estreia global, AVATR apresenta design original em Munique (PRNewsfoto\/Avatr Technology (Chongqing) Co., Ltd)\" alt=\"AVATR VISION XPECTRA faz sua estreia global, AVATR apresenta design original em Munique (PRNewsfoto\/Avatr Technology (Chongqing) Co., Ltd)\" \/>  <\/a>\n<\/p>\n<\/p><\/div>\n<p>A estreia global do AVATR VISION XPECTRA n\u00e3o apenas representa uma nova tentativa da AVATR no design original, mas tamb\u00e9m reflete a dire\u00e7\u00e3o de explora\u00e7\u00e3o da marca centrada no conceito central de &#8220;Luxo Emotivo&#8221;. A AVATR afirmou que continuar\u00e1 a combinar design original com tecnologia inteligente para oferecer experi\u00eancias de mobilidade futuras que superem as expectativas e redefinam a imagina\u00e7\u00e3o.<\/p>\n<p>Foto &#8211; <a href=\"https:\/\/mma.prnewswire.com\/media\/2766964\/1.jpg\" target=\"_blank\" rel=\"nofollow\">https:\/\/mma.prnewswire.com\/media\/2766964\/1.jpg<\/a><br \/>Foto &#8211; <a href=\"https:\/\/mma.prnewswire.com\/media\/2766965\/2.jpg\" target=\"_blank\" rel=\"nofollow\">https:\/\/mma.prnewswire.com\/media\/2766965\/2.jpg<\/a><\/p>\n<div class=\"PRN_ImbeddedAssetReference\" id=\"DivAssetPlaceHolder0\"><\/div>\n<p id=\"PURL\">\n<img loading=\"lazy\" decoding=\"async\" title=\"Cision\" width=\"12\" height=\"12\" alt=\"Cision\" src=\"https:\/\/edge.prnewswire.com\/c\/img\/favicon.png?sn=PT67543&amp;sd=2025-09-09\" \/> View original content to download multimedia:<a id=\"PRNURL\" rel=\"nofollow\" href=\"https:\/\/www.prnewswire.com\/br\/comunicados-para-a-imprensa\/avatr-vision-xpectra-faz-estreia-global-avatr-apresentando-design-original-em-munique-302551202.html\" target=\"_blank\">https:\/\/www.prnewswire.com\/br\/comunicados-para-a-imprensa\/avatr-vision-xpectra-faz-estreia-global-avatr-apresentando-design-original-em-munique-302551202.html<\/a><\/p>\n<p>FONTE Avatr Technology (Chongqing) Co., Ltd<\/p>\n<\/p><\/div>\n<p>  <img decoding=\"async\" alt=\"\" src=\"https:\/\/rt.prnewswire.com\/rt.gif?NewsItemId=PT67543&amp;Transmission_Id=202509091217PR_NEWS_LATAM____PT67543&amp;DateId=20250909\" style=\"border:0px;width:1px;height:1px\" \/><\/p>\n<p><strong>T\u00f3picos Relacionados:<\/strong> Novos Produtos\/Servi\u00e7os, Transporte \/ Caminh\u00f5es \/ Ferrovias, Servi\u00e7os P\u00fablicos, Transporte Rodovi\u00e1rio e de Caminh\u00f5es, Automotivo, Concession\u00e1rias de Energia El\u00e9trica, Varejo, Ferrovias e Transporte Intermodal<\/p>\n<p>A <b>OESP<\/b> n\u00e3o \u00e9(s\u00e3o) respons\u00e1vel(is) por erros, incorre\u00e7\u00f5es, atrasos ou quaisquer decis\u00f5es tomadas por seus clientes com base nos Conte\u00fados ora disponibilizados, bem como tais Conte\u00fados n\u00e3o representam a opini\u00e3o da <b>OESP<\/b> e s\u00e3o de inteira responsabilidade da <b>PR Newswire Ltda<\/b><\/p>\n","protected":false},"excerpt":{"rendered":"MUNIQUE, 9 de setembro de 2025 \/PRNewswire\/ &#8212; A AVATR Technology realizou seu &#8220;Brilliant New Horizon AVATR Brand Day&#8221; na UTOPIA M\u00fcnchen em Munique, Alemanha. O primeiro carro de","protected":false},"author":1,"featured_media":115642,"comment_status":"open","ping_status":"closed","sticky":false,"template":"","format":"standard","meta":{"_acf_changed":false,"inline_featured_image":false,"_monsterinsights_skip_tracking":false,"_monsterinsights_sitenote_active":false,"_monsterinsights_sitenote_note":"","_monsterinsights_sitenote_category":0,"footnotes":""},"categories":[27],"tags":[1904,1905,1906],"class_list":["post-115641","post","type-post","status-publish","format-standard","has-post-thumbnail","hentry","category-prnewswire","tag-a-avatr-technology-realizou-seu-brilliant-new-horizon-avatr-brand-day-na-utopia-munchen-em-munique","tag-alemanha-o-primeiro-carro-de-visao-emotive-intelligent-ei-do-mundo","tag-o-avat"],"acf":[],"_links":{"self":[{"href":"https:\/\/bluestudio.estadao.com.br\/agencia-de-comunicacao\/wp-json\/wp\/v2\/posts\/115641","targetHints":{"allow":["GET"]}}],"collection":[{"href":"https:\/\/bluestudio.estadao.com.br\/agencia-de-comunicacao\/wp-json\/wp\/v2\/posts"}],"about":[{"href":"https:\/\/bluestudio.estadao.com.br\/agencia-de-comunicacao\/wp-json\/wp\/v2\/types\/post"}],"author":[{"embeddable":true,"href":"https:\/\/bluestudio.estadao.com.br\/agencia-de-comunicacao\/wp-json\/wp\/v2\/users\/1"}],"replies":[{"embeddable":true,"href":"https:\/\/bluestudio.estadao.com.br\/agencia-de-comunicacao\/wp-json\/wp\/v2\/comments?post=115641"}],"version-history":[{"count":0,"href":"https:\/\/bluestudio.estadao.com.br\/agencia-de-comunicacao\/wp-json\/wp\/v2\/posts\/115641\/revisions"}],"wp:featuredmedia":[{"embeddable":true,"href":"https:\/\/bluestudio.estadao.com.br\/agencia-de-comunicacao\/wp-json\/wp\/v2\/media\/115642"}],"wp:attachment":[{"href":"https:\/\/bluestudio.estadao.com.br\/agencia-de-comunicacao\/wp-json\/wp\/v2\/media?parent=115641"}],"wp:term":[{"taxonomy":"category","embeddable":true,"href":"https:\/\/bluestudio.estadao.com.br\/agencia-de-comunicacao\/wp-json\/wp\/v2\/categories?post=115641"},{"taxonomy":"post_tag","embeddable":true,"href":"https:\/\/bluestudio.estadao.com.br\/agencia-de-comunicacao\/wp-json\/wp\/v2\/tags?post=115641"}],"curies":[{"name":"wp","href":"https:\/\/api.w.org\/{rel}","templated":true}]}}