{"id":115618,"date":"2025-09-09T10:42:00","date_gmt":"2025-09-09T13:42:00","guid":{"rendered":"https:\/\/bluestudio.estadao.com.br\/agencia-de-comunicacao\/prnewswire\/midea-apresenta-inovacoes-transformadorassob-o-lema-domine-seu-lar-na-ifa-2025\/"},"modified":"2025-09-09T10:42:00","modified_gmt":"2025-09-09T13:42:00","slug":"midea-apresenta-inovacoes-transformadorassob-o-lema-domine-seu-lar-na-ifa-2025","status":"publish","type":"post","link":"https:\/\/bluestudio.estadao.com.br\/agencia-de-comunicacao\/prnewswire\/midea-apresenta-inovacoes-transformadorassob-o-lema-domine-seu-lar-na-ifa-2025\/","title":{"rendered":"Midea apresenta inova\u00e7\u00f5es transformadorassob o lema &#8220;Domine Seu Lar&#8221; na IFA 2025"},"content":{"rendered":"\n<div class=\"xn-content\">\n<p><span class=\"legendSpanClass\">BERLIM<\/span>, <span class=\"legendSpanClass\">9 de setembro de 2025<\/span> \/PRNewswire\/ &#8212; Na IFA 2025, a Midea apresentou solu\u00e7\u00f5es focadas no consumidor sob o lema &#8220;Domine Seu Lar&#8221;, voltadas para resid\u00eancias europeias ? conforto, energia e espa\u00e7o com desempenho superior.<\/p>\n<p>Como marca n\u00ba 1 em eletrodom\u00e9sticos inteligentes, a Midea tamb\u00e9m anunciou orgulhosamente seu futuro patroc\u00ednio de manga como parceira principal do FC Barcelona.<\/p>\n<div id=\"prni_dvprnejpgb352left\" dir=\"ltr\" style=\"width: 100%;text-align: left\"><img decoding=\"async\" id=\"prnejpgb352left\" title=\" \" src=\"https:\/\/mma.prnewswire.com\/media\/2766331\/1.jpg\" alt=\" \" align=\"middle\" \/> <\/div>\n<p><b>Cinco solu\u00e7\u00f5es, um lar: a nova paisagem integrada<\/b>\n <\/p>\n<p>A cole\u00e7\u00e3o SPACE MASTER da Midea, ao minimizar a ocupa\u00e7\u00e3o de espa\u00e7o e oferecer funcionalidade excepcional, estabeleceu um novo padr\u00e3o de efici\u00eancia espacial. J\u00e1 a linha XPRESS MASTER foi projetada para recuperar tempo sem comprometer a qualidade do preparo dos alimentos.<\/p>\n<p>A exposi\u00e7\u00e3o \u00e9 acompanhada pelas tecnologias SMART MASTER e ECOMASTER, nas quais a IA automatiza a gest\u00e3o de energia e ajusta configura\u00e7\u00f5es de forma proativa para proporcionar experi\u00eancias ideais.<\/p>\n<p>Composta pelas linhas Essenza, Ispira e Eleva, a cole\u00e7\u00e3o de cozinhas embutidas da Midea equilibra a eleg\u00e2ncia integrada do design milan\u00eas atemporal com funcionalidade inteligente.<\/p>\n<p><b>O toque especial: aumentando a praticidade dom\u00e9stica<\/b>\n <\/p>\n<p>A geladeira CHILL MASTER simplifica a hidrata\u00e7\u00e3o di\u00e1ria com seu dispenser OneTouch AutoFill, oferecendo gelo e \u00e1gua sem uso das m\u00e3os em quatro op\u00e7\u00f5es, enquanto mant\u00e9m um armazenamento flex\u00edvel.<\/p>\n<p>Enquanto isso, a placa de coc\u00e7\u00e3o Flow-In Hob 3.0 libera mais espa\u00e7o nos arm\u00e1rios, mantendo uma apar\u00eancia elegante. O forno One Oven re\u00fane fritadeira el\u00e9trica, micro-ondas, vaporizador e forno em uma solu\u00e7\u00e3o vers\u00e1til para todas as necessidades culin\u00e1rias. A lava-lou\u00e7as Titan Dishwasher pode limpar com facilidade conjuntos completos de pratos, tigelas e talheres em seu espa\u00e7oso interior com capacidade para 16 servi\u00e7os.<\/p>\n<p>Fora da cozinha, o aquecedor Raynor Heater oferece calor constante mesmo a -40?\u00b0C, em um design premiado com inspira\u00e7\u00e3o n\u00f3rdica que equilibra desempenho e eleg\u00e2ncia.<\/p>\n<p>Na lavanderia, a lavadora-secadora com bomba de calor de 28 polegadas usa tecnologia avan\u00e7ada de bomba de calor para secar roupas com um consumo de energia muito menor e um calor mais suave e adequado para os tecidos.<\/p>\n<p><b>Portf\u00f3lio multimarcas <\/b>\n <\/p>\n<p>Liderando o portf\u00f3lio do Midea Group voltado para o alto padr\u00e3o de vida dom\u00e9stica, a centen\u00e1ria marca alem\u00e3 de cozinhas de luxo K\u00fcppersbusch apresentou seu design distintivo e sua excel\u00eancia artesanal ultra premium. A TEKA, marca de origem europeia, apresentou globalmente sua primeira linha de eletrodom\u00e9sticos de cozinha Van Gogh Series, integrando a eleg\u00e2ncia europeia aos lares modernos de forma harmoniosa.<\/p>\n<p>Al\u00e9m disso, COLMO e Eureka tamb\u00e9m apresentaram suas novas linhas principais no evento.<\/p>\n<p><b>Sobre a Midea &amp; Midea Group<\/b>\n <\/p>\n<p>A Midea \u00e9 uma das mais de 10 marcas que comp\u00f5em a divis\u00e3o Smart Home Business do Midea Group.<\/p>\n<p>Fundado em 1968, o Midea Group \u00e9 uma empresa global l\u00edder em tecnologia, na posi\u00e7\u00e3o n\u00ba 246 na lista Fortune Global 500 de 2025. Como uma das maiores fabricantes de eletrodom\u00e9sticos do mundo, a Midea reorganizou suas unidades principais em seis pilares de neg\u00f3cios de alto crescimento para tra\u00e7ar um novo caminho de expans\u00e3o em 2025: Casa Inteligente, Tecnologia Industrial, Tecnologia Predial, Rob\u00f3tica e Automa\u00e7\u00e3o, Midea Healthcare e Annto Logistics.<\/p>\n<p><a href=\"http:\/\/www.midea-group.com\/\" target=\"_blank\" rel=\"nofollow\">www.midea-group.com<\/a>\n <\/p>\n<p><a href=\"http:\/\/www.midea.com\/\" target=\"_blank\" rel=\"nofollow\">www.midea.com<\/a>\n <\/p>\n<p>Foto &#8211; <a href=\"https:\/\/mma.prnewswire.com\/media\/2766331\/1.jpg\" target=\"_blank\" rel=\"nofollow\">https:\/\/mma.prnewswire.com\/media\/2766331\/1.jpg<\/a><\/p>\n<p id=\"PURL\">\n<img loading=\"lazy\" decoding=\"async\" title=\"Cision\" width=\"12\" height=\"12\" alt=\"Cision\" src=\"https:\/\/edge.prnewswire.com\/c\/img\/favicon.png?sn=PT66516&amp;sd=2025-09-09\" \/> View original content:<a id=\"PRNURL\" rel=\"nofollow\" href=\"https:\/\/www.prnewswire.com\/br\/comunicados-para-a-imprensa\/midea-apresenta-inovacoes-transformadorassob-o-lema-domine-seu-lar-na-ifa-2025-302550950.html\" target=\"_blank\">https:\/\/www.prnewswire.com\/br\/comunicados-para-a-imprensa\/midea-apresenta-inovacoes-transformadorassob-o-lema-domine-seu-lar-na-ifa-2025-302550950.html<\/a><\/p>\n<p>FONTE Midea Group<\/p>\n<\/p><\/div>\n<p>  <img decoding=\"async\" alt=\"\" src=\"https:\/\/rt.prnewswire.com\/rt.gif?NewsItemId=PT66516&amp;Transmission_Id=202509090927PR_NEWS_LATAM____PT66516&amp;DateId=20250909\" style=\"border:0px;width:1px;height:1px\" \/><\/p>\n<p><strong>T\u00f3picos Relacionados:<\/strong> Novos Produtos\/Servi\u00e7os, Not\u00edcias de Feiras Comerciais, Eletr\u00f4nicos de Consumo, Computador\/Eletr\u00f4nica<\/p>\n<p>A <b>OESP<\/b> n\u00e3o \u00e9(s\u00e3o) respons\u00e1vel(is) por erros, incorre\u00e7\u00f5es, atrasos ou quaisquer decis\u00f5es tomadas por seus clientes com base nos Conte\u00fados ora disponibilizados, bem como tais Conte\u00fados n\u00e3o representam a opini\u00e3o da <b>OESP<\/b> e s\u00e3o de inteira responsabilidade da <b>PR Newswire Ltda<\/b><\/p>\n","protected":false},"excerpt":{"rendered":"BERLIM, 9 de setembro de 2025 \/PRNewswire\/ &#8212; Na IFA 2025, a Midea apresentou solu\u00e7\u00f5es focadas no consumidor sob o lema &#8220;Domine Seu Lar&#8221;, voltadas para resid\u00eancias europeias ?","protected":false},"author":1,"featured_media":115619,"comment_status":"open","ping_status":"closed","sticky":false,"template":"","format":"standard","meta":{"_acf_changed":false,"inline_featured_image":false,"_monsterinsights_skip_tracking":false,"_monsterinsights_sitenote_active":false,"_monsterinsights_sitenote_note":"","_monsterinsights_sitenote_category":0,"footnotes":""},"categories":[27],"tags":[1894,1896,1767,1895],"class_list":["post-115618","post","type-post","status-publish","format-standard","has-post-thumbnail","hentry","category-prnewswire","tag-a-midea-apresentou-solucoes-focadas-no-consumidor-sob-o-lema-domine-seu-lar","tag-energia-e-espaco-com-desempenho-superio","tag-na-ifa-2025","tag-voltadas-para-residencias-europeias-conforto"],"acf":[],"_links":{"self":[{"href":"https:\/\/bluestudio.estadao.com.br\/agencia-de-comunicacao\/wp-json\/wp\/v2\/posts\/115618","targetHints":{"allow":["GET"]}}],"collection":[{"href":"https:\/\/bluestudio.estadao.com.br\/agencia-de-comunicacao\/wp-json\/wp\/v2\/posts"}],"about":[{"href":"https:\/\/bluestudio.estadao.com.br\/agencia-de-comunicacao\/wp-json\/wp\/v2\/types\/post"}],"author":[{"embeddable":true,"href":"https:\/\/bluestudio.estadao.com.br\/agencia-de-comunicacao\/wp-json\/wp\/v2\/users\/1"}],"replies":[{"embeddable":true,"href":"https:\/\/bluestudio.estadao.com.br\/agencia-de-comunicacao\/wp-json\/wp\/v2\/comments?post=115618"}],"version-history":[{"count":0,"href":"https:\/\/bluestudio.estadao.com.br\/agencia-de-comunicacao\/wp-json\/wp\/v2\/posts\/115618\/revisions"}],"wp:featuredmedia":[{"embeddable":true,"href":"https:\/\/bluestudio.estadao.com.br\/agencia-de-comunicacao\/wp-json\/wp\/v2\/media\/115619"}],"wp:attachment":[{"href":"https:\/\/bluestudio.estadao.com.br\/agencia-de-comunicacao\/wp-json\/wp\/v2\/media?parent=115618"}],"wp:term":[{"taxonomy":"category","embeddable":true,"href":"https:\/\/bluestudio.estadao.com.br\/agencia-de-comunicacao\/wp-json\/wp\/v2\/categories?post=115618"},{"taxonomy":"post_tag","embeddable":true,"href":"https:\/\/bluestudio.estadao.com.br\/agencia-de-comunicacao\/wp-json\/wp\/v2\/tags?post=115618"}],"curies":[{"name":"wp","href":"https:\/\/api.w.org\/{rel}","templated":true}]}}