{"id":115590,"date":"2025-09-09T05:12:00","date_gmt":"2025-09-09T08:12:00","guid":{"rendered":"https:\/\/bluestudio.estadao.com.br\/agencia-de-comunicacao\/prnewswire\/a-gsma-clama-por-mais-atencao-na-reducao-da-disparidade-no-uso-da-internet-ja-que-mais-de-3-bilhoes-de-pessoas-continuam-sem-acesso-apesar-dos-servicos-de-internet-movel-disponiveis\/"},"modified":"2025-09-09T05:12:00","modified_gmt":"2025-09-09T08:12:00","slug":"a-gsma-clama-por-mais-atencao-na-reducao-da-disparidade-no-uso-da-internet-ja-que-mais-de-3-bilhoes-de-pessoas-continuam-sem-acesso-apesar-dos-servicos-de-internet-movel-disponiveis","status":"publish","type":"post","link":"https:\/\/bluestudio.estadao.com.br\/agencia-de-comunicacao\/prnewswire\/a-gsma-clama-por-mais-atencao-na-reducao-da-disparidade-no-uso-da-internet-ja-que-mais-de-3-bilhoes-de-pessoas-continuam-sem-acesso-apesar-dos-servicos-de-internet-movel-disponiveis\/","title":{"rendered":"A GSMA clama por mais aten\u00e7\u00e3o na redu\u00e7\u00e3o da disparidade no uso da internet, j\u00e1 que mais de 3 bilh\u00f5es de pessoas continuam sem acesso, apesar dos servi\u00e7os de internet m\u00f3vel dispon\u00edveis."},"content":{"rendered":"\n<div class=\"xn-content\">\n<p><span class=\"legendSpanClass\">LONDRES<\/span>, <span class=\"legendSpanClass\">9 de setembro de 2025<\/span> \/PRNewswire\/ &#8212; Atualmente, 4,7 bilh\u00f5es de pessoas, ou 58% da popula\u00e7\u00e3o mundial, utilizam servi\u00e7os de internet m\u00f3vel em seus pr\u00f3prios dispositivos, de acordo com o relat\u00f3rio anual <i><a href=\"https:\/\/www.gsma.com\/somic\/\" target=\"_blank\" rel=\"nofollow\">State of Mobile Internet Connectivity<\/a><\/i> da GSMA, \u00f3rg\u00e3o global do setor de telefonia m\u00f3vel.<\/p>\n<div id=\"prni_dvprnejpga8ddleft\" dir=\"ltr\" style=\"width: 100%;text-align: left\"><img decoding=\"async\" id=\"prnejpga8ddleft\" title=\"Logotipo da GSMA\" src=\"https:\/\/mma.prnewswire.com\/media\/1882833\/5494197\/GSMA_Logo.jpg\" alt=\"Logotipo da GSMA\" align=\"middle\" \/> <\/div>\n<p>No entanto, apesar de 96% da popula\u00e7\u00e3o mundial viver em \u00e1reas com cobertura de internet m\u00f3vel dispon\u00edvel, 3,1 bilh\u00f5es de pessoas ainda n\u00e3o a utilizam. Essas pessoas ? 38% da popula\u00e7\u00e3o mundial ? est\u00e3o dentro do que \u00e9 conhecido como Disparidade de Uso, com outras barreiras al\u00e9m da disponibilidade de cobertura mantendo-as offline.<\/p>\n<p>Mais 300 milh\u00f5es de pessoas (4% da popula\u00e7\u00e3o mundial) vivem no que \u00e9 chamado de Falha de Cobertura, sem qualquer conectividade de internet m\u00f3vel dispon\u00edvel.<\/p>\n<p>Isso significa que 3,4 bilh\u00f5es de pessoas em todo o mundo permaneceram desconectadas dos servi\u00e7os de internet m\u00f3vel em 2024. A esmagadora maioria vive em \u00e1reas com cobertura dispon\u00edvel que permanecem incapazes ou n\u00e3o querem usar.<\/p>\n<p>O celular continua sendo a principal e, em muitos casos, \u00fanica maneira pela qual a maioria das pessoas acessa a Internet em pa\u00edses de baixa e m\u00e9dia renda (LMICs) e agora responde por 84% das conex\u00f5es globais de Internet. A grande maioria (93%) das pessoas sem conex\u00e3o vive em pa\u00edses de baixa e m\u00e9dia renda (PBMRs).<\/p>\n<p>Em todos os PBMRs, a acessibilidade de um dispositivo habilitado para internet de n\u00edvel b\u00e1sico permaneceu relativamente inalterada desde 2021 e representa 16% da renda m\u00e9dia mensal, aumentando para 48% para os 20% mais pobres.<\/p>\n<p>Vivek Badrinath, diretor geral da GSMA, comenta: <i>&#8220;Um dispositivo de US$ 30 poderia tornar os aparelhos acess\u00edveis a at\u00e9 1,6 bilh\u00e3o de pessoas que atualmente n\u00e3o est\u00e3o conectadas \u00e0 cobertura de internet m\u00f3vel dispon\u00edvel.<\/i><\/p>\n<p><i>&#8220;Para produzir isso, ser\u00e1 necess\u00e1rio um esfor\u00e7o conjunto e colaborativo entre a ind\u00fastria m\u00f3vel, fabricantes de dispositivos, formuladores de pol\u00edticas, institui\u00e7\u00f5es financeiras e muito mais, mas \u00e9 uma responsabilidade que todos devemos assumir.<\/i>\n <\/p>\n<p><i>&#8220;Ficar on-line traz benef\u00edcios socioecon\u00f4micos ineg\u00e1veis para indiv\u00edduos e sociedades. Servi\u00e7os essenciais, como sa\u00fade, educa\u00e7\u00e3o e servi\u00e7os banc\u00e1rios, s\u00e3o agora mais comumente acessados on-line e, para bilh\u00f5es de pessoas, isso significa principalmente pelo celular.<\/i>\n <\/p>\n<p><i>&#8220;Em 96% do mundo existe infraestrutura para que as pessoas fiquem online via celular. A remo\u00e7\u00e3o das barreiras restantes \u00e9 essencial para garantir que as divis\u00f5es digitais existentes sejam reduzidas, em vez de aprofundadas, e para que muito mais dessas 3,1 bilh\u00f5es de pessoas possam se beneficiar da conectividade que muda a vida.&#8221;<\/i>\n <\/p>\n<p>Para ler o relat\u00f3rio completo e obter mais informa\u00e7\u00f5es, consulte <a href=\"https:\/\/www.gsma.com\/somic\/\" target=\"_blank\" rel=\"nofollow\"> aqui<\/a>.<\/p>\n<p>Logotipo &#8211; <a href=\"https:\/\/mma.prnewswire.com\/media\/1882833\/5494197\/GSMA_Logo.jpg\" target=\"_blank\" rel=\"nofollow\"> https:\/\/mma.prnewswire.com\/media\/1882833\/5494197\/GSMA_Logo.jpg<\/a><\/p>\n<p id=\"PURL\">\n<img loading=\"lazy\" decoding=\"async\" title=\"Cision\" width=\"12\" height=\"12\" alt=\"Cision\" src=\"https:\/\/edge.prnewswire.com\/c\/img\/favicon.png?sn=PT66710&amp;sd=2025-09-09\" \/> View original content:<a id=\"PRNURL\" rel=\"nofollow\" href=\"https:\/\/www.prnewswire.com\/br\/comunicados-para-a-imprensa\/a-gsma-clama-por-mais-atencao-na-reducao-da-disparidade-no-uso-da-internet-ja-que-mais-de-3-bilhoes-de-pessoas-continuam-sem-acesso-apesar-dos-servicos-de-internet-movel-disponiveis-302548405.html\" target=\"_blank\">https:\/\/www.prnewswire.com\/br\/comunicados-para-a-imprensa\/a-gsma-clama-por-mais-atencao-na-reducao-da-disparidade-no-uso-da-internet-ja-que-mais-de-3-bilhoes-de-pessoas-continuam-sem-acesso-apesar-dos-servicos-de-internet-movel-disponiveis-302548405.html<\/a><\/p>\n<p>FONTE GSMA<\/p>\n<\/p><\/div>\n<p>  <img decoding=\"async\" alt=\"\" src=\"https:\/\/rt.prnewswire.com\/rt.gif?NewsItemId=PT66710&amp;Transmission_Id=202509090400PR_NEWS_LATAM____PT66710&amp;DateId=20250909\" style=\"border:0px;width:1px;height:1px\" \/><\/p>\n<p><strong>T\u00f3picos Relacionados:<\/strong> Pesquisa, Enquetes e Estudos, Multim\u00eddia\/Online\/Internet, Telecomunica\u00e7\u00f5es, Dispositivos M\u00f3veis\/Aplicativos, Computador\/Eletr\u00f4nica<\/p>\n<p>A <b>OESP<\/b> n\u00e3o \u00e9(s\u00e3o) respons\u00e1vel(is) por erros, incorre\u00e7\u00f5es, atrasos ou quaisquer decis\u00f5es tomadas por seus clientes com base nos Conte\u00fados ora disponibilizados, bem como tais Conte\u00fados n\u00e3o representam a opini\u00e3o da <b>OESP<\/b> e s\u00e3o de inteira responsabilidade da <b>PR Newswire Ltda<\/b><\/p>\n","protected":false},"excerpt":{"rendered":"LONDRES, 9 de setembro de 2025 \/PRNewswire\/ &#8212; Atualmente, 4,7 bilh\u00f5es de pessoas, ou 58% da popula\u00e7\u00e3o mundial, utilizam servi\u00e7os de internet m\u00f3vel em seus pr\u00f3prios dispositivos, de acordo","protected":false},"author":1,"featured_media":115591,"comment_status":"open","ping_status":"closed","sticky":false,"template":"","format":"standard","meta":{"_acf_changed":false,"inline_featured_image":false,"_monsterinsights_skip_tracking":false,"_monsterinsights_sitenote_active":false,"_monsterinsights_sitenote_note":"","_monsterinsights_sitenote_category":0,"footnotes":""},"categories":[27],"tags":[1875,1876,1874,1879,1877,1878],"class_list":["post-115590","post","type-post","status-publish","format-standard","has-post-thumbnail","hentry","category-prnewswire","tag-1875","tag-7-bilhoes-de-pessoas","tag-atualmente","tag-de-acordo-com-o-relatorio-anual-state-of-mob","tag-ou-58-da-populacao-mundial","tag-utilizam-servicos-de-internet-movel-em-seus-proprios-dispositivos"],"acf":[],"_links":{"self":[{"href":"https:\/\/bluestudio.estadao.com.br\/agencia-de-comunicacao\/wp-json\/wp\/v2\/posts\/115590","targetHints":{"allow":["GET"]}}],"collection":[{"href":"https:\/\/bluestudio.estadao.com.br\/agencia-de-comunicacao\/wp-json\/wp\/v2\/posts"}],"about":[{"href":"https:\/\/bluestudio.estadao.com.br\/agencia-de-comunicacao\/wp-json\/wp\/v2\/types\/post"}],"author":[{"embeddable":true,"href":"https:\/\/bluestudio.estadao.com.br\/agencia-de-comunicacao\/wp-json\/wp\/v2\/users\/1"}],"replies":[{"embeddable":true,"href":"https:\/\/bluestudio.estadao.com.br\/agencia-de-comunicacao\/wp-json\/wp\/v2\/comments?post=115590"}],"version-history":[{"count":0,"href":"https:\/\/bluestudio.estadao.com.br\/agencia-de-comunicacao\/wp-json\/wp\/v2\/posts\/115590\/revisions"}],"wp:featuredmedia":[{"embeddable":true,"href":"https:\/\/bluestudio.estadao.com.br\/agencia-de-comunicacao\/wp-json\/wp\/v2\/media\/115591"}],"wp:attachment":[{"href":"https:\/\/bluestudio.estadao.com.br\/agencia-de-comunicacao\/wp-json\/wp\/v2\/media?parent=115590"}],"wp:term":[{"taxonomy":"category","embeddable":true,"href":"https:\/\/bluestudio.estadao.com.br\/agencia-de-comunicacao\/wp-json\/wp\/v2\/categories?post=115590"},{"taxonomy":"post_tag","embeddable":true,"href":"https:\/\/bluestudio.estadao.com.br\/agencia-de-comunicacao\/wp-json\/wp\/v2\/tags?post=115590"}],"curies":[{"name":"wp","href":"https:\/\/api.w.org\/{rel}","templated":true}]}}