{"id":115576,"date":"2025-09-08T21:13:00","date_gmt":"2025-09-09T00:13:00","guid":{"rendered":"https:\/\/bluestudio.estadao.com.br\/agencia-de-comunicacao\/prnewswire\/astraux-redefine-a-mobilidade-urbana-sev-choca-o-mercado-europeu-a-partir-de-apenas-5-999\/"},"modified":"2025-09-08T21:13:00","modified_gmt":"2025-09-09T00:13:00","slug":"astraux-redefine-a-mobilidade-urbana-sev-choca-o-mercado-europeu-a-partir-de-apenas-5-999","status":"publish","type":"post","link":"https:\/\/bluestudio.estadao.com.br\/agencia-de-comunicacao\/prnewswire\/astraux-redefine-a-mobilidade-urbana-sev-choca-o-mercado-europeu-a-partir-de-apenas-5-999\/","title":{"rendered":"ASTRAUX redefine a mobilidade urbana: SEV choca o mercado europeu a partir de apenas ? 5.999"},"content":{"rendered":"\n<div class=\"xn-content\">\n<p><span class=\"legendSpanClass\">BERLIM<\/span>, <span class=\"legendSpanClass\">8 de setembro de 2025<\/span> \/PRNewswire\/ &#8212; A ASTRAUX, uma marca global de tecnologia de estilo de vida com sede em Dubai, est\u00e1 redefinindo o futuro da mobilidade urbana. Em seu t\u00e3o aguardado evento de lan\u00e7amento global em Berlim, a ASTRAUX apresentou tr\u00eas designs originais, encabe\u00e7ados por seu microcarro el\u00e9trico da moda de ? 5.999 que roubou os holofotes.<\/p>\n<div class=\"PRN_ImbeddedAssetReference\" id=\"DivAssetPlaceHolder1513\">\n  <a href=\"https:\/\/mma.prnewswire.com\/media\/2765522\/ASTRAUX_Global_Launch_Event.html\" target=\"_blank\" rel=\"nofollow\"> <img decoding=\"async\" src=\"https:\/\/mma.prnewswire.com\/media\/2765522\/ASTRAUX_Global_Launch_Event.jpg\" title=\"Evento de lan\u00e7amento global da ASTRAUX (PRNewsfoto\/ASTRAUX)\" alt=\"Evento de lan\u00e7amento global da ASTRAUX (PRNewsfoto\/ASTRAUX)\" \/>  <\/a>\n<\/p>\n<\/p><\/div>\n<p>O lan\u00e7amento atraiu mais de 200 meios de comunica\u00e7\u00e3o internacionais, l\u00edderes do setor e influenciadores de tecnologia, com 1,2 milh\u00e3o de espectadores ao vivo acompanhando no YouTube, TikTok e Instagram. No evento de lan\u00e7amento, 10 parceiros assinaram pedidos de mais de 30.000 ve\u00edculos el\u00e9tricos ASTRAUX no local, uma conquista importante para a expans\u00e3o global da marca.<\/p>\n<p><b>ASTRAUX Mini EV | ? 5.990 redefinem a mobilidade urbana prazerosa<\/b>\n <\/p>\n<p>Com um pre\u00e7o de <b>compra antecipada de ? 5.990<\/b> (pre\u00e7o original de ? 6.990), o ASTRAUX Mini EV torna a <b> mobilidade pessoal acess\u00edvel<\/b> para a pr\u00f3xima gera\u00e7\u00e3o. Seu <b>design compacto e elegante<\/b> atraiu instantaneamente multid\u00f5es, com f\u00e3s fazendo fila para tirar fotos e compartilhar nas redes sociais.<\/p>\n<p class=\"prnml40\">\n<b>Condu\u00e7\u00e3o a partir dos 14 anos<\/b>: eleg\u00edvel para motoristas a partir dos 14 anos em alguns pa\u00edses europeus<\/p>\n<p class=\"prnml40\">\n<b>Design impressionante<\/b>: estrutura da carroceria de n\u00edvel automotivo, teto de vidro panor\u00e2mico, visibilidade de 360\u00b0.<\/p>\n<p class=\"prnml40\">\n<b>Entretenimento sobre Rodas<\/b>: karaok\u00ea integrado, ilumina\u00e7\u00e3o ambiente, integra\u00e7\u00e3o de aplicativos e modo r\u00e1pido de &#8220;carro de festa&#8221;.<\/p>\n<p><b>Rob\u00f4 Companheiro Aimon<\/b>\n <\/p>\n<p>Um companheiro de IA emocional interativo que reage ao toque, ao movimento e ao humor, apresentando respostas din\u00e2micas e &#8220;modos surpresa&#8221; ocultos quando emparelhado com outro dispositivo.<\/p>\n<p><b>\u00d3culos inteligentes ASTRAUX<\/b>\n <\/p>\n<p>Os \u00f3culos inteligentes ASTRAUX (? 79) combinam estilo e fun\u00e7\u00e3o em um design leve, com \u00f3culos de sol UV400, intera\u00e7\u00e3o por IA, uma c\u00e2mera em primeira pessoa de 8MP, \u00e1udio de ouvido aberto e integra\u00e7\u00e3o com ChatGPT em tempo real para tradu\u00e7\u00e3o, controle de voz e cria\u00e7\u00e3o de conte\u00fado sem o uso das m\u00e3os.<\/p>\n<div class=\"PRN_ImbeddedAssetReference\" id=\"DivAssetPlaceHolder4685\">\n  <a href=\"https:\/\/mma.prnewswire.com\/media\/2765523\/ASTRAUX_AL6_AL7.html\" target=\"_blank\" rel=\"nofollow\"> <img decoding=\"async\" src=\"https:\/\/mma.prnewswire.com\/media\/2765523\/ASTRAUX_AL6_AL7.jpg\" title=\"ASTRAUX AL6\/AL7 (PRNewsfoto\/ASTRAUX)\" alt=\"ASTRAUX AL6\/AL7 (PRNewsfoto\/ASTRAUX)\" \/>  <\/a>\n<\/p>\n<\/p><\/div>\n<p><b> Vis\u00e3o da marca ASTRAUX <\/b>\n <\/p>\n<p>Guiada pela filosofia <b>&#8220;Estilize. Viva. Mostre.&#8221;<\/b>, a ASTRAUX continua a inspirar um <b> novo estilo de vida global <\/b> onde <b> tecnologia, design e acessibilidade se encontram<\/b>, tornando a mobilidade urbana premium acess\u00edvel a todos.<\/p>\n<p>A ASTRAUX anunciou que Berlim marca o in\u00edcio de sua expans\u00e3o europeia, com planos de crescimento por meio de parcerias locais, programas imersivos de test-drive e campanhas exclusivas de pr\u00e9-encomenda.<\/p>\n<p><b>Assista ao replay e fa\u00e7a a pr\u00e9-encomenda agora<\/b>\n <\/p>\n<p>Veja o replay completo do lan\u00e7amento de Berlim e fa\u00e7a a pr\u00e9-encomenda dos produtos ASTRAUX hoje:<\/p>\n<p class=\"prnml40\">\n<b>Replay do lan\u00e7amento <\/b>: <a href=\"https:\/\/youtube.com\/live\/Hb7rYtoJaVo?feature=share\" rel=\"nofollow\">https:\/\/youtube.com\/live\/Hb7rYtoJaVo?feature=share<\/a><\/p>\n<p class=\"prnml40\">\n<b>Pr\u00e9-encomenda do Mini EV<\/b>:<\/p>\n<p class=\"prnml40\"><a href=\"https:\/\/astra-ux.com\/products\/electric-mini-car\" target=\"_blank\" rel=\"nofollow\">https:\/\/astra-ux.com\/products\/electric-mini-car<\/a>\n <\/p>\n<p class=\"prnml40\"><a href=\"https:\/\/fr.aliexpress.com\/item\/1005009863876683.html?gatewayAdapt=glo2fra4itemAdapt\" rel=\"nofollow\">https:\/\/fr.aliexpress.com\/item\/1005009863876683.html?gatewayAdapt=glo2fra4itemAdapt<\/a>\n <\/p>\n<p>Siga-nos nas redes sociais para acompanhar as \u00faltimas atualiza\u00e7\u00f5es:<\/p>\n<p class=\"prnml40\">\n<b>Instagram<\/b>: <a href=\"https:\/\/instagram.com\/Astraux.global\" target=\"_blank\" rel=\"nofollow\">@Astraux.global<\/a><\/p>\n<p class=\"prnml40\">\n<b>TikTok<\/b>: @astrauxglobal<\/p>\n<p class=\"prnml40\">\n<b>Facebook<\/b>: <a href=\"https:\/\/facebook.com\/Astraux.global\" target=\"_blank\" rel=\"nofollow\">@Astraux.global<\/a><\/p>\n<p><b>Ofertas de lan\u00e7amento por tempo limitado (at\u00e9 6 de setembro, 23:59 CET)<\/b>\n <\/p>\n<ul type=\"disc\">\n<li>  <b>Passe de reserva de ? 9,9 ? Garanta sua vaga agora; cancele a qualquer momento antes de 4 de dezembro.<\/b><\/li>\n<li>  <b>Pre\u00e7o para compras antecipadas ASTRAUX AL7: ? 7.990 (? 8.990 original)<\/b><\/li>\n<li>  <b>Pre\u00e7o para compras antecipadas ASTRAUX AL6: ? 5.990 (? 6.990 original)<\/b><\/li>\n<\/ul>\n<p>Contato com a m\u00eddia:<a href=\"mailto:info@maktoumtech.com\" target=\"_blank\" rel=\"nofollow\"> info@maktoumtech.com<\/a><\/p>\n<p>site oficial:<a href=\"https:\/\/astra-ux.com\/zh\" target=\"_blank\" rel=\"nofollow\"> <\/a><a href=\"https:\/\/astra-ux.com\/\" target=\"_blank\" rel=\"nofollow\"> https:\/\/astra-ux.com\/<br \/><\/a><\/p>\n<p>Foto &#8211; <a href=\"https:\/\/mma.prnewswire.com\/media\/2765522\/ASTRAUX_Global_Launch_Event.jpg\" target=\"_blank\" rel=\"nofollow\">https:\/\/mma.prnewswire.com\/media\/2765522\/ASTRAUX_Global_Launch_Event.jpg<\/a><br \/>Foto &#8211; <a href=\"https:\/\/mma.prnewswire.com\/media\/2765523\/ASTRAUX_AL6_AL7.jpg\" target=\"_blank\" rel=\"nofollow\">https:\/\/mma.prnewswire.com\/media\/2765523\/ASTRAUX_AL6_AL7.jpg<\/a><\/p>\n<div class=\"PRN_ImbeddedAssetReference\" id=\"DivAssetPlaceHolder0\"><\/div>\n<p id=\"PURL\">\n<img loading=\"lazy\" decoding=\"async\" title=\"Cision\" width=\"12\" height=\"12\" alt=\"Cision\" src=\"https:\/\/edge.prnewswire.com\/c\/img\/favicon.png?sn=PT65989&amp;sd=2025-09-08\" \/> View original content to download multimedia:<a id=\"PRNURL\" rel=\"nofollow\" href=\"https:\/\/www.prnewswire.com\/br\/comunicados-para-a-imprensa\/astraux-redefine-a-mobilidade-urbana-sev-choca-o-mercado-europeu-a-partir-de-apenas--5-999--302549964.html\" target=\"_blank\">https:\/\/www.prnewswire.com\/br\/comunicados-para-a-imprensa\/astraux-redefine-a-mobilidade-urbana-sev-choca-o-mercado-europeu-a-partir-de-apenas&#8211;5-999&#8211;302549964.html<\/a><\/p>\n<p>FONTE ASTRAUX<\/p>\n<\/p><\/div>\n<p>  <img decoding=\"async\" alt=\"\" src=\"https:\/\/rt.prnewswire.com\/rt.gif?NewsItemId=PT65989&amp;Transmission_Id=202509082002PR_NEWS_LATAM____PT65989&amp;DateId=20250908\" style=\"border:0px;width:1px;height:1px\" \/><\/p>\n<p><strong>T\u00f3picos Relacionados:<\/strong> Novos Produtos\/Servi\u00e7os, Transporte \/ Caminh\u00f5es \/ Ferrovias, Automotivo, Computador\/Eletr\u00f4nica, Automa\u00e7\u00e3o de Design Eletr\u00f4nico, Tecnologia Verde<\/p>\n<p>A <b>OESP<\/b> n\u00e3o \u00e9(s\u00e3o) respons\u00e1vel(is) por erros, incorre\u00e7\u00f5es, atrasos ou quaisquer decis\u00f5es tomadas por seus clientes com base nos Conte\u00fados ora disponibilizados, bem como tais Conte\u00fados n\u00e3o representam a opini\u00e3o da <b>OESP<\/b> e s\u00e3o de inteira responsabilidade da <b>PR Newswire Ltda<\/b><\/p>\n","protected":false},"excerpt":{"rendered":"BERLIM, 8 de setembro de 2025 \/PRNewswire\/ &#8212; A ASTRAUX, uma marca global de tecnologia de estilo de vida com sede em Dubai, est\u00e1 redefinindo o futuro da mobilidade urbana. Em seu t\u00e3o aguardado","protected":false},"author":1,"featured_media":115577,"comment_status":"open","ping_status":"closed","sticky":false,"template":"","format":"standard","meta":{"_acf_changed":false,"inline_featured_image":false,"_monsterinsights_skip_tracking":false,"_monsterinsights_sitenote_active":false,"_monsterinsights_sitenote_note":"","_monsterinsights_sitenote_category":0,"footnotes":""},"categories":[27],"tags":[1849,1851,1850],"class_list":["post-115576","post","type-post","status-publish","format-standard","has-post-thumbnail","hentry","category-prnewswire","tag-a-astraux","tag-esta-redefinindo-o-futuro-da-mobilidade-urbana-em-seu-tao-aguardado-evento-de-lancamento-global-em","tag-uma-marca-global-de-tecnologia-de-estilo-de-vida-com-sede-em-dubai"],"acf":[],"_links":{"self":[{"href":"https:\/\/bluestudio.estadao.com.br\/agencia-de-comunicacao\/wp-json\/wp\/v2\/posts\/115576","targetHints":{"allow":["GET"]}}],"collection":[{"href":"https:\/\/bluestudio.estadao.com.br\/agencia-de-comunicacao\/wp-json\/wp\/v2\/posts"}],"about":[{"href":"https:\/\/bluestudio.estadao.com.br\/agencia-de-comunicacao\/wp-json\/wp\/v2\/types\/post"}],"author":[{"embeddable":true,"href":"https:\/\/bluestudio.estadao.com.br\/agencia-de-comunicacao\/wp-json\/wp\/v2\/users\/1"}],"replies":[{"embeddable":true,"href":"https:\/\/bluestudio.estadao.com.br\/agencia-de-comunicacao\/wp-json\/wp\/v2\/comments?post=115576"}],"version-history":[{"count":0,"href":"https:\/\/bluestudio.estadao.com.br\/agencia-de-comunicacao\/wp-json\/wp\/v2\/posts\/115576\/revisions"}],"wp:featuredmedia":[{"embeddable":true,"href":"https:\/\/bluestudio.estadao.com.br\/agencia-de-comunicacao\/wp-json\/wp\/v2\/media\/115577"}],"wp:attachment":[{"href":"https:\/\/bluestudio.estadao.com.br\/agencia-de-comunicacao\/wp-json\/wp\/v2\/media?parent=115576"}],"wp:term":[{"taxonomy":"category","embeddable":true,"href":"https:\/\/bluestudio.estadao.com.br\/agencia-de-comunicacao\/wp-json\/wp\/v2\/categories?post=115576"},{"taxonomy":"post_tag","embeddable":true,"href":"https:\/\/bluestudio.estadao.com.br\/agencia-de-comunicacao\/wp-json\/wp\/v2\/tags?post=115576"}],"curies":[{"name":"wp","href":"https:\/\/api.w.org\/{rel}","templated":true}]}}