{"id":115564,"date":"2025-09-08T16:42:00","date_gmt":"2025-09-08T19:42:00","guid":{"rendered":"https:\/\/bluestudio.estadao.com.br\/agencia-de-comunicacao\/prnewswire\/ia-e-nevs-assumem-o-centro-do-palco-na-abertura-da-world-smart-industry-expo-em-chongqing\/"},"modified":"2025-09-08T16:42:00","modified_gmt":"2025-09-08T19:42:00","slug":"ia-e-nevs-assumem-o-centro-do-palco-na-abertura-da-world-smart-industry-expo-em-chongqing","status":"publish","type":"post","link":"https:\/\/bluestudio.estadao.com.br\/agencia-de-comunicacao\/prnewswire\/ia-e-nevs-assumem-o-centro-do-palco-na-abertura-da-world-smart-industry-expo-em-chongqing\/","title":{"rendered":"IA e NEVs assumem o centro do palco na abertura da World Smart Industry Expo em Chongqing"},"content":{"rendered":"\n<div class=\"xn-content\">\n<p><span class=\"legendSpanClass\">CHONGQING, China<\/span>, <span class=\"legendSpanClass\">8 de setembro de 2025<\/span> \/PRNewswire\/ &#8212; Um comunicado da iChongqing: The World Smart Industry Expo 2025 foi aberta em 5 de setembro em Chongqing, com a participa\u00e7\u00e3o de mais de 550 empresas apresentando mais de 3.000 inova\u00e7\u00f5es, desde dire\u00e7\u00e3o aut\u00f4noma e cabines de IA at\u00e9 filmes em realidade estendida e caf\u00e9s rob\u00f3ticos, destacando como a intelig\u00eancia artificial est\u00e1 transformando o setor e a vida.<\/p>\n<p>Com foco em &#8220;IA+&#8221; e ve\u00edculos inteligentes de nova energia (NEVs), a feira deste ano destaca a governan\u00e7a digital das cidades, rob\u00f3tica, vida inteligente e a economia de baixa altitude, tendo Singapura como pa\u00eds convidado de honra e a prov\u00edncia de Sichuan como prov\u00edncia convidada de honra.<\/p>\n<p>Na cerim\u00f4nia de abertura, nove palestrantes principais apresentaram como a IA est\u00e1 levando a mudan\u00e7as sociais. Harry Shum Heung-Yeung, presidente do Conselho da Universidade de Ci\u00eancia e Tecnologia de Hong Kong e membro estrangeiro da Academia Nacional de Engenharia dos EUA, destacou a ascens\u00e3o da intelig\u00eancia incorporada, prevendo rob\u00f4s capazes de aprender, se adaptar e colaborar em ambientes reais.<\/p>\n<p>Cedrik Neike, membro do conselho executivo e CEO da divis\u00e3o de Setores Digitais da Siemens AG, afirmou que a IA est\u00e1 acelerando a transi\u00e7\u00e3o para a automa\u00e7\u00e3o definida por software, permitindo que os setores se tornem mais flex\u00edveis, eficientes e sustent\u00e1veis.<\/p>\n<p>A feira realiza 11 eventos de matchmaking em IA, transforma\u00e7\u00e3o digital e financiamento de capital, reunindo a Huawei, a Baidu e empresas com 40 institui\u00e7\u00f5es de investimento. Foram assinados contratos que somam mais de 200 bilh\u00f5es de yuans (cerca de 27,5 bilh\u00f5es de d\u00f3lares), incluindo 120 bilh\u00f5es de yuans firmados no local.<\/p>\n<p>Projetos de destaque, como a iniciativa de manufatura inteligente da Geely, fortalecer\u00e3o as cadeias de suprimento e impulsionar\u00e3o o cluster de manufatura avan\u00e7ada &#8220;33618&#8221; de Chongqing, uma estrat\u00e9gia municipal para atualizar a estrutura industrial e construir um centro de manufatura avan\u00e7ada de relev\u00e2ncia nacional, promovendo o crescimento em NEVs, eletr\u00f4nicos, materiais, processamento de alimentos, t\u00eaxteis e biomedicina.<\/p>\n<p>O pavilh\u00e3o de NEVs da feira re\u00fane 20 montadoras globais, incluindo Changan, Seres e Tesla, apoiadas por mais de 100 fornecedores de pe\u00e7as e parceiros de ecossistema, exibindo avan\u00e7os em dire\u00e7\u00e3o inteligente, ve\u00edculos definidos por software e manufatura inteligente.<\/p>\n<p>Ele tamb\u00e9m serve como plataforma de lan\u00e7amento para novas tecnologias, incluindo a marca &#8220;SDA Intelligence&#8221; da Changan, a Plataforma de Servi\u00e7os de Gest\u00e3o Inteligente de Baixa Altitude de Chongqing, a Arquitetura Aberta de Computa\u00e7\u00e3o em IA, o sistema AI Supercluster da Sugon e o China NEV Challenge.<\/p>\n<p>Realizada pela primeira vez em 2018 e anteriormente conhecida como Smart China Expo, a World Smart Industry Expo tornou-se uma importante plataforma para a inova\u00e7\u00e3o digital, unindo l\u00edderes do setor, acad\u00eamicos e formuladores de pol\u00edticas para apresentar avan\u00e7os em tecnologia inteligente e promover a colabora\u00e7\u00e3o global.<\/p>\n<\/p>\n<p id=\"PURL\">\n<img loading=\"lazy\" decoding=\"async\" title=\"Cision\" width=\"12\" height=\"12\" alt=\"Cision\" src=\"https:\/\/edge.prnewswire.com\/c\/img\/favicon.png?sn=PT66501&amp;sd=2025-09-08\" \/> View original content:<a id=\"PRNURL\" rel=\"nofollow\" href=\"https:\/\/www.prnewswire.com\/br\/comunicados-para-a-imprensa\/ia-e-nevs-assumem-o-centro-do-palco-na-abertura-da-world-smart-industry-expo-em-chongqing-302549733.html\" target=\"_blank\">https:\/\/www.prnewswire.com\/br\/comunicados-para-a-imprensa\/ia-e-nevs-assumem-o-centro-do-palco-na-abertura-da-world-smart-industry-expo-em-chongqing-302549733.html<\/a><\/p>\n<p>FONTE iChongqing<\/p>\n<\/p><\/div>\n<p>  <img decoding=\"async\" alt=\"\" src=\"https:\/\/rt.prnewswire.com\/rt.gif?NewsItemId=PT66501&amp;Transmission_Id=202509081526PR_NEWS_LATAM____PT66501&amp;DateId=20250908\" style=\"border:0px;width:1px;height:1px\" \/><\/p>\n<p><strong>T\u00f3picos Relacionados:<\/strong> Not\u00edcias de Feiras Comerciais, Transporte \/ Caminh\u00f5es \/ Ferrovias, Automotivo, Publica\u00e7\u00e3o \/ Servi\u00e7os de Informa\u00e7\u00e3o, Computador\/Eletr\u00f4nica, Automa\u00e7\u00e3o de Design Eletr\u00f4nico, Intelig\u00eancia Artificial<\/p>\n<p>A <b>OESP<\/b> n\u00e3o \u00e9(s\u00e3o) respons\u00e1vel(is) por erros, incorre\u00e7\u00f5es, atrasos ou quaisquer decis\u00f5es tomadas por seus clientes com base nos Conte\u00fados ora disponibilizados, bem como tais Conte\u00fados n\u00e3o representam a opini\u00e3o da <b>OESP<\/b> e s\u00e3o de inteira responsabilidade da <b>PR Newswire Ltda<\/b><\/p>\n","protected":false},"excerpt":{"rendered":"CHONGQING, China, 8 de setembro de 2025 \/PRNewswire\/ &#8212; Um comunicado da iChongqing: The World Smart Industry Expo 2025 foi aberta em 5 de setembro em Chongqing, com a participa\u00e7\u00e3o de mais de","protected":false},"author":1,"featured_media":115565,"comment_status":"open","ping_status":"closed","sticky":false,"template":"","format":"standard","meta":{"_acf_changed":false,"inline_featured_image":false,"_monsterinsights_skip_tracking":false,"_monsterinsights_sitenote_active":false,"_monsterinsights_sitenote_note":"","_monsterinsights_sitenote_category":0,"footnotes":""},"categories":[27],"tags":[1835,1834],"class_list":["post-115564","post","type-post","status-publish","format-standard","has-post-thumbnail","hentry","category-prnewswire","tag-com-a-participacao-de-mais-de-550-empresas-apresentando-mais-de-3-000-ino","tag-um-comunicado-da-ichongqing-the-world-smart-industry-expo-2025-foi-aberta-em-5-de-setembro-em-chongqing"],"acf":[],"_links":{"self":[{"href":"https:\/\/bluestudio.estadao.com.br\/agencia-de-comunicacao\/wp-json\/wp\/v2\/posts\/115564","targetHints":{"allow":["GET"]}}],"collection":[{"href":"https:\/\/bluestudio.estadao.com.br\/agencia-de-comunicacao\/wp-json\/wp\/v2\/posts"}],"about":[{"href":"https:\/\/bluestudio.estadao.com.br\/agencia-de-comunicacao\/wp-json\/wp\/v2\/types\/post"}],"author":[{"embeddable":true,"href":"https:\/\/bluestudio.estadao.com.br\/agencia-de-comunicacao\/wp-json\/wp\/v2\/users\/1"}],"replies":[{"embeddable":true,"href":"https:\/\/bluestudio.estadao.com.br\/agencia-de-comunicacao\/wp-json\/wp\/v2\/comments?post=115564"}],"version-history":[{"count":0,"href":"https:\/\/bluestudio.estadao.com.br\/agencia-de-comunicacao\/wp-json\/wp\/v2\/posts\/115564\/revisions"}],"wp:featuredmedia":[{"embeddable":true,"href":"https:\/\/bluestudio.estadao.com.br\/agencia-de-comunicacao\/wp-json\/wp\/v2\/media\/115565"}],"wp:attachment":[{"href":"https:\/\/bluestudio.estadao.com.br\/agencia-de-comunicacao\/wp-json\/wp\/v2\/media?parent=115564"}],"wp:term":[{"taxonomy":"category","embeddable":true,"href":"https:\/\/bluestudio.estadao.com.br\/agencia-de-comunicacao\/wp-json\/wp\/v2\/categories?post=115564"},{"taxonomy":"post_tag","embeddable":true,"href":"https:\/\/bluestudio.estadao.com.br\/agencia-de-comunicacao\/wp-json\/wp\/v2\/tags?post=115564"}],"curies":[{"name":"wp","href":"https:\/\/api.w.org\/{rel}","templated":true}]}}