{"id":115525,"date":"2025-09-05T09:57:00","date_gmt":"2025-09-05T12:57:00","guid":{"rendered":"https:\/\/bluestudio.estadao.com.br\/agencia-de-comunicacao\/prnewswire\/lg-apresenta-rotina-impulsionada-por-tecnologia-de-ia-com-lg-ai-home-na-ifa-2025\/"},"modified":"2025-09-05T09:57:00","modified_gmt":"2025-09-05T12:57:00","slug":"lg-apresenta-rotina-impulsionada-por-tecnologia-de-ia-com-lg-ai-home-na-ifa-2025","status":"publish","type":"post","link":"https:\/\/bluestudio.estadao.com.br\/agencia-de-comunicacao\/prnewswire\/lg-apresenta-rotina-impulsionada-por-tecnologia-de-ia-com-lg-ai-home-na-ifa-2025\/","title":{"rendered":"LG apresenta rotina impulsionada por tecnologia de IA com LG AI Home na IFA 2025"},"content":{"rendered":"\n<div class=\"xn-content\">\n<p class=\"prntac\"><i>Trazendo harmonia \u00e0 vida cotidiana por meio de dispositivos avan\u00e7ados de IA e solu\u00e7\u00f5es personalizadas <\/i>\n <\/p>\n<div class=\"PRN_ImbeddedAssetReference\" id=\"DivAssetPlaceHolder2187\">\n  <a href=\"https:\/\/mma.prnewswire.com\/media\/2765180\/WhatsApp_Image_2025_09_04_at_17_28_06.html\" target=\"_blank\" rel=\"nofollow\"> <img decoding=\"async\" src=\"https:\/\/mma.prnewswire.com\/media\/2765180\/WhatsApp_Image_2025_09_04_at_17_28_06.jpg\" title=\"\" alt=\"\" \/>  <\/a>\n<\/p>\n<\/p><\/div>\n<p><span class=\"legendSpanClass\">S\u00c3O PAULO<\/span>, <span class=\"legendSpanClass\">5 de setembro de 2025<\/span> \/PRNewswire\/ &#8212; A LG Electronics (LG) est\u00e1 apresentando sua vis\u00e3o para uma vida avan\u00e7ada baseada em IA na IFA 2025, que acontece de 5 a 9 de setembro, em Berlim, Alemanha. Sob o tema &#8220;LG AI Appliances Orchestra&#8221;, a empresa mostrar\u00e1 como suas solu\u00e7\u00f5es dom\u00e9sticas inteligentes trabalham juntas em harmonia para enriquecer a vida cotidiana, oferecendo maior conveni\u00eancia, personaliza\u00e7\u00e3o e efici\u00eancia energ\u00e9tica.<\/p>\n<p>Em seu estande, os visitantes poder\u00e3o experimentar o LG AI Home em primeira m\u00e3o, explorando como as principais tecnologias de IA da LG trazem atendimento personalizado e conveni\u00eancia para a vida di\u00e1ria. Refletindo sua crescente influ\u00eancia na Europa, a LG tamb\u00e9m hospedar\u00e1 um espa\u00e7o de consultoria B2B dedicado, demonstrando as vantagens exclusivas de seus mais recentes aparelhos e inova\u00e7\u00f5es de componentes principais.<\/p>\n<p><b>Zonas destacam a vida alimentada por IA<\/b>\n <\/p>\n<p>A Hero Zone d\u00e1 as boas-vindas aos visitantes com a LG AI Appliances Orchestra, onde os aparelhos alimentados por IA s\u00e3o organizados como membros de uma sinfonia e conduzidos pelo LG ThinQ ON, o hub dom\u00e9stico de IA evolu\u00eddo da empresa. Esta tela espetacular incorpora a harmonia perfeita e o controle intuitivo que o LG AI Home traz para a vida moderna.<\/p>\n<p>A Fit&amp;Max Zone recria espa\u00e7os de estilo europeu, destacando como os eletrodom\u00e9sticos LG ? desenvolvidos com prefer\u00eancias de design e funcionalidade locais em mente ? se integram naturalmente \u00e0s casas do dia a dia. Na AI Core Tech Zone, os visitantes podem aprender como os principais componentes da LG, como o motor AI DD?, foram aprimorados com IA para um desempenho mais inteligente e poderoso. Por fim, a AI Home Solution Zone ilustra cen\u00e1rios da vida real em que a LG AI conecta eletrodom\u00e9sticos, dispositivos IoT e servi\u00e7os de terceiros para economizar tempo, melhorar o conforto e reduzir os aborrecimentos do dia a dia.<\/p>\n<p><b>Eletrodom\u00e9sticos de IA projetados para resid\u00eancias europeias <\/b>\n <\/p>\n<p>A LG est\u00e1 apresentando uma ampla gama de novos eletrodom\u00e9sticos alimentados por IA adaptados ao estilo de vida europeu, desenvolvidos por meio de uma pesquisa aprofundada sobre as necessidades e tend\u00eancias do consumidor. Com um forte foco na efici\u00eancia energ\u00e9tica, v\u00e1rios desses produtos alcan\u00e7am desempenho l\u00edder do setor.<\/p>\n<p>Os refrigeradores inteligentes da empresa combinam a opera\u00e7\u00e3o do compressor alimentado por IA com isolamento aprimorado para maximizar o frescor e diminuir a perda de energia. Projetados especificamente para resid\u00eancias europeias, eles apresentam inova\u00e7\u00f5es como a dobradi\u00e7a de folga zero, que permite que as portas se abram totalmente mesmo quando a lateral da geladeira est\u00e1 nivelada com a parede.<\/p>\n<p>Al\u00e9m disso, as m\u00e1quinas de lavar e secar com IA proporcionam um cuidado suave para todos os tipos de tecidos e uma opera\u00e7\u00e3o intuitiva atrav\u00e9s de controlos expandidos e telas LCD maiores.<\/p>\n<p>Atendendo a diferentes necessidades e prefer\u00eancias de limpeza, a nova linha de aspiradores da LG inclui um aspirador rob\u00f4 com esfreg\u00e3o a vapor, uma esta\u00e7\u00e3o de aspirador rob\u00f4 integrada, um aspirador de p\u00f3 e um aspirador de p\u00f3 \u00famido e seco. Cada modelo oferece excelente conveni\u00eancia, desempenho confi\u00e1vel e est\u00e9tica elegante e moderna. O primeiro de seu tipo, a esta\u00e7\u00e3o de aspirador de rob\u00f4 embutida se encaixa perfeitamente sob as pias da cozinha para uma instala\u00e7\u00e3o limpa e eficiente em termos de espa\u00e7o, enquanto o bast\u00e3o leve e seco \u00e9 projetado para minimizar a tens\u00e3o no pulso durante o uso.<\/p>\n<p>Para melhorar ainda mais a acessibilidade, a LG tamb\u00e9m est\u00e1 apresentando o LG Comfort Kit, s\u00e9rie de acess\u00f3rios que tornam os aparelhos mais f\u00e1ceis de usar para pessoas de todas as idades ou habilidades.<\/p>\n<p><b>Uma experi\u00eancia imersiva em casa com IA<\/b>\n <\/p>\n<p>Na AI Home Solution Zone, os visitantes podem ver como o LG ThinQ AI e o ThinQ ON funcionam em harmonia para simplificar e enriquecer a vida cotidiana. As demonstra\u00e7\u00f5es mostram o ThinQ AI recomendando menus saud\u00e1veis, pr\u00e9-aquecendo fornos automaticamente, reconhecendo usu\u00e1rios individuais por voz e ajustando a ilumina\u00e7\u00e3o, a temperatura e a m\u00fasica para corresponder \u00e0s suas prefer\u00eancias.<\/p>\n<p>Os visitantes tamb\u00e9m podem explorar o ThinQ UP, que atualiza continuamente os aparelhos LG com novas fun\u00e7\u00f5es de software, e o ThinQ Care, que fornece monitoramento e manuten\u00e7\u00e3o proativos para um desempenho confi\u00e1vel a longo prazo.<\/p>\n<p>Indo al\u00e9m das resid\u00eancias, a LG tamb\u00e9m apresentar\u00e1 o Spielraum, sua solu\u00e7\u00e3o de espa\u00e7o de mobilidade AI, que estende o LG AI Home aos ve\u00edculos para permitir conectividade perfeita e uma experi\u00eancia unificada e ininterrupta entre casa e carro.<\/p>\n<p>&#8220;Na IFA 2025, estamos apresentando valor diferenciado com a solu\u00e7\u00e3o LG AI Home, que aproveita nossas principais tecnologias de IA para se harmonizar de forma inteligente com os ritmos de vida dos clientes&#8221;, disse Lyu Jae-cheol, presidente da LG Home Appliance Solution Company. &#8220;Nossos aparelhos s\u00e3o projetados para complementar o estilo de vida e os espa\u00e7os de conviv\u00eancia europeus, evoluindo com cada usu\u00e1rio para oferecer personaliza\u00e7\u00e3o, facilidade de uso e efici\u00eancia energ\u00e9tica.&#8221;<\/p>\n<p><b>SOBRE A LG ELECTRONICS, INC.<br \/><\/b>A LG Electronics \u00e9 uma l\u00edder global em tecnologia e eletr\u00f4nicos de consumo, com presen\u00e7a em quase todos os pa\u00edses e uma for\u00e7a de trabalho internacional superior a 75 mil pessoas. A companhia reorganizou suas opera\u00e7\u00f5es em quatro <i>divis\u00f5es de neg\u00f3cios:<\/i> <b>Home Appliance Solution (HS), Media Entertainment Solution (MS), Vehicle Solution (VS) e Eco Solution (ES)<\/b>, redefinindo seus pap\u00e9is e identidades para acelerar sua vis\u00e3o de futuro at\u00e9 2030. Em 2024, as quatro <i>divis\u00f5es<\/i> combinadas geraram uma receita global de mais de 87,74 trilh\u00f5es de KRW (US$ 64,32 bilh\u00f5es). A LG \u00e9 reconhecida mundialmente por suas solu\u00e7\u00f5es inovadoras em TVs, eletrodom\u00e9sticos, ar-condicionado, monitores, componentes automotivos e solu\u00e7\u00f5es sustent\u00e1veis. Suas marcas premium LG SIGNATURE e a plataforma inteligente LG ThinQ refor\u00e7am o compromisso da empresa com inova\u00e7\u00e3o e qualidade. Para mais informa\u00e7\u00f5es, acesse: <a href=\"https:\/\/urldefense.com\/v3\/__http:\/www.lgnewsroom.com\/__;!!IfJP2Nwhk5Z0yJ43lA!JB8jB_aDq9q12ibgovI6-LbtY20JVh38xXUo475_MtX_u-KAleYlWRWWG4S7nFpo1h15OwLmCUvyCfYHbjftcyax$\" target=\"_blank\" rel=\"nofollow\">www.LGnewsroom.com<\/a>.<\/p>\n<p><b>SOBRE A LG ELECTRONICS NO BRASIL<br \/><\/b>Presente no Brasil desde 1996, a LG Electronics oferece um amplo portf\u00f3lio com mais de 350 produtos, incluindo TVs, <i>caixas de som, pain\u00e9is, monitores, som automotivo, equipamentos de inform\u00e1tica, ar-condicionado (residencial e comercial),<\/i> produtos de linha branca e solu\u00e7\u00f5es corporativas. Alinhada \u00e0 nova estrutura global, a opera\u00e7\u00e3o brasileira integra iniciativas das quatro <i>divis\u00f5es da<\/i> LG: HS, MS, VS e ES. <i>Nossa<\/i> f\u00e1brica em Manaus produz a maior parte dos itens comercializados no Pa\u00eds, consolidando a subsidi\u00e1ria brasileira como uma das cinco maiores opera\u00e7\u00f5es da LG fora da Coreia. Com cerca de tr\u00eas mil colaboradores, a empresa conta com assist\u00eancia<i> t\u00e9cnica e call center pr\u00f3prios, Business Solution Center em S\u00e3o Paulo e duas lojas conceito (Salvador e S\u00e3o Paulo) al\u00e9m de uma f\u00e1brica de Linha Branca em Constru\u00e7\u00e3o na regi\u00e3o metropolitana de Curitiba, Paran\u00e1.<\/i><\/p>\n<p><b>ACOMPANHE TODAS AS INFORMA\u00c7\u00d5ES NOS CANAIS LG<br \/><\/b>Site: <a href=\"http:\/\/www.lg.com\/br\" target=\"_blank\" rel=\"nofollow\">http:\/\/www.lg.com\/br<\/a><br \/>Instagram: <a href=\"https:\/\/www.instagram.com\/lgbrasil\/\" target=\"_blank\" rel=\"nofollow\">https:\/\/www.instagram.com\/lgbrasil\/<\/a><br \/>Twitter: <a href=\"http:\/\/twitter.com\/lgdobrasil\" target=\"_blank\" rel=\"nofollow\">http:\/\/twitter.com\/lgdobrasil<\/a><br \/>YouTube: <a href=\"http:\/\/www.youtube.com\/lgdobrasil\" target=\"_blank\" rel=\"nofollow\">http:\/\/www.youtube.com\/lgdobrasil<\/a><br \/>Facebook: <a href=\"http:\/\/www.facebook.com\/lgdobrasil\" target=\"_blank\" rel=\"nofollow\">http:\/\/www.facebook.com\/lgdobrasil<\/a><br \/>Linkedin: <a href=\"http:\/\/www.linkedin.com\/company\/lg-electronics-brasil\" target=\"_blank\" rel=\"nofollow\">www.linkedin.com\/company\/lg-electronics-brasil<\/a><\/p>\n<p>Foto &#8211; <a href=\"https:\/\/mma.prnewswire.com\/media\/2765180\/WhatsApp_Image_2025_09_04_at_17_28_06.jpg\" target=\"_blank\" rel=\"nofollow\">https:\/\/mma.prnewswire.com\/media\/2765180\/WhatsApp_Image_2025_09_04_at_17_28_06.jpg<\/a><\/p>\n<\/p>\n<div class=\"PRN_ImbeddedAssetReference\" id=\"DivAssetPlaceHolder0\"><\/div>\n<p id=\"PURL\">\n<img loading=\"lazy\" decoding=\"async\" title=\"Cision\" width=\"12\" height=\"12\" alt=\"Cision\" src=\"https:\/\/c212.net\/c\/img\/favicon.png?sn=PT66230&amp;sd=2025-09-05\" \/> View original content to download multimedia:<a id=\"PRNURL\" rel=\"nofollow\" href=\"https:\/\/www.prnewswire.com\/br\/comunicados-para-a-imprensa\/lg-apresenta-rotina-impulsionada-por-tecnologia-de-ia-com-lg-ai-home-na-ifa-2025-302547689.html\" target=\"_blank\">https:\/\/www.prnewswire.com\/br\/comunicados-para-a-imprensa\/lg-apresenta-rotina-impulsionada-por-tecnologia-de-ia-com-lg-ai-home-na-ifa-2025-302547689.html<\/a><\/p>\n<p>FONTE LG Electronics Brasil<\/p>\n<\/p><\/div>\n<p>  <img decoding=\"async\" alt=\"\" src=\"https:\/\/rt.prnewswire.com\/rt.gif?NewsItemId=PT66230&amp;Transmission_Id=202509050851PR_NEWS_LATAM____PT66230&amp;DateId=20250905\" style=\"border:0px;width:1px;height:1px\" \/><\/p>\n<p><strong>T\u00f3picos Relacionados:<\/strong> Concession\u00e1rias de Energia El\u00e9trica, Eletr\u00f4nicos de Consumo, Componentes Eletr\u00f4nicos<\/p>\n<p>A <b>OESP<\/b> n\u00e3o \u00e9(s\u00e3o) respons\u00e1vel(is) por erros, incorre\u00e7\u00f5es, atrasos ou quaisquer decis\u00f5es tomadas por seus clientes com base nos Conte\u00fados ora disponibilizados, bem como tais Conte\u00fados n\u00e3o representam a opini\u00e3o da <b>OESP<\/b> e s\u00e3o de inteira responsabilidade da <b>PR Newswire Ltda<\/b><\/p>\n","protected":false},"excerpt":{"rendered":"Trazendo harmonia \u00e0 vida cotidiana por meio de dispositivos avan\u00e7ados de IA e solu\u00e7\u00f5es personalizadas S\u00c3O PAULO, 5 de setembro de 2025 \/PRNewswire\/ &#8212; A LG Electronics (LG) est\u00e1","protected":false},"author":1,"featured_media":115526,"comment_status":"open","ping_status":"closed","sticky":false,"template":"","format":"standard","meta":{"_acf_changed":false,"inline_featured_image":false,"_monsterinsights_skip_tracking":false,"_monsterinsights_sitenote_active":false,"_monsterinsights_sitenote_note":"","_monsterinsights_sitenote_category":0,"footnotes":""},"categories":[27],"tags":[1815,1817,1474,1816],"class_list":["post-115525","post","type-post","status-publish","format-standard","has-post-thumbnail","hentry","category-prnewswire","tag-a-lg-electronics-lg-esta-apresentando-sua-visao-para-uma-vida-avancada-baseada-em-ia-na-ifa-2025","tag-alemanha-sob-o-tema-lg-ai-appli","tag-em-berlim","tag-que-acontece-de-5-a-9-de-setembro"],"acf":[],"_links":{"self":[{"href":"https:\/\/bluestudio.estadao.com.br\/agencia-de-comunicacao\/wp-json\/wp\/v2\/posts\/115525","targetHints":{"allow":["GET"]}}],"collection":[{"href":"https:\/\/bluestudio.estadao.com.br\/agencia-de-comunicacao\/wp-json\/wp\/v2\/posts"}],"about":[{"href":"https:\/\/bluestudio.estadao.com.br\/agencia-de-comunicacao\/wp-json\/wp\/v2\/types\/post"}],"author":[{"embeddable":true,"href":"https:\/\/bluestudio.estadao.com.br\/agencia-de-comunicacao\/wp-json\/wp\/v2\/users\/1"}],"replies":[{"embeddable":true,"href":"https:\/\/bluestudio.estadao.com.br\/agencia-de-comunicacao\/wp-json\/wp\/v2\/comments?post=115525"}],"version-history":[{"count":0,"href":"https:\/\/bluestudio.estadao.com.br\/agencia-de-comunicacao\/wp-json\/wp\/v2\/posts\/115525\/revisions"}],"wp:featuredmedia":[{"embeddable":true,"href":"https:\/\/bluestudio.estadao.com.br\/agencia-de-comunicacao\/wp-json\/wp\/v2\/media\/115526"}],"wp:attachment":[{"href":"https:\/\/bluestudio.estadao.com.br\/agencia-de-comunicacao\/wp-json\/wp\/v2\/media?parent=115525"}],"wp:term":[{"taxonomy":"category","embeddable":true,"href":"https:\/\/bluestudio.estadao.com.br\/agencia-de-comunicacao\/wp-json\/wp\/v2\/categories?post=115525"},{"taxonomy":"post_tag","embeddable":true,"href":"https:\/\/bluestudio.estadao.com.br\/agencia-de-comunicacao\/wp-json\/wp\/v2\/tags?post=115525"}],"curies":[{"name":"wp","href":"https:\/\/api.w.org\/{rel}","templated":true}]}}