{"id":115507,"date":"2025-09-05T11:27:00","date_gmt":"2025-09-05T14:27:00","guid":{"rendered":"https:\/\/bluestudio.estadao.com.br\/agencia-de-comunicacao\/prnewswire\/techenabler-lanca-o-servico-techcloud-no-mind-the-sec\/"},"modified":"2025-09-05T11:27:00","modified_gmt":"2025-09-05T14:27:00","slug":"techenabler-lanca-o-servico-techcloud-no-mind-the-sec","status":"publish","type":"post","link":"https:\/\/bluestudio.estadao.com.br\/agencia-de-comunicacao\/prnewswire\/techenabler-lanca-o-servico-techcloud-no-mind-the-sec\/","title":{"rendered":"TechEnabler lan\u00e7a o servi\u00e7o TechCloud no Mind The Sec"},"content":{"rendered":"\n<div class=\"xn-content\">\n<b>  <span>A solu\u00e7\u00e3o em nuvem para defesa contra os ataques DDoS <\/span><\/b>\n <\/p>\n<p><i>Para proteger em toda a Am\u00e9rica Latina empresas de todos os tamanhos e setores<\/i>\n <\/p>\n<p><span class=\"legendSpanClass\">S\u00c3O PAULO<\/span>, <span class=\"legendSpanClass\">5 de setembro de 2025<\/span> \/PRNewswire\/ &#8212; A TechEnabler, empresa brasileira especializada em servi\u00e7os gerenciados com foco no desempenho e disponibilidade de redes (MSSP), lan\u00e7a no Mind The Sec 2025 a solu\u00e7\u00e3o TechCloud, para defesa em nuvem contra os ataques DDoS (Distributed Denial of Service) que impedem o funcionamento da rede.<\/p>\n<p>A solu\u00e7\u00e3o TechCloud \u00e9 comercializada pela TechEnabler no modelo Opex, com pagamento de acordo com os recursos utilizados. Ela se destina a ISPs (Internet Service Providers) e a empresas de qualquer setor ou tamanho. A TechEnabler assegura prote\u00e7\u00e3o contra os ataques DDoS em todo o territ\u00f3rio latino-americano.<\/p>\n<p><b>O Mind The Sec se realiza de 16 a 18 de setembro em S\u00e3o Paulo, no Transam\u00e9rica Expo Center. A TechEnabler estar\u00e1 no estande E108. <\/b>\n <\/p>\n<p><b>Por que o TechCloud?<\/b>\n <\/p>\n<p>Entre os servi\u00e7os de prote\u00e7\u00e3o em nuvem contra os ataques DDoS, o TechCloud, agora em lan\u00e7amento, chega com a for\u00e7a da marca TechEnabler, reconhecida no mercado brasileiro por seu padr\u00e3o de qualidade, contando com 100% de satisfa\u00e7\u00e3o dos clientes, e por sua independ\u00eancia em rela\u00e7\u00e3o a fornecedores de tecnologia, operadoras ou ISPs.<\/p>\n<p>As caracter\u00edsticas do TechCloud incluem:<\/p>\n<ul type=\"disc\">\n<li>A integra\u00e7\u00e3o das melhores tecnologias globais permite ao TechCloud mitigar os ataques sem interferir nos servi\u00e7os da rede;<\/li>\n<li>O acesso da TechEnabler a ampla rede de transporte assegurando extensa cobertura;<\/li>\n<li>Defesa desde a camada 3 at\u00e9 a camada 7, de aplica\u00e7\u00f5es;<\/li>\n<li>Portal de an\u00e1lise real-time para o cliente;<\/li>\n<li>Suporte premium 24 X 7.<\/li>\n<\/ul>\n<p><b>Prote\u00e7\u00e3o em nuvem, local ou h\u00edbrida <br \/><\/b>O servi\u00e7o TechCloud pode ser combinado ao LSaaS, o Local Scrubbing as a Service, j\u00e1 tradicionalmente prestado pela TechEnabler para prote\u00e7\u00e3o local de redes contra os ataques DDoS. Os servi\u00e7os de mitiga\u00e7\u00e3o de ataques DDoS podem ser contratados ? sempre com pagamento pela capacidade de recursos utilizados ? de maneira independente ou h\u00edbrida combinando LSaaS e TechCloud.<\/p>\n<p>\u00c1lvaro Aquino, diretor geral da TechEnabler destaca as vantagens do modelo h\u00edbrido, por oferecer defesa em profundidade, mitigando ataques tanto no per\u00edmetro da rede quanto em n\u00edvel global, dificultando a quebra das barreiras de seguran\u00e7a pelos diferentes tipos de ataque DDoS.  <\/p>\n<p id=\"PURL\">\n<img loading=\"lazy\" decoding=\"async\" title=\"Cision\" width=\"12\" height=\"12\" alt=\"Cision\" src=\"https:\/\/c212.net\/c\/img\/favicon.png?sn=PT66656&amp;sd=2025-09-05\" \/> View original content:<a id=\"PRNURL\" rel=\"nofollow\" href=\"https:\/\/www.prnewswire.com\/br\/comunicados-para-a-imprensa\/techenabler-lanca-o-servico-techcloud-no-mind-the-sec-302547769.html\" target=\"_blank\">https:\/\/www.prnewswire.com\/br\/comunicados-para-a-imprensa\/techenabler-lanca-o-servico-techcloud-no-mind-the-sec-302547769.html<\/a><\/p>\n<p>FONTE TechEnabler<\/p>\n<\/p><\/div>\n<p>  <img decoding=\"async\" alt=\"\" src=\"https:\/\/rt.prnewswire.com\/rt.gif?NewsItemId=PT66656&amp;Transmission_Id=202509051018PR_NEWS_LATAM____PT66656&amp;DateId=20250905\" style=\"border:0px;width:1px;height:1px\" \/><\/p>\n<p><strong>T\u00f3picos Relacionados:<\/strong> Novos Produtos\/Servi\u00e7os, Computa\u00e7\u00e3o em Nuvem\/Internet das Coisas, Seguran\u00e7a de Alta Tecnologia, Computador\/Eletr\u00f4nica<\/p>\n<p>A <b>OESP<\/b> n\u00e3o \u00e9(s\u00e3o) respons\u00e1vel(is) por erros, incorre\u00e7\u00f5es, atrasos ou quaisquer decis\u00f5es tomadas por seus clientes com base nos Conte\u00fados ora disponibilizados, bem como tais Conte\u00fados n\u00e3o representam a opini\u00e3o da <b>OESP<\/b> e s\u00e3o de inteira responsabilidade da <b>PR Newswire Ltda<\/b><\/p>\n","protected":false},"excerpt":{"rendered":"A solu\u00e7\u00e3o em nuvem para defesa contra os ataques DDoS Para proteger em toda a Am\u00e9rica Latina empresas de todos os tamanhos e setores S\u00c3O PAULO, 5 de setembro de 2025 \/PRNewswire\/ &#8212; A","protected":false},"author":1,"featured_media":115508,"comment_status":"open","ping_status":"closed","sticky":false,"template":"","format":"standard","meta":{"_acf_changed":false,"inline_featured_image":false,"_monsterinsights_skip_tracking":false,"_monsterinsights_sitenote_active":false,"_monsterinsights_sitenote_note":"","_monsterinsights_sitenote_category":0,"footnotes":""},"categories":[27],"tags":[684,1803,1804,1805],"class_list":["post-115507","post","type-post","status-publish","format-standard","has-post-thumbnail","hentry","category-prnewswire","tag-a-techenabler","tag-empresa-brasileira-especializada-em-servicos-gerenciados-com-foco-no-desempenho-e-disponibilidade-de-redes-mssp","tag-lanca-no-mind-the-sec-2025-a-solucao-techcloud","tag-p"],"acf":[],"_links":{"self":[{"href":"https:\/\/bluestudio.estadao.com.br\/agencia-de-comunicacao\/wp-json\/wp\/v2\/posts\/115507","targetHints":{"allow":["GET"]}}],"collection":[{"href":"https:\/\/bluestudio.estadao.com.br\/agencia-de-comunicacao\/wp-json\/wp\/v2\/posts"}],"about":[{"href":"https:\/\/bluestudio.estadao.com.br\/agencia-de-comunicacao\/wp-json\/wp\/v2\/types\/post"}],"author":[{"embeddable":true,"href":"https:\/\/bluestudio.estadao.com.br\/agencia-de-comunicacao\/wp-json\/wp\/v2\/users\/1"}],"replies":[{"embeddable":true,"href":"https:\/\/bluestudio.estadao.com.br\/agencia-de-comunicacao\/wp-json\/wp\/v2\/comments?post=115507"}],"version-history":[{"count":0,"href":"https:\/\/bluestudio.estadao.com.br\/agencia-de-comunicacao\/wp-json\/wp\/v2\/posts\/115507\/revisions"}],"wp:featuredmedia":[{"embeddable":true,"href":"https:\/\/bluestudio.estadao.com.br\/agencia-de-comunicacao\/wp-json\/wp\/v2\/media\/115508"}],"wp:attachment":[{"href":"https:\/\/bluestudio.estadao.com.br\/agencia-de-comunicacao\/wp-json\/wp\/v2\/media?parent=115507"}],"wp:term":[{"taxonomy":"category","embeddable":true,"href":"https:\/\/bluestudio.estadao.com.br\/agencia-de-comunicacao\/wp-json\/wp\/v2\/categories?post=115507"},{"taxonomy":"post_tag","embeddable":true,"href":"https:\/\/bluestudio.estadao.com.br\/agencia-de-comunicacao\/wp-json\/wp\/v2\/tags?post=115507"}],"curies":[{"name":"wp","href":"https:\/\/api.w.org\/{rel}","templated":true}]}}