{"id":115505,"date":"2025-09-05T12:42:00","date_gmt":"2025-09-05T15:42:00","guid":{"rendered":"https:\/\/bluestudio.estadao.com.br\/agencia-de-comunicacao\/prnewswire\/cinco-motivos-para-nao-perder-a-fiee-2025\/"},"modified":"2025-09-05T12:42:00","modified_gmt":"2025-09-05T15:42:00","slug":"cinco-motivos-para-nao-perder-a-fiee-2025","status":"publish","type":"post","link":"https:\/\/bluestudio.estadao.com.br\/agencia-de-comunicacao\/prnewswire\/cinco-motivos-para-nao-perder-a-fiee-2025\/","title":{"rendered":"Cinco motivos para n\u00e3o perder a FIEE 2025"},"content":{"rendered":"\n<div class=\"xn-content\">\n<p class=\"prntac\"><i>De 9 a 12 de setembro, no S\u00e3o Paulo Expo, feira internacional da ind\u00fastria el\u00e9trica e eletr\u00f4nica re\u00fane tecnologias, inova\u00e7\u00f5es, conte\u00fado relevantes e experi\u00eancias \u00fanicas para profissionais do setor<\/i>\n <\/p>\n<p><span class=\"legendSpanClass\">S\u00c3O PAULO<\/span>, <span class=\"legendSpanClass\">5 de setembro de 2025<\/span> \/PRNewswire\/ &#8212; A FIEE ? Feira Internacional da Ind\u00fastria El\u00e9trica, Eletr\u00f4nica, Energia e Automa\u00e7\u00e3o ser\u00e1 realizada entre os dias 9 e 12 de setembro, no S\u00e3o Paulo Expo, na capital paulista, como o maior encontro do setor no Brasil. Em mais de 10 mil metros quadrados de \u00e1rea expositiva, o evento vai reunir representantes de todas as verticais da ind\u00fastria com expectativa de atrair mais de 40 mil visitantes altamente qualificados.<\/p>\n<div class=\"PRN_ImbeddedAssetReference\" id=\"DivAssetPlaceHolder5261\">\n  <a href=\"https:\/\/mma.prnewswire.com\/media\/2765851\/PR___Cinco_motivos_para_n_o_perder_a_FIEE_2025.html\" target=\"_blank\" rel=\"nofollow\"> <img decoding=\"async\" src=\"https:\/\/mma.prnewswire.com\/media\/2765851\/PR___Cinco_motivos_para_n_o_perder_a_FIEE_2025.jpg\" title=\"Em mais de 10 mil metros quadrados de \u00e1rea expositiva, FIEE vai reunir representantes de todas as verticais da ind\u00fastria\" alt=\"Em mais de 10 mil metros quadrados de \u00e1rea expositiva, FIEE vai reunir representantes de todas as verticais da ind\u00fastria\" \/>  <\/a>\n<\/p>\n<\/p><\/div>\n<p>Com mais de 60 anos de hist\u00f3ria, a FIEE \u00e9 reconhecida como a \u00fanica feira de neg\u00f3cios do pa\u00eds que conecta m\u00faltiplos setores em um s\u00f3 lugar, trazendo equipamentos, solu\u00e7\u00f5es e tend\u00eancias para automa\u00e7\u00e3o industrial, el\u00e9trica, GTDC (Gera\u00e7\u00e3o, Transmiss\u00e3o, Distribui\u00e7\u00e3o e Comercializa\u00e7\u00e3o de energia), IoT e infraestrutura de redes.<\/p>\n<p>A seguir, conhe\u00e7a 5 motivos para n\u00e3o perder a FIEE 2025:<\/p>\n<p><b>1. Tecnologias que impulsionam a ind\u00fastria<\/b>\n <\/p>\n<p>A base da ind\u00fastria moderna passa pela eletricidade, energia e automa\u00e7\u00e3o. E a FIEE \u00e9 o ponto de encontro que concentra todas essas frentes em um s\u00f3 lugar. Em sua trajet\u00f3ria, a feira consolidou-se como a \u00fanica no Brasil capaz de reunir, em escala internacional, solu\u00e7\u00f5es integradas para diversos segmentos produtivos, da constru\u00e7\u00e3o civil \u00e0 mobilidade, da gera\u00e7\u00e3o de energia \u00e0s telecomunica\u00e7\u00f5es.<\/p>\n<p>Nesta edi\u00e7\u00e3o, os visitantes ter\u00e3o acesso a um portf\u00f3lio completo de inova\u00e7\u00f5es. Isso significa oportunidades \u00fanicas para acompanhar de perto as transforma\u00e7\u00f5es tecnol\u00f3gicas que impactam desde a efici\u00eancia energ\u00e9tica at\u00e9 a digitaliza\u00e7\u00e3o dos processos fabris, passando por seguran\u00e7a operacional, redu\u00e7\u00e3o de custos e sustentabilidade.<\/p>\n<p>Mais do que um ambiente de neg\u00f3cios, a FIEE \u00e9 um espa\u00e7o estrat\u00e9gico de atualiza\u00e7\u00e3o e capacita\u00e7\u00e3o profissional, com conte\u00fado e demonstra\u00e7\u00f5es que antecipam as tend\u00eancias que v\u00e3o moldar a ind\u00fastria 4.0 e a transi\u00e7\u00e3o energ\u00e9tica no Brasil.<\/p>\n<p><b>2. Congresso da Ind\u00fastria Eletroeletr\u00f4nica<\/b>\n <\/p>\n<p>Pela primeira vez, a FIEE ser\u00e1 palco do Congresso da Ind\u00fastria Eletroeletr\u00f4nica, iniciativa in\u00e9dita que transforma a feira em um espa\u00e7o ainda mais completo de conhecimento e discuss\u00e3o de tend\u00eancias globais. A programa\u00e7\u00e3o acontecer\u00e1 de 9 a 11 de setembro, das 13h \u00e0s 19h, em paralelo \u00e0 exposi\u00e7\u00e3o, reunindo especialistas, executivos e formadores de opini\u00e3o para uma imers\u00e3o nos temas que est\u00e3o moldando o futuro do setor.<\/p>\n<p>O congresso foi concebido como uma plataforma estrat\u00e9gica de debates sobre inova\u00e7\u00e3o, transi\u00e7\u00e3o energ\u00e9tica e transforma\u00e7\u00e3o industrial, com curadoria t\u00e9cnica de alto n\u00edvel e participa\u00e7\u00e3o de nomes de peso do mercado. Cada dia ter\u00e1 um eixo tem\u00e1tico exclusivo, permitindo aprofundar discuss\u00f5es e gerar insights pr\u00e1ticos para diferentes p\u00fablicos: ind\u00fastria el\u00e9trica e eletr\u00f4nica; eletromobilidade al\u00e9m das metas ESG; e seguran\u00e7a energ\u00e9tica.<\/p>\n<p>O congresso vai oferecer um ambiente de networking qualificado, com coquet\u00e9is de relacionamento ao final de cada dia, aproximando l\u00edderes e profissionais em busca de novas parcerias. Os participantes ainda receber\u00e3o certificado oficial, refor\u00e7ando o car\u00e1ter formativo do encontro.<\/p>\n<p>Com <a href=\"https:\/\/www.fiee.com.br\/pt-br\/congresso-fiee.html\" target=\"_blank\" rel=\"nofollow\">ingressos dispon\u00edveis<\/a> em formato Day Pass ou passaporte completo, o Congresso da Ind\u00fastria Eletroeletr\u00f4nica se posiciona como um dos momentos mais relevantes da FIEE 2025.<\/p>\n<p><b>3. Marcas globais e inova\u00e7\u00f5es in\u00e9ditas<\/b>\n <\/p>\n<p>A for\u00e7a da FIEE tamb\u00e9m est\u00e1 na presen\u00e7a maci\u00e7a de marcas l\u00edderes que movimentam o setor. Em 2025, o evento tem mais de 600 marcas confirmadas, um crescimento de 20% em rela\u00e7\u00e3o \u00e0 \u00faltima edi\u00e7\u00e3o, ocupando uma \u00e1rea total de 10 mil metros quadrados. A expectativa \u00e9 superar a marca de R$ 2 bilh\u00f5es em neg\u00f3cios, o que consolida a feira como a maior plataforma de relacionamento e oportunidades para a ind\u00fastria el\u00e9trica e eletr\u00f4nica no Brasil.<\/p>\n<p>Estar\u00e3o presentes fabricantes globais, fornecedores nacionais e startups que trazem inova\u00e7\u00f5es disruptivas em equipamentos, sistemas e solu\u00e7\u00f5es para todos os segmentos: da automa\u00e7\u00e3o industrial \u00e0 eletromobilidade, da infraestrutura energ\u00e9tica \u00e0 conectividade digital. Essa diversidade transforma a feira em um verdadeiro mapa das tend\u00eancias que v\u00e3o guiar o setor nos pr\u00f3ximos anos.<\/p>\n<p>Outro diferencial \u00e9 que, em 2025, a FIEE ser\u00e1 realizada simultaneamente \u00e0 Febrava ? feira internacional de refrigera\u00e7\u00e3o, ar-condicionado, ventila\u00e7\u00e3o, aquecimento e tratamento do ar. Essa sinergia amplia o alcance dos visitantes e cria um ambiente \u00fanico de cross-networking, reunindo profissionais de m\u00faltiplas cadeias produtivas que buscam solu\u00e7\u00f5es integradas em efici\u00eancia energ\u00e9tica, sustentabilidade e inova\u00e7\u00e3o.<\/p>\n<p><b>4. Institui\u00e7\u00f5es de refer\u00eancia e experi\u00eancias imersivas<\/b>\n <\/p>\n<p>Al\u00e9m da parceria institucional da Abinee (Associa\u00e7\u00e3o Brasileira da Ind\u00fastria El\u00e9trica e Eletr\u00f4nica), a FIEE contar\u00e1 com a presen\u00e7a da Escola M\u00f3vel de Conectividade do SENAI-SP, um projeto inovador que leva treinamento especializado para diferentes regi\u00f5es do pa\u00eds. A unidade itinerante combina teoria e pr\u00e1tica para atender \u00e0s demandas da ind\u00fastria e oferecer ao visitante uma imers\u00e3o no universo da conectividade aplicada.<\/p>\n<p>Na feira, o p\u00fablico ter\u00e1 acesso a demonstra\u00e7\u00f5es exclusivas que unem m\u00faltiplas tecnologias digitais em um mesmo espa\u00e7o: realidade aumentada, 5G, internet t\u00e1til, internet das coisas (IoT), intelig\u00eancia artificial, ve\u00edculos el\u00e9tricos aut\u00f4nomos e aplica\u00e7\u00f5es de baixa lat\u00eancia em automa\u00e7\u00e3o.<\/p>\n<p>Os participantes poder\u00e3o acompanhar o funcionamento dessas solu\u00e7\u00f5es em tempo real, por meio de exerc\u00edcios pr\u00e1ticos e intera\u00e7\u00f5es com um dashboard exclusivo da Finder, conectado aos equipamentos instalados no estande. A iniciativa refor\u00e7a o compromisso do SENAI-SP com a qualifica\u00e7\u00e3o profissional e mostra, de forma acess\u00edvel e interativa, como a digitaliza\u00e7\u00e3o e a conectividade transformam a ind\u00fastria brasileira.<\/p>\n<p><b>5. Pista de kart el\u00e9trico indoor<\/b>\n <\/p>\n<p>Entre os grandes diferenciais da FIEE 2025 est\u00e1 a possibilidade de viver o futuro da mobilidade sustent\u00e1vel. Em uma \u00e1rea de cerca de 2 mil metros quadrados, os visitantes ter\u00e3o acesso gratuito a uma pista de kart el\u00e9trico indoor de alta performance, equipada com 12 ve\u00edculos totalmente el\u00e9tricos e preparados para baterias de dez minutos. A a\u00e7\u00e3o, in\u00e9dita em feiras do setor, ser\u00e1 realizada em parceria com a E-Karts Brasil, pioneira no desenvolvimento de karts 100% el\u00e9tricos no pa\u00eds.<\/p>\n<p>Muito al\u00e9m da divers\u00e3o, a experi\u00eancia mostra como a eletrifica\u00e7\u00e3o transforma at\u00e9 mesmo o universo do esporte e do entretenimento. Os karts s\u00e3o silenciosos, n\u00e3o emitem poluentes e oferecem desempenho elevado, traduzindo em tempo real o que j\u00e1 \u00e9 realidade no setor automotivo mundial. Outro destaque \u00e9 a acessibilidade: os ve\u00edculos foram adaptados para garantir a participa\u00e7\u00e3o de crian\u00e7as, adultos e pessoas com defici\u00eancia intelectual, o que torna a atividade inclusiva e segura.<\/p>\n<p>Ao proporcionar essa viv\u00eancia in\u00e9dita dentro de uma feira de neg\u00f3cios, a FIEE cria um espa\u00e7o em que o visitante n\u00e3o apenas conhece novas tecnologias, mas sente na pr\u00e1tica os avan\u00e7os que estar\u00e3o presentes no dia a dia das pr\u00f3ximas gera\u00e7\u00f5es.<\/p>\n<p><b>Credenciamento gratuito<\/b>\n <\/p>\n<p>O credenciamento para visitar a FIEE pode ser feito pelo <a href=\"https:\/\/www.fiee.com.br\/pt-br\/credenciamento.html\" target=\"_blank\" rel=\"nofollow\">site oficial<\/a>. Ao se registrar antecipadamente, o visitante evita filas e recebe recomenda\u00e7\u00f5es personalizadas de expositores e produtos alinhados ao seu perfil.<\/p>\n<p><b>Blog<br \/><\/b>A cobertura completa da 32\u00aa edi\u00e7\u00e3o da FIEE pode ser conferida no blog: <a href=\"https:\/\/imprensafiee.wordpress.com\/\" target=\"_blank\" rel=\"nofollow\">https:\/\/imprensafiee.wordpress.com\/<\/a><\/p>\n<p><b>Servi\u00e7o<br \/><\/b><i>  <u>FIEE ? Feira Internacional da Ind\u00fastria El\u00e9trica, Eletr\u00f4nica, Energia e Automa\u00e7\u00e3o<br \/><\/u><\/i><br \/>\n<b>Data:<\/b> De 9 a 12 de setembro de 2025<br \/><b>Local:<\/b> S\u00e3o Paulo Expo ? S\u00e3o Paulo\/SP<br \/><b>Endere\u00e7o:<\/b> Rodovia dos Imigrantes, Km 1,5 ? \u00c1gua Funda<\/p>\n<p><b>Sobre a FIEE <\/b>\n <\/p>\n<p>A FIEE (Feira Internacional da Ind\u00fastria El\u00e9trica, Eletr\u00f4nica, Energia, Automa\u00e7\u00e3o e Conectividade) est\u00e1 h\u00e1 mais de 60 anos no calend\u00e1rio do mercado, e este ano ser\u00e1 realizada entre os dias 09 e 12 de setembro de 2025, no S\u00e3o Paulo Expo, em S\u00e3o Paulo (SP). O evento, realizado em parceria com a Abinee (Associa\u00e7\u00e3o Brasileira da Ind\u00fastria El\u00e9trica e Eletr\u00f4nica), \u00e9 promovido e organizado pela RX e \u00e9 o \u00fanico do Brasil a apresentar solu\u00e7\u00f5es e alta tecnologia para a ind\u00fastria. Re\u00fane, a cada dois anos, milhares de profissionais de diferentes segmentos da ind\u00fastria e centenas de marcas expositoras.<\/p>\n<p>Foto &#8211; <a href=\"https:\/\/mma.prnewswire.com\/media\/2765851\/PR___Cinco_motivos_para_n_o_perder_a_FIEE_2025.jpg\" target=\"_blank\" rel=\"nofollow\">https:\/\/mma.prnewswire.com\/media\/2765851\/PR___Cinco_motivos_para_n_o_perder_a_FIEE_2025.jpg<\/a><\/p>\n<\/p>\n<div class=\"PRN_ImbeddedAssetReference\" id=\"DivAssetPlaceHolder0\"><\/div>\n<p id=\"PURL\">\n<img loading=\"lazy\" decoding=\"async\" title=\"Cision\" width=\"12\" height=\"12\" alt=\"Cision\" src=\"https:\/\/c212.net\/c\/img\/favicon.png?sn=PT66706&amp;sd=2025-09-05\" \/> View original content to download multimedia:<a id=\"PRNURL\" rel=\"nofollow\" href=\"https:\/\/www.prnewswire.com\/br\/comunicados-para-a-imprensa\/cinco-motivos-para-nao-perder-a-fiee-2025-302547833.html\" target=\"_blank\">https:\/\/www.prnewswire.com\/br\/comunicados-para-a-imprensa\/cinco-motivos-para-nao-perder-a-fiee-2025-302547833.html<\/a><\/p>\n<p>FONTE FIEE<\/p>\n<\/p><\/div>\n<p>  <img decoding=\"async\" alt=\"\" src=\"https:\/\/rt.prnewswire.com\/rt.gif?NewsItemId=PT66706&amp;Transmission_Id=202509051125PR_NEWS_LATAM____PT66706&amp;DateId=20250905\" style=\"border:0px;width:1px;height:1px\" \/><\/p>\n<p><strong>T\u00f3picos Relacionados:<\/strong> Not\u00edcias de Feiras Comerciais, Servi\u00e7os P\u00fablicos, Concession\u00e1rias de Energia El\u00e9trica, Petr\u00f3leo\/Energia, Computador\/Eletr\u00f4nica, Automa\u00e7\u00e3o de Design Eletr\u00f4nico<\/p>\n<p>A <b>OESP<\/b> n\u00e3o \u00e9(s\u00e3o) respons\u00e1vel(is) por erros, incorre\u00e7\u00f5es, atrasos ou quaisquer decis\u00f5es tomadas por seus clientes com base nos Conte\u00fados ora disponibilizados, bem como tais Conte\u00fados n\u00e3o representam a opini\u00e3o da <b>OESP<\/b> e s\u00e3o de inteira responsabilidade da <b>PR Newswire Ltda<\/b><\/p>\n","protected":false},"excerpt":{"rendered":"De 9 a 12 de setembro, no S\u00e3o Paulo Expo, feira internacional da ind\u00fastria el\u00e9trica e eletr\u00f4nica re\u00fane tecnologias, inova\u00e7\u00f5es, conte\u00fado relevantes e experi\u00eancias \u00fanicas para profissionais do","protected":false},"author":1,"featured_media":115506,"comment_status":"open","ping_status":"closed","sticky":false,"template":"","format":"standard","meta":{"_acf_changed":false,"inline_featured_image":false,"_monsterinsights_skip_tracking":false,"_monsterinsights_sitenote_active":false,"_monsterinsights_sitenote_note":"","_monsterinsights_sitenote_category":0,"footnotes":""},"categories":[27],"tags":[1797,1802,1798,1799,1801,1800],"class_list":["post-115505","post","type-post","status-publish","format-standard","has-post-thumbnail","hentry","category-prnewswire","tag-a-fiee-feira-internacional-da-industria-eletrica","tag-como-o","tag-eletronica","tag-energia-e-automacao-sera-realizada-entre-os-dias-9-e-12-de-setembro","tag-na-capital-paulista","tag-no-sao-paulo-expo"],"acf":[],"_links":{"self":[{"href":"https:\/\/bluestudio.estadao.com.br\/agencia-de-comunicacao\/wp-json\/wp\/v2\/posts\/115505","targetHints":{"allow":["GET"]}}],"collection":[{"href":"https:\/\/bluestudio.estadao.com.br\/agencia-de-comunicacao\/wp-json\/wp\/v2\/posts"}],"about":[{"href":"https:\/\/bluestudio.estadao.com.br\/agencia-de-comunicacao\/wp-json\/wp\/v2\/types\/post"}],"author":[{"embeddable":true,"href":"https:\/\/bluestudio.estadao.com.br\/agencia-de-comunicacao\/wp-json\/wp\/v2\/users\/1"}],"replies":[{"embeddable":true,"href":"https:\/\/bluestudio.estadao.com.br\/agencia-de-comunicacao\/wp-json\/wp\/v2\/comments?post=115505"}],"version-history":[{"count":0,"href":"https:\/\/bluestudio.estadao.com.br\/agencia-de-comunicacao\/wp-json\/wp\/v2\/posts\/115505\/revisions"}],"wp:featuredmedia":[{"embeddable":true,"href":"https:\/\/bluestudio.estadao.com.br\/agencia-de-comunicacao\/wp-json\/wp\/v2\/media\/115506"}],"wp:attachment":[{"href":"https:\/\/bluestudio.estadao.com.br\/agencia-de-comunicacao\/wp-json\/wp\/v2\/media?parent=115505"}],"wp:term":[{"taxonomy":"category","embeddable":true,"href":"https:\/\/bluestudio.estadao.com.br\/agencia-de-comunicacao\/wp-json\/wp\/v2\/categories?post=115505"},{"taxonomy":"post_tag","embeddable":true,"href":"https:\/\/bluestudio.estadao.com.br\/agencia-de-comunicacao\/wp-json\/wp\/v2\/tags?post=115505"}],"curies":[{"name":"wp","href":"https:\/\/api.w.org\/{rel}","templated":true}]}}