{"id":115497,"date":"2025-09-05T20:12:00","date_gmt":"2025-09-05T23:12:00","guid":{"rendered":"https:\/\/bluestudio.estadao.com.br\/agencia-de-comunicacao\/prnewswire\/cgtn-evento-do-dia-da-vitoria-homenageia-a-historia-e-promove-o-caminho-da-paz\/"},"modified":"2025-09-05T20:12:00","modified_gmt":"2025-09-05T23:12:00","slug":"cgtn-evento-do-dia-da-vitoria-homenageia-a-historia-e-promove-o-caminho-da-paz","status":"publish","type":"post","link":"https:\/\/bluestudio.estadao.com.br\/agencia-de-comunicacao\/prnewswire\/cgtn-evento-do-dia-da-vitoria-homenageia-a-historia-e-promove-o-caminho-da-paz\/","title":{"rendered":"CGTN: evento do Dia da Vit\u00f3ria homenageia a hist\u00f3ria e promove o caminho da paz"},"content":{"rendered":"\n<div class=\"xn-content\">\n<p><span class=\"legendSpanClass\">PEQUIM<\/span>, <span class=\"legendSpanClass\">5 de setembro de 2025<\/span> \/PRNewswire\/ &#8212; <i>A China realizou na noite de quarta-feira um evento comemorativo marcando o 80.\u00ba anivers\u00e1rio da vit\u00f3ria na Guerra de Resist\u00eancia do Povo Chin\u00eas contra a Agress\u00e3o Japonesa e da Guerra Mundial Antifascista. A CGTN cobriu o evento com um artigo que explora a luta \u00e9pica de 14 anos, prestando homenagem aos her\u00f3is ca\u00eddos e refletindo sobre um passado doloroso. O artigo tamb\u00e9m enfatizou que lembrar a hist\u00f3ria n\u00e3o \u00e9 sobre espalhar \u00f3dio, mas sobre defender a paz e criar um futuro melhor. <\/i><\/p>\n<p>Oitenta e dois anos atr\u00e1s, na vila de Liulaozhuang, na prov\u00edncia de Jiangsu, leste da China, 82 soldados chineses fizeram o sacrif\u00edcio final para proteger os moradores locais ao enfrentar uma for\u00e7a japonesa 20 vezes maior que a deles. Ao receberem a not\u00edcia das mortes, os moradores escolheram 82 jovens para se juntar \u00e0 companhia de soldados, conferindo \u00e0 vila o t\u00edtulo de &#8220;Heroica Vila de Liulaozhuang&#8221;.<\/p>\n<p>Este momento hist\u00f3rico ganhou vida atrav\u00e9s de um programa intitulado &#8220;O Imortal Liulaozhuang&#8221; durante o evento comemorativo do 80.\u00ba anivers\u00e1rio da vit\u00f3ria na Guerra de Resist\u00eancia do Povo Chin\u00eas contra a Agress\u00e3o Japonesa e da Guerra Mundial Antifascista, realizado no Grande Sal\u00e3o do Povo em Pequim na noite de quarta-feira.<\/p>\n<p>O evento, com o tema &#8220;Lembrando a Hist\u00f3ria, Honrando os Her\u00f3is Ca\u00eddos, Valorizando a Paz e Olhando para o Futuro&#8221;, durou cerca de 90 minutos. O evento contou com apresenta\u00e7\u00f5es de canto e dan\u00e7a que tra\u00e7aram momentos cruciais na resist\u00eancia de 14 anos da China contra a agress\u00e3o japonesa, trazendo \u00e0 vida as hist\u00f3rias de uma luta \u00e1rdua que serviu como o principal teatro oriental da Guerra Mundial Antifascista.<\/p>\n<p>Exibindo a resist\u00eancia militar e civil chinesa contra um ex\u00e9rcito japon\u00eas muito mais forte, os programas retrataram o grande esp\u00edrito de resist\u00eancia cultivado durante a guerra, exemplificado pela cren\u00e7a do povo chin\u00eas de que o destino da na\u00e7\u00e3o \u00e9 sua responsabilidade, sua f\u00e9 inabal\u00e1vel na integridade nacional que os capacitou a nunca ceder diante da morte certa, um hero\u00edsmo que lhes deu coragem para lutar at\u00e9 o fim e uma cren\u00e7a firme e indom\u00e1vel na vit\u00f3ria.<\/p>\n<p>Al\u00e9m de comemorar e prestar homenagem aos eventos hist\u00f3ricos e her\u00f3is, os programas, que abrangem o desenvolvimento da China nos \u00faltimos 80 anos, tamb\u00e9m celebraram as conquistas do pa\u00eds nas \u00faltimas d\u00e9cadas e expressaram o anseio e a vis\u00e3o para a nova era da China avan\u00e7ar na busca de uma vida melhor a partir das profundezas da hist\u00f3ria.<\/p>\n<p>Levando o esp\u00edrito da resist\u00eancia adiante<\/p>\n<p>Um grande n\u00famero de jovens diretores e roteiristas nascidos na d\u00e9cada de 1990 participou da cria\u00e7\u00e3o, dirigindo e produzindo alguns dos programas do evento, expondo o esp\u00edrito de resist\u00eancia sob seu ponto de vista.<\/p>\n<p>No entanto, assim como a juventude esteve na linha de frente da luta da China contra a agress\u00e3o, ela tamb\u00e9m est\u00e1 na linha de frente em manter vivo hoje o esp\u00edrito de resili\u00eancia e resist\u00eancia.<\/p>\n<p>Mais da metade dos artistas eram jovens com pouco mais de 20 anos, que adquiriram uma compreens\u00e3o mais profunda do sacrif\u00edcio de seus antecessores, do esp\u00edrito de resist\u00eancia e da import\u00e2ncia de valorizar a paz.<\/p>\n<p>Hoje, a China iniciou sua jornada em busca da moderniza\u00e7\u00e3o chinesa em todas as frentes, o que exige cada vez mais que o povo chin\u00eas, especialmente os jovens, carregue adiante o esp\u00edrito de resist\u00eancia, libere sua maior paix\u00e3o e dedique sua for\u00e7a e habilidades para lutar pelo grande rejuvenescimento da na\u00e7\u00e3o chinesa.<\/p>\n<p><a href=\"https:\/\/news.cgtn.com\/news\/2025-09-04\/V-Day-gala-honors-history-promotes-path-of-peace-1GntadHzGGQ\/p.html\" target=\"_blank\" rel=\"nofollow\">https:\/\/news.cgtn.com\/news\/2025-09-04\/V-Day-gala-honors-history-promotes-path-of-peace-1GntadHzGGQ\/p.html<\/a>\n <\/p>\n<p id=\"PURL\">\n<img loading=\"lazy\" decoding=\"async\" title=\"Cision\" width=\"12\" height=\"12\" alt=\"Cision\" src=\"https:\/\/c212.net\/c\/img\/favicon.png?sn=PT65418&amp;sd=2025-09-05\" \/> View original content:<a id=\"PRNURL\" rel=\"nofollow\" href=\"https:\/\/www.prnewswire.com\/br\/comunicados-para-a-imprensa\/cgtn-evento-do-dia-da-vitoria-homenageia-a-historia-e-promove-o-caminho-da-paz-302548157.html\" target=\"_blank\">https:\/\/www.prnewswire.com\/br\/comunicados-para-a-imprensa\/cgtn-evento-do-dia-da-vitoria-homenageia-a-historia-e-promove-o-caminho-da-paz-302548157.html<\/a><\/p>\n<p>FONTE CGTN<\/p>\n<\/p><\/div>\n<p>  <img decoding=\"async\" alt=\"\" src=\"https:\/\/rt.prnewswire.com\/rt.gif?NewsItemId=PT65418&amp;Transmission_Id=202509051902PR_NEWS_LATAM____PT65418&amp;DateId=20250905\" style=\"border:0px;width:1px;height:1px\" \/><\/p>\n<p><strong>T\u00f3picos Relacionados:<\/strong> Multim\u00eddia\/Online\/Internet, Publica\u00e7\u00e3o \/ Servi\u00e7os de Informa\u00e7\u00e3o, Computador\/Eletr\u00f4nica, Advocacia\/Opini\u00e3o de Grupo<\/p>\n<p>A <b>OESP<\/b> n\u00e3o \u00e9(s\u00e3o) respons\u00e1vel(is) por erros, incorre\u00e7\u00f5es, atrasos ou quaisquer decis\u00f5es tomadas por seus clientes com base nos Conte\u00fados ora disponibilizados, bem como tais Conte\u00fados n\u00e3o representam a opini\u00e3o da <b>OESP<\/b> e s\u00e3o de inteira responsabilidade da <b>PR Newswire Ltda<\/b><\/p>\n","protected":false},"excerpt":{"rendered":"PEQUIM, 5 de setembro de 2025 \/PRNewswire\/ &#8212; A China realizou na noite de quarta-feira um evento comemorativo marcando o 80.\u00ba anivers\u00e1rio da vit\u00f3ria na Guerra de Resist\u00eancia do Povo Chin\u00eas","protected":false},"author":1,"featured_media":115498,"comment_status":"open","ping_status":"closed","sticky":false,"template":"","format":"standard","meta":{"_acf_changed":false,"inline_featured_image":false,"_monsterinsights_skip_tracking":false,"_monsterinsights_sitenote_active":false,"_monsterinsights_sitenote_note":"","_monsterinsights_sitenote_category":0,"footnotes":""},"categories":[27],"tags":[1786],"class_list":["post-115497","post","type-post","status-publish","format-standard","has-post-thumbnail","hentry","category-prnewswire","tag-a-china-realizou-na-noite-de-quarta-feira-um-evento-comemorativo-marcando-o-80-o-aniversario-da-vitoria-na-guerra-de-resistencia-do-povo-chines-contra-a-agressao-japonesa-e-da"],"acf":[],"_links":{"self":[{"href":"https:\/\/bluestudio.estadao.com.br\/agencia-de-comunicacao\/wp-json\/wp\/v2\/posts\/115497","targetHints":{"allow":["GET"]}}],"collection":[{"href":"https:\/\/bluestudio.estadao.com.br\/agencia-de-comunicacao\/wp-json\/wp\/v2\/posts"}],"about":[{"href":"https:\/\/bluestudio.estadao.com.br\/agencia-de-comunicacao\/wp-json\/wp\/v2\/types\/post"}],"author":[{"embeddable":true,"href":"https:\/\/bluestudio.estadao.com.br\/agencia-de-comunicacao\/wp-json\/wp\/v2\/users\/1"}],"replies":[{"embeddable":true,"href":"https:\/\/bluestudio.estadao.com.br\/agencia-de-comunicacao\/wp-json\/wp\/v2\/comments?post=115497"}],"version-history":[{"count":0,"href":"https:\/\/bluestudio.estadao.com.br\/agencia-de-comunicacao\/wp-json\/wp\/v2\/posts\/115497\/revisions"}],"wp:featuredmedia":[{"embeddable":true,"href":"https:\/\/bluestudio.estadao.com.br\/agencia-de-comunicacao\/wp-json\/wp\/v2\/media\/115498"}],"wp:attachment":[{"href":"https:\/\/bluestudio.estadao.com.br\/agencia-de-comunicacao\/wp-json\/wp\/v2\/media?parent=115497"}],"wp:term":[{"taxonomy":"category","embeddable":true,"href":"https:\/\/bluestudio.estadao.com.br\/agencia-de-comunicacao\/wp-json\/wp\/v2\/categories?post=115497"},{"taxonomy":"post_tag","embeddable":true,"href":"https:\/\/bluestudio.estadao.com.br\/agencia-de-comunicacao\/wp-json\/wp\/v2\/tags?post=115497"}],"curies":[{"name":"wp","href":"https:\/\/api.w.org\/{rel}","templated":true}]}}