{"id":115471,"date":"2025-09-08T09:12:00","date_gmt":"2025-09-08T12:12:00","guid":{"rendered":"https:\/\/bluestudio.estadao.com.br\/agencia-de-comunicacao\/releases\/releases-geral\/dakila-pesquisas-anuncia-a-descoberta-da-oitava-nota-musical-chamada-kall\/"},"modified":"2025-09-08T09:12:00","modified_gmt":"2025-09-08T12:12:00","slug":"dakila-pesquisas-anuncia-a-descoberta-da-oitava-nota-musical-chamada-kall","status":"publish","type":"post","link":"https:\/\/bluestudio.estadao.com.br\/agencia-de-comunicacao\/releases\/releases-geral\/dakila-pesquisas-anuncia-a-descoberta-da-oitava-nota-musical-chamada-kall\/","title":{"rendered":"Dakila Pesquisas anuncia a descoberta da oitava nota musical, chamada kall"},"content":{"rendered":"<p align=\"left\">S\u00c3O PAULO, Sept.  08, 2025  (GLOBE NEWSWIRE) &#8212; A Associa\u00e7\u00e3o Dakila Pesquisas anunciou a descoberta de uma oitava nota musical, nomeada kall. O an\u00fancio foi feito live no <a href=\"https:\/\/www.globenewswire.com\/Tracker?data=OkwNn-NRrgSB_YScQvX8r9_MBLI3S72pdBCCMBz1UlvulFR-0_DqOUqGizl3GlGBcqxnktUhadH7DQ3kLzzuSZ4IpKkRHt1HRiRNcKW1S3g=\" rel=\"nofollow\" target=\"_blank\">YouTube<\/a> pelo presidente da entidade, Urandir Fernandes de Oliveira, em parceria com o maestro e violonista Robson Miguel. A novidade \u00e9 fruto de d\u00e9cadas de estudos realizados pela equipe multidisciplinar de Dakila, que uniram expedi\u00e7\u00f5es arqueol\u00f3gicas, observa\u00e7\u00f5es de campo e pr\u00e1ticas musicais.<\/p>\n<p align=\"justify\">Segundo Urandir, o primeiro contato com a nota ocorreu em 1992, quando pesquisadores faziam buscas por ru\u00ednas na regi\u00e3o de Nova Brasil do Sul (RO). Encontramos uma pedra com milhares de inscri\u00e7\u00f5es, sendo uma delas a kall. Desde ent\u00e3o, identificamos o mesmo s\u00edmbolo em outras cidades brasileiras, revelou.<\/p>\n<p align=\"justify\">A kall, segundo os pesquisadores, \u00e9 uma resson\u00e2ncia estabilizadora e universal, percebida quando o som ultrapassa a repeti\u00e7\u00e3o das sete notas convencionais e se mistura a harm\u00f4nicos naturais. \u00c9 uma vibra\u00e7\u00e3o que a natureza j\u00e1 nos mostrava, e que ressoa n\u00e3o s\u00f3 com pessoas, mas tamb\u00e9m animais e plantas, destacou Urandir.<\/p>\n<p align=\"justify\">Ele afirma que os povos antigos j\u00e1 conheciam a kall, utilizando-a em can\u00e7\u00f5es e rituais. A kall possui uma frequ\u00eancia vibrat\u00f3ria \u00fanica, capaz de influenciar positivamente o timo e gerar paz, lucidez e sa\u00fade. \u00c9 o oposto das m\u00fasicas de baixa frequ\u00eancia que hoje promovem apatia e comportamentos destrutivos, explicou o presidente de Dakila.<\/p>\n<p align=\"justify\">O maestro Robson Miguel refor\u00e7ou que a nova nota n\u00e3o pode ser explicada apenas por c\u00e1lculos matem\u00e1ticos. N\u00e3o adianta contar vibra\u00e7\u00f5es. A kall est\u00e1 em um plano extremamente sensitivo, ligado ao sentimento humano. Ela est\u00e1 escondida nos sons harm\u00f4nicos, explicou. Ele acrescentou que sua percep\u00e7\u00e3o ajuda a entender por que instrumentos precisam ser temperados e por que certas afina\u00e7\u00f5es soam mais harmoniosas.<\/p>\n<p align=\"justify\">Robson tamb\u00e9m criticou a padroniza\u00e7\u00e3o da afina\u00e7\u00e3o musical em 440 Hz, adotada em 1939. Esse trabalho desafinou o mundo e desarmonizou os seres humanos do que era sublime, afirmou. Em suas performances, ele utiliza a afina\u00e7\u00e3o em 432 Hz, considerada alinhada \u00e0 frequ\u00eancia natural da Terra (7,83 Hz, Resson\u00e2ncia Schumann) e aos harm\u00f4nicos da kall. Nosso DNA se movimenta atrav\u00e9s de vibra\u00e7\u00f5es. E l\u00e1 no fundo, ele ainda guarda o som da kall, adormecido pelos excessos negativos do mundo moderno, completou.<\/p>\n<p align=\"justify\">Entre os pr\u00f3ximos passos, Dakila e Robson planejam apresenta\u00e7\u00f5es p\u00fablicas, materiais educativos e a cria\u00e7\u00e3o de coros e orquestras juvenis com repert\u00f3rio desenhado para evidenciar a kall.<\/p>\n<p align=\"justify\">Outro destaque foi a apresenta\u00e7\u00e3o da B\u00edblia de Zurik, considerada a tradu\u00e7\u00e3o mais fiel e completa das Escrituras. Segundo Urandir, ela pode revelar novos entendimentos sobre a origem humana, a espiritualidade e a pr\u00f3pria kall.<\/p>\n<p align=\"justify\">Contact information: Eliane Canto \/ eliane.canto@dakila.com.br<\/p>\n<p align=\"justify\">Foto deste comunicado dispon\u00edvel em:<\/p>\n<p align=\"justify\" \/>\n<a href=\"https:\/\/www.globenewswire.com\/Tracker?data=ELRET8mr6gZ2nX28rziviGFS54E3xkAyajfJ95N6HQu8VP7F6cBv0BrVZsro1zl7n65OHLrl6kg2NlM6oOBYkev3ent-CUNjNBEEdomhjsFf3MhV0OIqsowKctePHKNZIWLaQM2etpjop217uCR9byp_m_fw0T4U9UeeSVrrzJ2FL2ymQ_CGDoatsbmP81xhpaSkCgP14QoG-5FX3OvN8LfyL7pYPab73x330hHTGv3Vr84Va_yoiQQD0CfjcT8TiNhsjk68UJFTLhMP04qVcZnzH9OGhQMdvdekCZBRcxk=\" rel=\"nofollow\" target=\"_blank\">https:\/\/www.globenewswire.com\/NewsRoom\/AttachmentNg\/4f5abff1-2779-4356-8b1a-80d71f3a122e\/pt<\/a> <\/p>\n<p> <img decoding=\"async\" alt=\"\" class=\"__GNW8366DE3E__IMG\" src=\"https:\/\/www.globenewswire.com\/newsroom\/ti?nf=OTUyNDQ5MSM3MTMzNjY2IzIxMjUzNzk=\" \/> <br \/><img decoding=\"async\" alt=\"\" src=\"https:\/\/ml.globenewswire.com\/media\/NTBkMzlhOTktZWExNS00MThmLTljZTgtNzZjZjViZmViZTk4LTExMzY5NTAtMjAyNS0wOS0wOC1wdA==\/tiny\/Associa-o-Dakila-Pesquisas.png\" \/><br \/>\n<a href=\"https:\/\/www.globenewswire.com\/NewsRoom\/AttachmentNg\/6c148a26-fcaa-4494-aec0-a28973bda903\"><img loading=\"lazy\" decoding=\"async\" src=\"https:\/\/ml.globenewswire.com\/media\/6c148a26-fcaa-4494-aec0-a28973bda903\/small\/\" border=\"0\" width=\"150\" height=\"52\" alt=\"Primary Logo\" \/><\/a><\/p>\n<div style=\"padding:0px;width: 100%\">\n<div style=\"clear:both\" \/>\n<div style=\"float: right;padding-left:20px\">\n<div>\n<h5>Associa\u00e7\u00e3o Dakila Pesquisas <\/h5>\n<\/div>\n<div> <a target=\"_blank\" href=\"https:\/\/www.globenewswire.com\/NewsRoom\/AttachmentNg\/4f5abff1-2779-4356-8b1a-80d71f3a122e\/pt\"><img decoding=\"async\" src=\"https:\/\/ml.globenewswire.com\/media\/4f5abff1-2779-4356-8b1a-80d71f3a122e\/medium\/associacao-dakila-pesquisas.jpg\" \/> <\/a><\/div>\n<p \/>\n<div>\n<h5>Urandir Fernandes de Oliveira e maestro Robson Miguel divulgam a descoberta da oitava nota musical<\/h5>\n<\/div>\n<\/div>\n<\/div>\n<p>A <b>OESP<\/b> nao e(sao) responsavel(is) por erros, incorrecoes, atrasos ou quaisquer decisoes tomadas por seus clientes com base nos Conteudos ora disponibilizados, bem como tais Conteudos nao representam a opiniao da <b>OESP<\/b> e sao de inteira responsabilidade da <b>GlobeNewswire<\/b><\/p>\n","protected":false},"excerpt":{"rendered":"S\u00c3O PAULO, Sept.  08, 2025  (GLOBE NEWSWIRE) &#8212; A Associa\u00e7\u00e3o Dakila Pesquisas anunciou a descoberta de uma oitava nota musical, nomeada kall. O an\u00fancio foi f","protected":false},"author":1,"featured_media":0,"comment_status":"open","ping_status":"closed","sticky":false,"template":"","format":"standard","meta":{"_acf_changed":false,"inline_featured_image":false,"_monsterinsights_skip_tracking":false,"_monsterinsights_sitenote_active":false,"_monsterinsights_sitenote_note":"","_monsterinsights_sitenote_category":0,"footnotes":""},"categories":[34],"tags":[],"class_list":["post-115471","post","type-post","status-publish","format-standard","hentry","category-releases-geral"],"acf":[],"_links":{"self":[{"href":"https:\/\/bluestudio.estadao.com.br\/agencia-de-comunicacao\/wp-json\/wp\/v2\/posts\/115471","targetHints":{"allow":["GET"]}}],"collection":[{"href":"https:\/\/bluestudio.estadao.com.br\/agencia-de-comunicacao\/wp-json\/wp\/v2\/posts"}],"about":[{"href":"https:\/\/bluestudio.estadao.com.br\/agencia-de-comunicacao\/wp-json\/wp\/v2\/types\/post"}],"author":[{"embeddable":true,"href":"https:\/\/bluestudio.estadao.com.br\/agencia-de-comunicacao\/wp-json\/wp\/v2\/users\/1"}],"replies":[{"embeddable":true,"href":"https:\/\/bluestudio.estadao.com.br\/agencia-de-comunicacao\/wp-json\/wp\/v2\/comments?post=115471"}],"version-history":[{"count":0,"href":"https:\/\/bluestudio.estadao.com.br\/agencia-de-comunicacao\/wp-json\/wp\/v2\/posts\/115471\/revisions"}],"wp:attachment":[{"href":"https:\/\/bluestudio.estadao.com.br\/agencia-de-comunicacao\/wp-json\/wp\/v2\/media?parent=115471"}],"wp:term":[{"taxonomy":"category","embeddable":true,"href":"https:\/\/bluestudio.estadao.com.br\/agencia-de-comunicacao\/wp-json\/wp\/v2\/categories?post=115471"},{"taxonomy":"post_tag","embeddable":true,"href":"https:\/\/bluestudio.estadao.com.br\/agencia-de-comunicacao\/wp-json\/wp\/v2\/tags?post=115471"}],"curies":[{"name":"wp","href":"https:\/\/api.w.org\/{rel}","templated":true}]}}