{"id":115433,"date":"2025-09-04T18:43:00","date_gmt":"2025-09-04T21:43:00","guid":{"rendered":"https:\/\/bluestudio.estadao.com.br\/agencia-de-comunicacao\/prnewswire\/banco-bv-lanca-ibv-auto-indice-de-precos-de-automoveis-usados-indicador-tem-alta-de-092-em-agosto\/"},"modified":"2025-09-04T18:43:00","modified_gmt":"2025-09-04T21:43:00","slug":"banco-bv-lanca-ibv-auto-indice-de-precos-de-automoveis-usados-indicador-tem-alta-de-092-em-agosto","status":"publish","type":"post","link":"https:\/\/bluestudio.estadao.com.br\/agencia-de-comunicacao\/prnewswire\/banco-bv-lanca-ibv-auto-indice-de-precos-de-automoveis-usados-indicador-tem-alta-de-092-em-agosto\/","title":{"rendered":"Banco BV lan\u00e7a IBV Auto, \u00edndice de pre\u00e7os de autom\u00f3veis usados; indicador tem alta de 0,92% em agosto"},"content":{"rendered":"\n<div class=\"xn-content\">\n<p class=\"prntac\"><i>Volkswagen Gol, GM Celta e Ford Fiesta foram os maiores contribuidores para a alta em agosto; Sudeste apresenta maior infla\u00e7\u00e3o no per\u00edodo<\/i>\n <\/p>\n<p><span class=\"legendSpanClass\">S\u00c3O PAULO<\/span>, <span class=\"legendSpanClass\">4 de setembro de 2025<\/span> \/PRNewswire\/ &#8212; O banco BV, uma das principais institui\u00e7\u00f5es financeiras do pa\u00eds, apresenta o IBV Auto (\u00cdndice BV Auto), que acompanha a varia\u00e7\u00e3o de pre\u00e7os e a desvaloriza\u00e7\u00e3o dos autom\u00f3veis leves usados. Baseado em valores reais de financiamentos, segmento que o banco lidera h\u00e1 12 anos, o \u00edndice traz tamb\u00e9m vis\u00f5es regionais e estaduais, em linha com a presen\u00e7a da institui\u00e7\u00e3o em todo o pa\u00eds. Em agosto, o \u00edndice de pre\u00e7os de autom\u00f3veis usados teve alta de 0,92% sobre o m\u00eas anterior, tendo a regi\u00e3o Sudeste puxado a valoriza\u00e7\u00e3o. No acumulado em 12 meses at\u00e9 agosto, o indicador subiu 6,0% do pre\u00e7o dos autom\u00f3veis usados.<\/p>\n<p>&#8220;O IBV Auto refor\u00e7a a relev\u00e2ncia de dados reais de mercado para compreender a din\u00e2mica de pre\u00e7os dos usados no Brasil. Com crit\u00e9rios bem definidos, o \u00edndice oferece uma vis\u00e3o clara sobre a varia\u00e7\u00e3o de valores entre diferentes motores, modelos, anos de fabrica\u00e7\u00e3o e regi\u00f5es, ajudando a interpretar de forma mais precisa as mudan\u00e7as do setor&#8221;, afirma Jamil Ganan, Diretor de Neg\u00f3cios de Varejo do banco BV.<\/p>\n<p>Em agosto, a infla\u00e7\u00e3o de ve\u00edculos usados na regi\u00e3o Sudeste foi de 1,2% e, na regi\u00e3o Norte, de 1,1%. Rio de Janeiro (1,25%), Bahia (1,21%), Minas Gerais (1,10%) e Amazonas (1,02%) apresentaram as maiores taxas mensais e, no acumulado em 12 meses, o estado do Rio de Janeiro se destaca com eleva\u00e7\u00e3o de 7,1%.<\/p>\n<p>Entre os modelos que mais impulsionaram o \u00edndice est\u00e3o Volkswagen Gol, GM Celta e Ford Fiesta. Em contrapartida, modelos como GM Tracker, Fiat Palio e Volkswagen Voyage estiveram entre os que apresentaram maior queda nos pre\u00e7os.<\/p>\n<p>&#8220;A alta do IBV em agosto, de 0,92%, ante 0,80% em julho, representa uma acelera\u00e7\u00e3o da infla\u00e7\u00e3o do carro usado para al\u00e9m da infla\u00e7\u00e3o &#8216;cheia&#8217; medida pelo IPCA. A alta reflete o momento ainda aquecido da atividade econ\u00f4mica, principalmente da renda das fam\u00edlias, que impulsiona a demanda por ve\u00edculos. A manuten\u00e7\u00e3o da Selic em patamar elevado \u00e9 um fator que tende a arrefecer a alta dos pre\u00e7os de usados no m\u00e9dio prazo, assim como os impactos da redu\u00e7\u00e3o do IPI em ve\u00edculos novos&#8221;, disse Roberto Padovani, economista-chefe do banco BV.<\/p>\n<p><b>Desvaloriza\u00e7\u00e3o <br \/><\/b>O \u00edndice tamb\u00e9m traz uma an\u00e1lise comparada da desvaloriza\u00e7\u00e3o de ve\u00edculos por tipo de motoriza\u00e7\u00e3o. Ve\u00edculos el\u00e9tricos de 2022 acumulam desvaloriza\u00e7\u00e3o de 46,6% desde o lan\u00e7amento at\u00e9 agosto de 2025, pressionados pela queda nos pre\u00e7os dos ve\u00edculos el\u00e9tricos novos. Os pre\u00e7os dos h\u00edbridos de 2022 ca\u00edram 20,1% no per\u00edodo, enquanto os a combust\u00e3o, na mesma base de compara\u00e7\u00e3o, perderam 12,7% em valor.<\/p>\n<p>&#8220;A queda dos el\u00e9tricos mostra que o mercado de usados ainda est\u00e1 buscando equil\u00edbrio para essa tecnologia, especialmente diante da redu\u00e7\u00e3o nos pre\u00e7os dos modelos novos. J\u00e1 os ve\u00edculos a combust\u00e3o mant\u00eam uma trajet\u00f3ria mais est\u00e1vel, com menor perda de valor&#8221;, afirma Fl\u00e1vio Suchek, Diretor Executivo de Varejo do banco BV.<\/p>\n<p><b>Metodologia e crit\u00e9rios <\/b> <br \/>O IBV Auto \u00e9 um indicador desenvolvido para medir, com precis\u00e3o e base metodol\u00f3gica robusta, a varia\u00e7\u00e3o de pre\u00e7os de ve\u00edculos leves usados no Brasil e regionalmente. Utilizando dados reais de transa\u00e7\u00f5es financiadas pelo banco BV, o \u00edndice reflete o valor de mercado dos ve\u00edculos em todo o pa\u00eds, incorporando crit\u00e9rios rigorosos de amostragem, ajustes por deprecia\u00e7\u00e3o e agrupamento t\u00e9cnico de modelos, permitindo acompanhar mensalmente a din\u00e2mica dos pre\u00e7os por regi\u00e3o.<\/p>\n<p>A pondera\u00e7\u00e3o \u00e9 realizada com base no valor total das negocia\u00e7\u00f5es (volume * pre\u00e7o): quanto maior o pre\u00e7o e mais comercializado for um determinado modelo e ano, maior ser\u00e1 o peso do ve\u00edculo na cesta que comp\u00f5e o indicador. O \u00edndice utiliza o ano de 2019 como base hist\u00f3rica inicial, fixando o indicador nacional em 100, para permitir compara\u00e7\u00f5es ao longo do tempo at\u00e9 o m\u00eas mais recente de 2025. Nos \u00edndices regionais, a base \u00e9 ajustada de acordo com a diferen\u00e7a m\u00e9dia de pre\u00e7os em rela\u00e7\u00e3o ao mercado nacional naquele ano. Isso garante que a s\u00e9rie reflita com precis\u00e3o a evolu\u00e7\u00e3o dos pre\u00e7os e as diferen\u00e7as regionais, oferecendo uma leitura mais apurada do mercado de usados.<\/p>\n<p>Al\u00e9m disso, o IBV Auto busca medir a evolu\u00e7\u00e3o das taxas de desvaloriza\u00e7\u00e3o de cestas compar\u00e1veis de autom\u00f3veis h\u00edbridos (HEV), el\u00e9tricos (BEV) e a combust\u00e3o (ICE) mensalmente. O objetivo principal \u00e9 permitir a compara\u00e7\u00e3o da desvaloriza\u00e7\u00e3o de autom\u00f3veis com diferentes tipos de propuls\u00e3o (a combust\u00e3o, h\u00edbridos e el\u00e9tricos), tomando como base ve\u00edculos de mesma idade e caracter\u00edsticas gerais compar\u00e1veis (pre\u00e7o quando novo, tamanho, categoria, pa\u00eds de origem, entre outros).<\/p>\n<p><b>Pr\u00f3ximas Divulga\u00e7\u00f5es IBV Auto<\/b>\n <\/p>\n<div>\n<table border=\"0\" cellspacing=\"0\" cellpadding=\"1\" class=\"prnbcc\">\n<tr>\n<td class=\"prnpr2 prnpl2 prnvab prntac prncbts prnbrbrs prnbbbs prnbsbls\" colspan=\"1\" rowspan=\"1\">\n<p class=\"prnml10\">  <span class=\"prnews_span\"> <b>M\u00eas<\/b>  <\/span>\n<\/p>\n<\/td>\n<td class=\"prnpr2 prnpl2 prnvab prntac prncbts prnbrbrs prnbbbs prnsblb1\" colspan=\"1\" rowspan=\"1\">\n<p class=\"prnml10\">  <span class=\"prnews_span\"> <b>Dia<\/b>  <\/span>\n<\/p>\n<\/td>\n<\/tr>\n<tr>\n<td class=\"prngen4\" colspan=\"1\" rowspan=\"1\">\n<p class=\"prnml10\">  <span class=\"prnews_span\"> <b>Outubro<\/b>  <\/span>\n<\/p>\n<\/td>\n<td class=\"prngen5\" colspan=\"1\" rowspan=\"1\">\n<p class=\"prnml4\">  <span class=\"prnews_span\"> <b>07<\/b>  <\/span>\n<\/p>\n<\/td>\n<\/tr>\n<tr>\n<td class=\"prngen4\" colspan=\"1\" rowspan=\"1\">\n<p class=\"prnml10\">  <span class=\"prnews_span\"> <b>Novembro<\/b>  <\/span>\n<\/p>\n<\/td>\n<td class=\"prngen5\" colspan=\"1\" rowspan=\"1\">\n<p class=\"prnml4\">  <span class=\"prnews_span\"> <b>10<\/b>  <\/span>\n<\/p>\n<\/td>\n<\/tr>\n<tr>\n<td class=\"prngen4\" colspan=\"1\" rowspan=\"1\">\n<p class=\"prnml10\">  <span class=\"prnews_span\"> <b>Dezembro<\/b>  <\/span>\n<\/p>\n<\/td>\n<td class=\"prngen5\" colspan=\"1\" rowspan=\"1\">\n<p class=\"prnml4\">  <span class=\"prnews_span\"> <b>08<\/b>  <\/span>\n<\/p>\n<\/td>\n<\/tr>\n<tr>\n<td class=\"prngen4\" colspan=\"1\" rowspan=\"1\">\n<p class=\"prnml10\">  <span class=\"prnews_span\"> <b>Janeiro 2026<\/b>  <\/span>\n<\/p>\n<\/td>\n<td class=\"prngen5\" colspan=\"1\" rowspan=\"1\">\n<p class=\"prnml4\">  <span class=\"prnews_span\"> <b>08<\/b>  <\/span>\n<\/p>\n<\/td>\n<\/tr>\n<\/table><\/div>\n<\/p>\n<p id=\"PURL\">\n<img loading=\"lazy\" decoding=\"async\" title=\"Cision\" width=\"12\" height=\"12\" alt=\"Cision\" src=\"https:\/\/c212.net\/c\/img\/favicon.png?sn=PT66234&amp;sd=2025-09-04\" \/> View original content:<a id=\"PRNURL\" rel=\"nofollow\" href=\"https:\/\/www.prnewswire.com\/br\/comunicados-para-a-imprensa\/banco-bv-lanca-ibv-auto-indice-de-precos-de-automoveis-usados-indicador-tem-alta-de-0-92-em-agosto-302547131.html\" target=\"_blank\">https:\/\/www.prnewswire.com\/br\/comunicados-para-a-imprensa\/banco-bv-lanca-ibv-auto-indice-de-precos-de-automoveis-usados-indicador-tem-alta-de-0-92-em-agosto-302547131.html<\/a><\/p>\n<p>FONTE Banco BV<\/p>\n<\/p><\/div>\n<p>  <img decoding=\"async\" alt=\"\" src=\"https:\/\/rt.prnewswire.com\/rt.gif?NewsItemId=PT66234&amp;Transmission_Id=202509041723PR_NEWS_LATAM____PT66234&amp;DateId=20250904\" style=\"border:0px;width:1px;height:1px\" \/><\/p>\n<p><strong>T\u00f3picos Relacionados:<\/strong> Transporte \/ Caminh\u00f5es \/ Ferrovias, Automotivo, Tecnologia Financeira, Computador\/Eletr\u00f4nica, Servi\u00e7os Banc\u00e1rios\/Financeiros<\/p>\n<p>A <b>OESP<\/b> n\u00e3o \u00e9(s\u00e3o) respons\u00e1vel(is) por erros, incorre\u00e7\u00f5es, atrasos ou quaisquer decis\u00f5es tomadas por seus clientes com base nos Conte\u00fados ora disponibilizados, bem como tais Conte\u00fados n\u00e3o representam a opini\u00e3o da <b>OESP<\/b> e s\u00e3o de inteira responsabilidade da <b>PR Newswire Ltda<\/b><\/p>\n","protected":false},"excerpt":{"rendered":"Volkswagen Gol, GM Celta e Ford Fiesta foram os maiores contribuidores para a alta em agosto; Sudeste apresenta maior infla\u00e7\u00e3o no per\u00edodo S\u00c3O PAULO, 4 de setembro de 2025 \/PRNewswire\/ &#8212; O","protected":false},"author":1,"featured_media":115434,"comment_status":"open","ping_status":"closed","sticky":false,"template":"","format":"standard","meta":{"_acf_changed":false,"inline_featured_image":false,"_monsterinsights_skip_tracking":false,"_monsterinsights_sitenote_active":false,"_monsterinsights_sitenote_note":"","_monsterinsights_sitenote_category":0,"footnotes":""},"categories":[27],"tags":[1727,1550,1728,1726],"class_list":["post-115433","post","type-post","status-publish","format-standard","has-post-thumbnail","hentry","category-prnewswire","tag-apresenta-o-ibv-auto-indice-bv-auto","tag-o-banco-bv","tag-que-acompanha-a-variacao-de-precos-e-a-desvalorizacao-dos-automoveis-leves","tag-uma-das-principais-instituicoes-financeiras-do-pais"],"acf":[],"_links":{"self":[{"href":"https:\/\/bluestudio.estadao.com.br\/agencia-de-comunicacao\/wp-json\/wp\/v2\/posts\/115433","targetHints":{"allow":["GET"]}}],"collection":[{"href":"https:\/\/bluestudio.estadao.com.br\/agencia-de-comunicacao\/wp-json\/wp\/v2\/posts"}],"about":[{"href":"https:\/\/bluestudio.estadao.com.br\/agencia-de-comunicacao\/wp-json\/wp\/v2\/types\/post"}],"author":[{"embeddable":true,"href":"https:\/\/bluestudio.estadao.com.br\/agencia-de-comunicacao\/wp-json\/wp\/v2\/users\/1"}],"replies":[{"embeddable":true,"href":"https:\/\/bluestudio.estadao.com.br\/agencia-de-comunicacao\/wp-json\/wp\/v2\/comments?post=115433"}],"version-history":[{"count":0,"href":"https:\/\/bluestudio.estadao.com.br\/agencia-de-comunicacao\/wp-json\/wp\/v2\/posts\/115433\/revisions"}],"wp:featuredmedia":[{"embeddable":true,"href":"https:\/\/bluestudio.estadao.com.br\/agencia-de-comunicacao\/wp-json\/wp\/v2\/media\/115434"}],"wp:attachment":[{"href":"https:\/\/bluestudio.estadao.com.br\/agencia-de-comunicacao\/wp-json\/wp\/v2\/media?parent=115433"}],"wp:term":[{"taxonomy":"category","embeddable":true,"href":"https:\/\/bluestudio.estadao.com.br\/agencia-de-comunicacao\/wp-json\/wp\/v2\/categories?post=115433"},{"taxonomy":"post_tag","embeddable":true,"href":"https:\/\/bluestudio.estadao.com.br\/agencia-de-comunicacao\/wp-json\/wp\/v2\/tags?post=115433"}],"curies":[{"name":"wp","href":"https:\/\/api.w.org\/{rel}","templated":true}]}}