{"id":115430,"date":"2025-09-04T14:27:00","date_gmt":"2025-09-04T17:27:00","guid":{"rendered":"https:\/\/bluestudio.estadao.com.br\/agencia-de-comunicacao\/prnewswire\/aco-exposicao-de-luca-benites-com-curadoria-de-marcello-dantas-movimenta-o-cenario-cultural-de-brasilia\/"},"modified":"2025-09-04T14:27:00","modified_gmt":"2025-09-04T17:27:00","slug":"aco-exposicao-de-luca-benites-com-curadoria-de-marcello-dantas-movimenta-o-cenario-cultural-de-brasilia","status":"publish","type":"post","link":"https:\/\/bluestudio.estadao.com.br\/agencia-de-comunicacao\/prnewswire\/aco-exposicao-de-luca-benites-com-curadoria-de-marcello-dantas-movimenta-o-cenario-cultural-de-brasilia\/","title":{"rendered":"A\u00c7O, exposi\u00e7\u00e3o de Luca Benites com curadoria de Marcello Dantas movimenta o cen\u00e1rio cultural de Bras\u00edlia"},"content":{"rendered":"\n<div class=\"xn-content\">\n<i>A mostra in\u00e9dita ocupa a nave principal do museu com instala\u00e7\u00e3o monumental e sala de v\u00eddeo, propondo uma experi\u00eancia sensorial e filos\u00f3fica sobre o ciclo da mat\u00e9ria e o tempo.<\/i>\n <\/p>\n<p><span class=\"legendSpanClass\">S\u00c3O PAULO<\/span>, <span class=\"legendSpanClass\">26 de agosto de 2025<\/span> \/PRNewswire\/ &#8212; A\u00c7O, do artista e arquiteto brasiliense Luca Benites, com curadoria de Marcello Dantas e produ\u00e7\u00e3o da AYO Cultural est\u00e1 em cartaz em Bras\u00edlia, no Museu Nacional da Rep\u00fablica. A mostra, que abriu em 26 de agosto de 2025, ocupa a nave principal do museu com uma instala\u00e7\u00e3o monumental que desconstr\u00f3i os componentes do a\u00e7o, transformando-o em s\u00edmbolo da pr\u00f3pria condi\u00e7\u00e3o humana e relacionando-o ao tempo. O percurso expositivo inclui ainda a exibi\u00e7\u00e3o de um v\u00eddeo que amplia a reflex\u00e3o sobre a tem\u00e1tica. A realiza\u00e7\u00e3o conta com o apoio do colecionador Rodrigo Pentagna Guimar\u00e3es, reconhecido por incentivar e investir em projetos art\u00edsticos de relev\u00e2ncia nacional.<\/p>\n<div class=\"PRN_ImbeddedAssetReference\" id=\"DivAssetPlaceHolder1\">\n  <a href=\"https:\/\/mma.prnewswire.com\/media\/2758429\/A_O.html\" target=\"_blank\" rel=\"nofollow\"> <img decoding=\"async\" src=\"https:\/\/mma.prnewswire.com\/media\/2758429\/A_O.jpg\" title=\"\" alt=\"\" \/>  <\/a>\n<\/p>\n<\/p><\/div>\n<p>Mais que uma exposi\u00e7\u00e3o instalativa, \u00e9 uma experi\u00eancia sensorial e filos\u00f3fica que prop\u00f5e uma nova leitura da mat\u00e9ria como linguagem. Formas curvas dispostas no espa\u00e7o, geometrias cortantes criadas pela natureza e sons naturais comp\u00f5em um ambiente que convida \u00e0 contempla\u00e7\u00e3o.  <\/p>\n<p>Nas palavras do curador  Marcelo Dantas, a  exposi\u00e7\u00e3o \u00e9 sobre a pr\u00f3pria condi\u00e7\u00e3o humana de ser ponte entre elementos, de ser o ponto de converg\u00eancia onde terra, fogo, \u00e1gua e ar se encontram para gerar o imposs\u00edvel. O a\u00e7o deixa de ser commodity para tornar-se met\u00e1fora da cria\u00e7\u00e3o consciente, da intelig\u00eancia que reconhece padr\u00f5es na natureza e os traduz em instrumentos de transforma\u00e7\u00e3o. O espectador sai desta exposi\u00e7\u00e3o com uma percep\u00e7\u00e3o renovada: cada objeto de a\u00e7o que tocamos carrega em si a hist\u00f3ria \u00e9pica dos elementos, a narrativa da humanidade aprendendo a ser alquimista de sua pr\u00f3pria evolu\u00e7\u00e3o.<\/p>\n<p>Ao desconstruir o a\u00e7o em seus principais componentes, Benites cria uma instala\u00e7\u00e3o de ch\u00e3o in\u00e9dita, em grande escala, que funciona como um land art interno. A travessia pelo espa\u00e7o expositivo prop\u00f5e uma experi\u00eancia meditativa sobre o ciclo e a transmuta\u00e7\u00e3o da mat\u00e9ria. A sala de v\u00eddeo complementa a viv\u00eancia, contrapondo imagens da fundi\u00e7\u00e3o do a\u00e7o em usinas sider\u00fargicas brasileiras a cenas brutas dos quatro elementos: o vento nos pampas, a \u00e1gua do cerrado, a terra ressecada e o fogo industrial.<\/p>\n<p>Nascido em Bras\u00edlia em 1981, Luca Benites vive entre S\u00e3o Paulo e Barcelona. Sua trajet\u00f3ria \u00e9 marcada por uma pesquisa profunda sobre o tempo, a efemeridade e a rela\u00e7\u00e3o entre arte, arquitetura e natureza. Suas obras integram cole\u00e7\u00f5es nacionais e internacionais, com destaque para projetos monumentais e urbanos que consolidam seu nome na escultura contempor\u00e2nea latino-americana.<\/p>\n<p>Foto &#8211; <a href=\"https:\/\/mma.prnewswire.com\/media\/2758429\/A_O.jpg\" target=\"_blank\" rel=\"nofollow\">https:\/\/mma.prnewswire.com\/media\/2758429\/A_O.jpg<\/a><\/p>\n<p id=\"PURL\">\n<img loading=\"lazy\" decoding=\"async\" title=\"Cision\" width=\"12\" height=\"12\" alt=\"Cision\" src=\"https:\/\/c212.net\/c\/img\/favicon.png?sn=PT59540&amp;sd=2025-08-26\" \/> View original content to download multimedia:<a id=\"PRNURL\" rel=\"nofollow\" href=\"https:\/\/www.prnewswire.com\/br\/comunicados-para-a-imprensa\/aco-exposicao-de-luca-benites-com-curadoria-de-marcello-dantas-movimenta-o-cenario-cultural-de-brasilia-302539311.html\" target=\"_blank\">https:\/\/www.prnewswire.com\/br\/comunicados-para-a-imprensa\/aco-exposicao-de-luca-benites-com-curadoria-de-marcello-dantas-movimenta-o-cenario-cultural-de-brasilia-302539311.html<\/a><\/p>\n<p>FONTE Luca Benites<\/p>\n<\/p><\/div>\n<p>  <img decoding=\"async\" alt=\"\" src=\"https:\/\/rt.prnewswire.com\/rt.gif?NewsItemId=PT59540&amp;Transmission_Id=202508261700PR_NEWS_LATAM____PT59540&amp;DateId=20250826\" style=\"border:0px;width:1px;height:1px\" \/><\/p>\n<p><strong>T\u00f3picos Relacionados:<\/strong> Eventos Futuros, Arte, Cultura e Design, Entretenimento<\/p>\n<p>A <b>OESP<\/b> n\u00e3o \u00e9(s\u00e3o) respons\u00e1vel(is) por erros, incorre\u00e7\u00f5es, atrasos ou quaisquer decis\u00f5es tomadas por seus clientes com base nos Conte\u00fados ora disponibilizados, bem como tais Conte\u00fados n\u00e3o representam a opini\u00e3o da <b>OESP<\/b> e s\u00e3o de inteira responsabilidade da <b>PR Newswire Ltda<\/b><\/p>\n","protected":false},"excerpt":{"rendered":"A mostra in\u00e9dita ocupa a nave principal do museu com instala\u00e7\u00e3o monumental e sala de v\u00eddeo, propondo uma experi\u00eancia sensorial e filos\u00f3fica sobre o ciclo da mat\u00e9ria e o tempo. S\u00c3O PAULO, 26 de","protected":false},"author":1,"featured_media":115431,"comment_status":"open","ping_status":"closed","sticky":false,"template":"","format":"standard","meta":{"_acf_changed":false,"inline_featured_image":false,"_monsterinsights_skip_tracking":false,"_monsterinsights_sitenote_active":false,"_monsterinsights_sitenote_note":"","_monsterinsights_sitenote_category":0,"footnotes":""},"categories":[27],"tags":[1722,1724,1723,1725],"class_list":["post-115430","post","type-post","status-publish","format-standard","has-post-thumbnail","hentry","category-prnewswire","tag-aco","tag-com-curadoria-de-marcello-dantas-e-producao-da-ayo-cultural-esta-em-cartaz-em-brasilia","tag-do-artista-e-arquiteto-brasiliense-luca-benites","tag-no-museu-nacional-da-republica-a-mos"],"acf":[],"_links":{"self":[{"href":"https:\/\/bluestudio.estadao.com.br\/agencia-de-comunicacao\/wp-json\/wp\/v2\/posts\/115430","targetHints":{"allow":["GET"]}}],"collection":[{"href":"https:\/\/bluestudio.estadao.com.br\/agencia-de-comunicacao\/wp-json\/wp\/v2\/posts"}],"about":[{"href":"https:\/\/bluestudio.estadao.com.br\/agencia-de-comunicacao\/wp-json\/wp\/v2\/types\/post"}],"author":[{"embeddable":true,"href":"https:\/\/bluestudio.estadao.com.br\/agencia-de-comunicacao\/wp-json\/wp\/v2\/users\/1"}],"replies":[{"embeddable":true,"href":"https:\/\/bluestudio.estadao.com.br\/agencia-de-comunicacao\/wp-json\/wp\/v2\/comments?post=115430"}],"version-history":[{"count":0,"href":"https:\/\/bluestudio.estadao.com.br\/agencia-de-comunicacao\/wp-json\/wp\/v2\/posts\/115430\/revisions"}],"wp:featuredmedia":[{"embeddable":true,"href":"https:\/\/bluestudio.estadao.com.br\/agencia-de-comunicacao\/wp-json\/wp\/v2\/media\/115431"}],"wp:attachment":[{"href":"https:\/\/bluestudio.estadao.com.br\/agencia-de-comunicacao\/wp-json\/wp\/v2\/media?parent=115430"}],"wp:term":[{"taxonomy":"category","embeddable":true,"href":"https:\/\/bluestudio.estadao.com.br\/agencia-de-comunicacao\/wp-json\/wp\/v2\/categories?post=115430"},{"taxonomy":"post_tag","embeddable":true,"href":"https:\/\/bluestudio.estadao.com.br\/agencia-de-comunicacao\/wp-json\/wp\/v2\/tags?post=115430"}],"curies":[{"name":"wp","href":"https:\/\/api.w.org\/{rel}","templated":true}]}}