{"id":115280,"date":"2025-09-03T04:12:00","date_gmt":"2025-09-03T07:12:00","guid":{"rendered":"https:\/\/bluestudio.estadao.com.br\/agencia-de-comunicacao\/prnewswire\/notificacao-da-proposta-de-liquidacao-do-processo-de-acao-coletiva-relativo-aos-valores-mobiliarios-da-lightspeed\/"},"modified":"2025-09-03T04:12:00","modified_gmt":"2025-09-03T07:12:00","slug":"notificacao-da-proposta-de-liquidacao-do-processo-de-acao-coletiva-relativo-aos-valores-mobiliarios-da-lightspeed","status":"publish","type":"post","link":"https:\/\/bluestudio.estadao.com.br\/agencia-de-comunicacao\/prnewswire\/notificacao-da-proposta-de-liquidacao-do-processo-de-acao-coletiva-relativo-aos-valores-mobiliarios-da-lightspeed\/","title":{"rendered":"NOTIFICA\u00c7\u00c3O DA PROPOSTA DE LIQUIDA\u00c7\u00c3O DO PROCESSO DE A\u00c7\u00c3O COLETIVA RELATIVO AOS VALORES MOBILI\u00c1RIOS DA LIGHTSPEED"},"content":{"rendered":"\n<div class=\"xn-content\">\n<p class=\"prntac\">LEIA ATENTAMENTE ESTE AVISO, POIS PODE AFETAR SEUS DIREITOS.<\/p>\n<p><b> Este aviso \u00e9 direcionado a todas as pessoas e entidades, excluindo certas pessoas associadas aos R\u00e9us, que adquiriram valores mobili\u00e1rios da LIGHTSPEED COMMERCE INC. ou da LIGHTSPEED POS INC. entre 7 de mar\u00e7o de 2019<\/b>\u00a0<b> e <\/b><b> 3 de novembro de 2021, inclusive (coletivamente, a &#8220;Classe&#8221; ou &#8220;Membros da Classe&#8221;).<\/b><\/p>\n<p><span class=\"legendSpanClass\">\u00a0MONTREAL<\/span>, <span class=\"legendSpanClass\">3 de setembro de 2025<\/span> \/PRNewswire\/ &#8212; Uma a\u00e7\u00e3o coletiva proposta foi iniciada contra a Lightspeed Commerce Inc., v\u00e1rios de seus conselheiros e diretores, e a PricewaterhouseCoopers LLP (coletivamente, os &#8220;<b> R\u00e9us<\/b>&#8220;) perante o Tribunal Superior de Quebec. Os autores alegam que os R\u00e9us deturparam fatos relevantes relacionados ao desempenho financeiro da Lightspeed Commerce Inc. em seus registros e declara\u00e7\u00f5es p\u00fablicas.<\/p>\n<p>As partes chegaram a um acordo proposto, sem qualquer admiss\u00e3o de responsabilidade, sujeito \u00e0 aprova\u00e7\u00e3o do Tribunal. Este aviso fornece um resumo do acordo proposto e dos direitos dos Membros da Classe.<\/p>\n<p><b> OS TERMOS DO ACORDO PROPOSTO <br \/><\/b>Os R\u00e9us pagar\u00e3o CDN $ 11 milh\u00f5es, na liquida\u00e7\u00e3o total e final de todas as reivindica\u00e7\u00f5es contra eles. A liquida\u00e7\u00e3o da Classe, menos os honor\u00e1rios e desembolsos dos advogados, as despesas do administrador e os impostos, se aprovados pelo Tribunal, ser\u00e3o distribu\u00eddos \u00e0 Classe <i> pro rata<\/i>. Uma c\u00f3pia completa do acordo de liquida\u00e7\u00e3o est\u00e1 dispon\u00edvel em <a href=\"https:\/\/c212.net\/c\/link\/?t=0&amp;l=pt&amp;o=4498466-1&amp;h=3437070537&amp;u=https%3A%2F%2Fc212.net%2Fc%2Flink%2F%3Ft%3D0%26l%3Den%26o%3D4498466-1%26h%3D3881104035%26u%3Dhttps%253A%252F%252Fwww.faguyco.com%252Fclass-actions%252Flightspeed%26a%3Dhttps%253A%252F%252Fwww.faguyco.com%252Fclass-actions%252Flightspeed&amp;a=+https%3A%2F%2Fwww.faguyco.com%2Fclass-actions%2Flightspeed\" target=\"_blank\" rel=\"nofollow\"> https:\/\/www.faguyco.com\/class-actions\/lightspeed<\/a>.<\/p>\n<p><b> OPTAR POR n\u00e3o participar <br \/><\/b>Se voc\u00ea n\u00e3o deseja participar da a\u00e7\u00e3o coletiva proposta ou receber quaisquer benef\u00edcios do acordo, voc\u00ea deve optar por n\u00e3o participar at\u00e9 <b> 15 de outubro de 2025<\/b>.\u00a0 O formul\u00e1rio de exclus\u00e3o e as instru\u00e7\u00f5es adicionais est\u00e3o dispon\u00edveis em <a href=\"https:\/\/c212.net\/c\/link\/?t=0&amp;l=pt&amp;o=4498466-1&amp;h=3437070537&amp;u=https%3A%2F%2Fc212.net%2Fc%2Flink%2F%3Ft%3D0%26l%3Den%26o%3D4498466-1%26h%3D3881104035%26u%3Dhttps%253A%252F%252Fwww.faguyco.com%252Fclass-actions%252Flightspeed%26a%3Dhttps%253A%252F%252Fwww.faguyco.com%252Fclass-actions%252Flightspeed&amp;a=+https%3A%2F%2Fwww.faguyco.com%2Fclass-actions%2Flightspeed\" target=\"_blank\" rel=\"nofollow\"> https:\/\/www.faguyco.com\/class-actions\/lightspeed<\/a>.<\/p>\n<p><b> HONOR\u00c1RIOS ADVOCAT\u00cdCIOS, DESEMBOLSOS E IMPOSTOS<br \/><\/b>Os advogados da Turma solicitar\u00e3o ao Tribunal que aprove seus honor\u00e1rios advocat\u00edcios no valor de 1\/3 (33,33%) de CDN $ 11.000.000, mais desembolsos, mais impostos, de acordo com seu acordo com os autores representativos.<\/p>\n<p><b> A AUDI\u00caNCIA DE APROVA\u00c7\u00c3O <br \/><\/b>O Tribunal Superior de Quebec ser\u00e1 solicitado a autorizar a a\u00e7\u00e3o coletiva proposta apenas para fins de acordo e aprovar o acordo proposto e os honor\u00e1rios advocat\u00edcios, desembolsos e impostos em uma audi\u00eancia a ser realizada em <b> 21 de novembro de 2025<\/b><b> \u00e0s 9h30 no Tribunal de Montreal <\/b> localizado em 1 Notre-Dame Street East, Montreal, Quebec. Os Membros da Classe que n\u00e3o se op\u00f5em ao acordo proposto n\u00e3o s\u00e3o obrigados a comparecer \u00e0 audi\u00eancia, embora possam faz\u00ea-lo se quiserem, pessoalmente no <b> tribunal 2.07<\/b> ou virtualmente usando o seguinte link do Microsoft Teams: <a href=\"https:\/\/c212.net\/c\/link\/?t=0&amp;l=pt&amp;o=4498466-1&amp;h=3351964685&amp;u=https%3A%2F%2Fc212.net%2Fc%2Flink%2F%3Ft%3D0%26l%3Den%26o%3D4498466-1%26h%3D4188246517%26u%3Dhttps%253A%252F%252Fteams.microsoft.com%252Fl%252Fmeetup-join%252F19%25253ameeting_YzVhOTVhN2MtOTViOC00NmQ4LTk4ODAtYzcwMzhjM2FjOGYw%252540thread.v2%252F0%253Fcontext%253D%25257b%252522Tid%252522%25253a%2525223f6dec78-7ded-4395-975c-6edbb7d10b16%252522%25252c%252522Oid%252522%25253a%252522f2de948d-851d-47f4-9953-579062f424eb%252522%25257d%253F%26a%3Dclick%2Bhere&amp;a=+clique+aqui\" target=\"_blank\" rel=\"nofollow\"> clique aqui<\/a>.<\/p>\n<p>Neste momento, os Membros da Classe n\u00e3o s\u00e3o obrigados a tomar nenhuma a\u00e7\u00e3o para indicar seu desejo de participar do acordo proposto. <u> Ap\u00f3s a audi\u00eancia de aprova\u00e7\u00e3o de 21 de novembro de 2025<\/u>, se o acordo for aprovado, um novo aviso ser\u00e1 dado com instru\u00e7\u00f5es para os Membros da Classe que desejarem participar. Os Membros da Classe que considerarem desej\u00e1vel ou necess\u00e1rio procurar o conselho e orienta\u00e7\u00e3o de seu pr\u00f3prio advogado podem faz\u00ea-lo <u> \u00e0s suas pr\u00f3prias custas<\/u>.<\/p>\n<p><b> OBJE\u00c7\u00d5ES<br \/><\/b> Os Membros da Classe t\u00eam o direito de se opor ao acordo proposto. Na audi\u00eancia de aprova\u00e7\u00e3o, os Membros da Classe podem afirmar suas alega\u00e7\u00f5es sobre o acordo proposto e a distribui\u00e7\u00e3o de qualquer saldo remanescente. O Tribunal considerar\u00e1 quaisquer obje\u00e7\u00f5es ao acordo proposto pelos Membros da Classe se as obje\u00e7\u00f5es forem apresentadas por escrito, por correio pr\u00e9-pago ou por e-mail, \u00e0 Concilia Services Inc., 1-5900 Andover Avenue, Montreal (QC), H4T 1H5, <a href=\"mailto:lightspeed@conciliainc.com\" target=\"_blank\" rel=\"nofollow\"> lightspeed@conciliainc.com <\/a>, Aos cuidados de: &#8220;Processos de A\u00e7\u00e3o Coletiva da Lightspeed Commerce Inc.&#8221;. Os Membros da Classe que desejarem se opor devem faz\u00ea-lo antes de <b> 15 de outubro de 2025<\/b>.<\/p>\n<p>Uma obje\u00e7\u00e3o por escrito pode ser enviada em ingl\u00eas ou franc\u00eas e deve incluir as seguintes informa\u00e7\u00f5es:<\/p>\n<p>(a)\u00a0 o nome completo do opositor, endere\u00e7o de correspond\u00eancia atual, n\u00famero de telefone e endere\u00e7o de e-mail, conforme dispon\u00edvel;<\/p>\n<p>(b)\u00a0 o n\u00famero de valores mobili\u00e1rios comprados em 7 de mar\u00e7o de 2019 e mantidos ap\u00f3s o fechamento da negocia\u00e7\u00e3o em (1) 28 de setembro de 2021 ou (2) 3 de novembro de 2021, juntamente com todos os registros de negocia\u00e7\u00e3o relevantes;<\/p>\n<p>(c)\u00a0 uma breve declara\u00e7\u00e3o da natureza e dos motivos da obje\u00e7\u00e3o; e<\/p>\n<p>(d)\u00a0 se o opositor ou um representante pretende comparecer \u00e0 audi\u00eancia pessoalmente ou por advogado, e se por advogado, o nome, endere\u00e7o, n\u00famero de telefone, n\u00famero de telecopiadora e endere\u00e7o de e-mail do advogado.<\/p>\n<p>O Tribunal, os autores e os R\u00e9us ser\u00e3o informados de todas as obje\u00e7\u00f5es feitas.<\/p>\n<p><b> PERGUNTAS<\/b>\n <\/p>\n<p><u> Perguntas sobre o processo devem ser direcionadas \u00e0 Administradora<\/u>: <br \/>Concilia SERVICES INC. <br \/>1-5900 Andover Ave. <br \/>Montreal (QC) H4T 1H5 <br \/>Tel: <a href=\"tel:18883507708\" target=\"_blank\" rel=\"nofollow\"> 1-888-350-7708 <\/a><br \/><a href=\"mailto:lightspeed@conciliainc.com\" target=\"_blank\" rel=\"nofollow\"> lightspeed@conciliainc.com <\/a><br \/>Aten\u00e7\u00e3o: &#8220;Lightspeed Commerce Inc. Class Action Proceedings&#8221;<\/p>\n<p><u> Outras quest\u00f5es jur\u00eddicas podem ser direcionadas para<\/u>: <br \/>Mtre Lea Bruyere <br \/><b> LPC Avocats Inc. <br \/><\/b>276, Saint-Jacques Street, Suite 801 <br \/>Montr\u00e9al, Qu\u00e9bec, H2Y 1N3 <br \/>Tel: 514.379.1572 <br \/><a href=\"mailto:lbruyere@lpclex.com\" target=\"_blank\" rel=\"nofollow\"> lbruyere@lpclex.com <\/a><\/p>\n<p><b> PARA OBTER MAIS INFORMA\u00c7\u00d5ES<br \/><\/b>Mais informa\u00e7\u00f5es, incluindo formul\u00e1rios de exclus\u00e3o, est\u00e3o dispon\u00edveis em <u><a href=\"https:\/\/c212.net\/c\/link\/?t=0&amp;l=pt&amp;o=4498466-1&amp;h=347410253&amp;u=https%3A%2F%2Fc212.net%2Fc%2Flink%2F%3Ft%3D0%26l%3Den%26o%3D4498466-1%26h%3D3881104035%26u%3Dhttps%253A%252F%252Fwww.faguyco.com%252Fclass-actions%252Flightspeed%26a%3Dhttps%253A%252F%252Fwww.faguyco.com%252Fclass-actions%252Flightspeed&amp;a=https%3A%2F%2Fwww.faguyco.com%2Fclass-actions%2Flightspeed\" target=\"_blank\" rel=\"nofollow\">https:\/\/www.faguyco.com\/class-actions\/lightspeed<\/a><\/u>.<br \/>Os principais documentos relativos ao processo de a\u00e7\u00e3o coletiva est\u00e3o dispon\u00edveis no <i> Registre des actions collectives<\/i> em <a href=\"https:\/\/c212.net\/c\/link\/?t=0&amp;l=pt&amp;o=4498466-1&amp;h=3549471470&amp;u=https%3A%2F%2Fc212.net%2Fc%2Flink%2F%3Ft%3D0%26l%3Den%26o%3D4498466-1%26h%3D1564588233%26u%3Dhttps%253A%252F%252Fwww.registredesactionscollectives.quebec%252Fen%252FConsulter%252FRecherchePublique%26a%3Dhttps%253A%252F%252Fwww.registredesactionscollectives.quebec%252Fen%252FConsulter%252FRecherchePublique&amp;a=+https%3A%2F%2Fwww.registredesactionscollectives.quebec%2Fen%2FConsulter%2FRecherchePublique\" target=\"_blank\" rel=\"nofollow\"> https:\/\/www.registredesactionscollectives.quebec\/en\/Consulter\/RecherchePublique<\/a> (pesquisa pelo processo judicial n\u00ba 500-06-001164-215).<\/p>\n<p><b> AVISO \u00c0S CORRETORAS<br \/><\/b>Entregue este aviso em ingl\u00eas e franc\u00eas por e-mail aos seus clientes que compraram t\u00edtulos da Lightspeed entre 7 de mar\u00e7o de 2019 e 3 de novembro de 2021, inclusive, e para os quais voc\u00ea tem um endere\u00e7o de e-mail v\u00e1lido. Se voc\u00ea n\u00e3o tiver um endere\u00e7o de e-mail v\u00e1lido para alguns desses clientes, envie este aviso por correio normal. As corretoras podem solicitar coletivamente at\u00e9 um total de $ 15.000 para as despesas relacionadas \u00e0 distribui\u00e7\u00e3o deste aviso aos Membros da Classe. Se os valores apresentados no total excederem $ 15.000, a reivindica\u00e7\u00e3o de cada corretora ser\u00e1 reduzida <i> pro rata<\/i>.<\/p>\n<p class=\"prntac\"><b>Este aviso foi aprovado pelo Tribunal.\u00a0 Perguntas sobre assuntos <\/b><b> neste aviso N\u00c3O devem ser direcionadas ao Tribunal.<\/b>\n <\/p>\n<p class=\"prntac\"><b>  <i>*Une version fran\u00e7aise de cet avis est disponible au<\/i><br \/>\n<\/b>\u00a0<u><a href=\"https:\/\/c212.net\/c\/link\/?t=0&amp;l=pt&amp;o=4498466-1&amp;h=347410253&amp;u=https%3A%2F%2Fc212.net%2Fc%2Flink%2F%3Ft%3D0%26l%3Den%26o%3D4498466-1%26h%3D3881104035%26u%3Dhttps%253A%252F%252Fwww.faguyco.com%252Fclass-actions%252Flightspeed%26a%3Dhttps%253A%252F%252Fwww.faguyco.com%252Fclass-actions%252Flightspeed&amp;a=https%3A%2F%2Fwww.faguyco.com%2Fclass-actions%2Flightspeed\" target=\"_blank\" rel=\"nofollow\">https:\/\/www.faguyco.com\/class-actions\/lightspeed<\/a><\/u>.<\/p>\n<p id=\"PURL\">\n<img loading=\"lazy\" decoding=\"async\" title=\"Cision\" width=\"12\" height=\"12\" alt=\"Cision\" src=\"https:\/\/c212.net\/c\/img\/favicon.png?sn=PT62040&amp;sd=2025-09-03\" \/> View original content:<a id=\"PRNURL\" rel=\"nofollow\" href=\"https:\/\/www.prnewswire.com\/br\/comunicados-para-a-imprensa\/notificacao-da-proposta-de-liquidacao-do-processo-de-acao-coletiva-relativo-aos-valores-mobiliarios-da-lightspeed-302542603.html\" target=\"_blank\">https:\/\/www.prnewswire.com\/br\/comunicados-para-a-imprensa\/notificacao-da-proposta-de-liquidacao-do-processo-de-acao-coletiva-relativo-aos-valores-mobiliarios-da-lightspeed-302542603.html<\/a><\/p>\n<p>FONTE Concilia Services Inc.<\/p>\n<\/p><\/div>\n<p>  <img decoding=\"async\" alt=\"\" src=\"https:\/\/rt.prnewswire.com\/rt.gif?NewsItemId=PT62040&amp;Transmission_Id=202509030300PR_NEWS_LATAM____PT62040&amp;DateId=20250903\" style=\"border:0px;width:1px;height:1px\" \/><\/p>\n<p><strong>T\u00f3picos Relacionados:<\/strong> Quest\u00f5es Jur\u00eddicas, Servi\u00e7os Jur\u00eddicos, Servi\u00e7os Banc\u00e1rios\/Financeiros<\/p>\n<p>A <b>OESP<\/b> n\u00e3o \u00e9(s\u00e3o) respons\u00e1vel(is) por erros, incorre\u00e7\u00f5es, atrasos ou quaisquer decis\u00f5es tomadas por seus clientes com base nos Conte\u00fados ora disponibilizados, bem como tais Conte\u00fados n\u00e3o representam a opini\u00e3o da <b>OESP<\/b> e s\u00e3o de inteira responsabilidade da <b>PR Newswire Ltda<\/b><\/p>\n","protected":false},"excerpt":{"rendered":"LEIA ATENTAMENTE ESTE AVISO, POIS PODE AFETAR SEUS DIREITOS. Este aviso \u00e9 direcionado a todas as pessoas e entidades, excluindo certas pessoas associadas aos R\u00e9us, que adquiriram valores","protected":false},"author":1,"featured_media":115281,"comment_status":"open","ping_status":"closed","sticky":false,"template":"","format":"standard","meta":{"_acf_changed":false,"inline_featured_image":false,"_monsterinsights_skip_tracking":false,"_monsterinsights_sitenote_active":false,"_monsterinsights_sitenote_note":"","_monsterinsights_sitenote_category":0,"footnotes":""},"categories":[27],"tags":[1642,1643,1640,1641],"class_list":["post-115280","post","type-post","status-publish","format-standard","has-post-thumbnail","hentry","category-prnewswire","tag-e-a-pricewaterhousecoopers-llp-coletivamente","tag-os-reus","tag-uma-acao-coletiva-proposta-foi-iniciada-contra-a-lightspeed-commerce-inc","tag-varios-de-seus-conselheiros-e-diretores"],"acf":[],"_links":{"self":[{"href":"https:\/\/bluestudio.estadao.com.br\/agencia-de-comunicacao\/wp-json\/wp\/v2\/posts\/115280","targetHints":{"allow":["GET"]}}],"collection":[{"href":"https:\/\/bluestudio.estadao.com.br\/agencia-de-comunicacao\/wp-json\/wp\/v2\/posts"}],"about":[{"href":"https:\/\/bluestudio.estadao.com.br\/agencia-de-comunicacao\/wp-json\/wp\/v2\/types\/post"}],"author":[{"embeddable":true,"href":"https:\/\/bluestudio.estadao.com.br\/agencia-de-comunicacao\/wp-json\/wp\/v2\/users\/1"}],"replies":[{"embeddable":true,"href":"https:\/\/bluestudio.estadao.com.br\/agencia-de-comunicacao\/wp-json\/wp\/v2\/comments?post=115280"}],"version-history":[{"count":0,"href":"https:\/\/bluestudio.estadao.com.br\/agencia-de-comunicacao\/wp-json\/wp\/v2\/posts\/115280\/revisions"}],"wp:featuredmedia":[{"embeddable":true,"href":"https:\/\/bluestudio.estadao.com.br\/agencia-de-comunicacao\/wp-json\/wp\/v2\/media\/115281"}],"wp:attachment":[{"href":"https:\/\/bluestudio.estadao.com.br\/agencia-de-comunicacao\/wp-json\/wp\/v2\/media?parent=115280"}],"wp:term":[{"taxonomy":"category","embeddable":true,"href":"https:\/\/bluestudio.estadao.com.br\/agencia-de-comunicacao\/wp-json\/wp\/v2\/categories?post=115280"},{"taxonomy":"post_tag","embeddable":true,"href":"https:\/\/bluestudio.estadao.com.br\/agencia-de-comunicacao\/wp-json\/wp\/v2\/tags?post=115280"}],"curies":[{"name":"wp","href":"https:\/\/api.w.org\/{rel}","templated":true}]}}