{"id":115250,"date":"2025-09-02T11:27:00","date_gmt":"2025-09-02T14:27:00","guid":{"rendered":"https:\/\/bluestudio.estadao.com.br\/agencia-de-comunicacao\/prnewswire\/td-synnex-inaugura-cloud-competence-center-no-brasil-para-apoiar-parceiros-em-sua-jornada-na-nuvem\/"},"modified":"2025-09-02T11:27:00","modified_gmt":"2025-09-02T14:27:00","slug":"td-synnex-inaugura-cloud-competence-center-no-brasil-para-apoiar-parceiros-em-sua-jornada-na-nuvem","status":"publish","type":"post","link":"https:\/\/bluestudio.estadao.com.br\/agencia-de-comunicacao\/prnewswire\/td-synnex-inaugura-cloud-competence-center-no-brasil-para-apoiar-parceiros-em-sua-jornada-na-nuvem\/","title":{"rendered":"TD SYNNEX inaugura Cloud Competence Center no Brasil para apoiar parceiros em sua jornada na nuvem"},"content":{"rendered":"\n<div class=\"xn-content\">\n<i>Com foco inicial em ambiente AWS, o Cloud Competence Center (3C) oferece servi\u00e7os gerenciados, consultoria e mentoria para projetos<\/i>\n <\/p>\n<p><span class=\"legendSpanClass\">S\u00c3O PAULO<\/span>, <span class=\"legendSpanClass\">2 de setembro de 2025<\/span> \/PRNewswire\/ &#8212; A TD SYNNEX (NYSE: SNX), uma empresa\u00a0l\u00edder global em distribui\u00e7\u00e3o e agrega\u00e7\u00e3o de solu\u00e7\u00f5es, anuncia a inaugura\u00e7\u00e3o no Brasil de seu Cloud Competence Center (3C), uma iniciativa estrat\u00e9gica para apoiar os parceiros em suas jornadas na nuvem. Com foco inicial no ambiente\u00a0AWS, o 3C funcionar\u00e1 como um\u00a0hub de excel\u00eancia t\u00e9cnica, oferecendo servi\u00e7os especializados para parceiros, n\u00e3o importando o est\u00e1gio de maturidade em cloud em que se encontrem.<\/p>\n<p>O 3C foi criado depois da aquisi\u00e7\u00e3o pela TD SYNNEX da Divis\u00e3o de Migra\u00e7\u00e3o para Nuvem da IPsense, em dezembro de 2024. Pioneira no Brasil entre os parceiros da AWS, a IPsense contribuiu com um expressivo portf\u00f3lio de servi\u00e7os gerenciados e com uma equipe altamente especializada em AWS, que, al\u00e9m de possuir dezenas de certifica\u00e7\u00f5es t\u00e9cnicas, tem comprovada experi\u00eancia em projetos complexos de larga escala.<\/p>\n<p><b>A quem atende<\/b>\n <\/p>\n<p>Inicialmente, o 3C tem foco exclusivo no ambiente AWS, devido \u00e0 sua expertise j\u00e1 consolidada, mas h\u00e1 planos futuros de expans\u00e3o para servi\u00e7os relacionados a outras nuvens p\u00fablicas. O 3C atende os\u00a0parceiros cadastrados na TD SYNNEX, como revendas, desenvolvedores de software e integradores. N\u00e3o atende diretamente o cliente final, e tem como um dos objetivos capacitar os parceiros para que entreguem solu\u00e7\u00f5es de alto n\u00edvel.<\/p>\n<p>Proporciona suporte t\u00e9cnico para os parceiros desenvolverem compet\u00eancias em nuvem, atuando tamb\u00e9m como um bra\u00e7o deles para servi\u00e7os relacionados a migra\u00e7\u00e3o, FinOps, governan\u00e7a (Control Tower), Data Lake, Analytics e IA generativa.<\/p>\n<p>O 3C oferece:<\/p>\n<ul type=\"disc\">\n<li>Consultoria e implementa\u00e7\u00e3o de solu\u00e7\u00f5es em nuvem<\/li>\n<li>Servi\u00e7os gerenciados (MSP)<\/li>\n<li>Otimiza\u00e7\u00e3o de custos (FinOps)<\/li>\n<li>Projetos r\u00e1pidos com escopo e custo definidos (Fast Consulting)<\/li>\n<li>Apoio em programas da AWS (MAP, OLA, etc.)<\/li>\n<li>Mentoria para ISVs e suporte para publica\u00e7\u00e3o no AWS Marketplace<b>.<\/b><\/li>\n<\/ul>\n<p>O diretor s\u00eanior do Cloud Competence Center da TD SYNNEX, LAC, Luiz Herculano, resume: &#8220;nosso objetivo \u00e9 que nossos parceiros possam crescer e se desenvolver, gerando mais receita e sendo mais efetivos, ampliando a sua base de clientes e tamb\u00e9m o leque de solu\u00e7\u00f5es que levam para os seus clientes finais&#8221;.<\/p>\n<p><b>Sobre a TD SYNNEX <br \/><\/b>A TD SYNNEX (NYSE: SNX) \u00e9 uma distribuidora l\u00edder global e agregadora de solu\u00e7\u00f5es para o ecossistema de TI. Somos um parceiro inovador que contribui para que 150.000 clientes, em mais de 100 pa\u00edses, possam maximizar o valor dos investimentos em tecnologia, demonstrar resultados de neg\u00f3cios e encontrar oportunidades de crescimento. Com sedes em Clearwater, Fl\u00f3rida, e Fremont, Calif\u00f3rnia, os 23.000 funcion\u00e1rios se dedicam a consolidar produtos, servi\u00e7os e solu\u00e7\u00f5es de TI atraentes de mais de 2.500 dos melhores fornecedores de tecnologia em todo o mundo. Nosso portf\u00f3lio edge-to-cloud est\u00e1 ancorado em alguns dos segmentos de tecnologia de mais r\u00e1pido crescimento, incluindo nuvem, seguran\u00e7a cibern\u00e9tica, big data\/analytics, IA, IoT, mobilidade e &#8220;tudo como servi\u00e7o&#8221;. A TD SYNNEX est\u00e1 comprometida em servir clientes e comunidades, e acreditamos que podemos causar um impacto positivo em nosso pessoal e em nosso planeta exercendo conscientemente nossa cidadania corporativa. E queremos ser o empregador preferencial, no que que diz respeito \u00e0 inclus\u00e3o e diversidade, para talentos em todo o ecossistema de TI. Para mais informa\u00e7\u00f5es, visite <a href=\"https:\/\/lac.tdsynnex.com\/br\/pt-br\/\" target=\"_blank\" rel=\"nofollow\">https:\/\/lac.tdsynnex.com\/br\/pt-br\/<\/a>\u00a0ou siga-nos no <a href=\"https:\/\/x.com\/TDSYNNEXBrasil#_blank\" target=\"_blank\" rel=\"nofollow\">X<\/a>, <a href=\"https:\/\/www.linkedin.com\/company\/td-synnex-brasil\/posts\/?feedView=all\" target=\"_blank\" rel=\"nofollow\">LinkedIn<\/a><a href=\"http:\/\/d-click.shedi.com.br\/u\/130057\/128\/245\/296_0\/4f704\/?url=http%3A%2F%2Fd-click.shedi.com.br%2Fu%2F130057%2F125%2F178%2F262_0%2Fcc63d%2F%3Furl%3Dhttp%253A%252F%252Fd-click.shedi.com.br%252Fu%252F130057%252F124%252F245%252F255_0%252F6338c%252F%253Furl%253Dhttp%25253A%25252F%25252Fd-click.shedi.com.br%25252Fu%25252F130057%25252F120%25252F245%25252F242_0%25252F944a0%25252F%25253Furl%25253Dhttp%2525253A%2525252F%2525252Fd-click.shedi.com.br%2525252Fu%2525252F130057%2525252F117%2525252F245%2525252F221_0%2525252Fcfd5f%2525252F%2525253Furl%2525253Dhttp%252525253A%252525252F%252525252Fd-click.shedi.com.br%252525252Fu%252525252F130057%252525252F115%252525252F245%252525252F211_0%252525252Fe3cd2%252525252F%252525253Furl%252525253Dhttp%25252525253A%25252525252F%25252525252Fd-click.shedi.com.br%25252525252Fu%25252525252F130057%25252525252F111%25252525252F245%25252525252F203_0%25252525252F155fc%25252525252F%25252525253Furl%25252525253Dhttps%2525252525253A%2525252525252F%2525252525252Fwww.linkedin.com%2525252525252Fcompany%2525252525252Ftdsynnex%2525252525252Fmycompany%2525252525252F%25252525252523_blank\" target=\"_blank\" rel=\"nofollow\">,<\/a><a href=\"https:\/\/www.facebook.com\/TDSYNNEXBrasil#_blank\" target=\"_blank\" rel=\"nofollow\">Facebook<\/a>\u00a0e <a href=\"https:\/\/www.instagram.com\/tdsynnexbrasil\/#_blank\" target=\"_blank\" rel=\"nofollow\">Instagram<\/a>.\u00a0 \u00a0<\/p>\n<p id=\"PURL\">\n<img loading=\"lazy\" decoding=\"async\" title=\"Cision\" width=\"12\" height=\"12\" alt=\"Cision\" src=\"https:\/\/c212.net\/c\/img\/favicon.png?sn=PT63389&amp;sd=2025-09-02\" \/> View original content:<a id=\"PRNURL\" rel=\"nofollow\" href=\"https:\/\/www.prnewswire.com\/br\/comunicados-para-a-imprensa\/td-synnex-inaugura-cloud-competence-center-no-brasil-para-apoiar-parceiros-em-sua-jornada-na-nuvem-302543905.html\" target=\"_blank\">https:\/\/www.prnewswire.com\/br\/comunicados-para-a-imprensa\/td-synnex-inaugura-cloud-competence-center-no-brasil-para-apoiar-parceiros-em-sua-jornada-na-nuvem-302543905.html<\/a><\/p>\n<p>FONTE TD SYNNEX<\/p>\n<\/p><\/div>\n<p>  <img decoding=\"async\" alt=\"\" src=\"https:\/\/rt.prnewswire.com\/rt.gif?NewsItemId=PT63389&amp;Transmission_Id=202509021014PR_NEWS_LATAM____PT63389&amp;DateId=20250902\" style=\"border:0px;width:1px;height:1px\" \/><\/p>\n<p><strong>T\u00f3picos Relacionados:<\/strong> Novos Produtos\/Servi\u00e7os, Computa\u00e7\u00e3o em Nuvem\/Internet das Coisas, Computador\/Eletr\u00f4nica<\/p>\n<p>A <b>OESP<\/b> n\u00e3o \u00e9(s\u00e3o) respons\u00e1vel(is) por erros, incorre\u00e7\u00f5es, atrasos ou quaisquer decis\u00f5es tomadas por seus clientes com base nos Conte\u00fados ora disponibilizados, bem como tais Conte\u00fados n\u00e3o representam a opini\u00e3o da <b>OESP<\/b> e s\u00e3o de inteira responsabilidade da <b>PR Newswire Ltda<\/b><\/p>\n","protected":false},"excerpt":{"rendered":"Com foco inicial em ambiente AWS, o Cloud Competence Center (3C) oferece servi\u00e7os gerenciados, consultoria e mentoria para projetos S\u00c3O PAULO, 2 de setembro de 2025 \/PRNewswire\/ &#8212; A TD SYNNEX","protected":false},"author":1,"featured_media":115251,"comment_status":"open","ping_status":"closed","sticky":false,"template":"","format":"standard","meta":{"_acf_changed":false,"inline_featured_image":false,"_monsterinsights_skip_tracking":false,"_monsterinsights_sitenote_active":false,"_monsterinsights_sitenote_note":"","_monsterinsights_sitenote_category":0,"footnotes":""},"categories":[27],"tags":[1623,1625,1624,1626],"class_list":["post-115250","post","type-post","status-publish","format-standard","has-post-thumbnail","hentry","category-prnewswire","tag-a-td-synnex-nyse-snx","tag-anuncia-a-inauguracao-no-brasil-de-seu-cloud-competence-center-3c","tag-uma-empresa-lider-global-em-distribuicao-e-agregacao-de-solucoes","tag-uma-iniciativa-estr"],"acf":[],"_links":{"self":[{"href":"https:\/\/bluestudio.estadao.com.br\/agencia-de-comunicacao\/wp-json\/wp\/v2\/posts\/115250","targetHints":{"allow":["GET"]}}],"collection":[{"href":"https:\/\/bluestudio.estadao.com.br\/agencia-de-comunicacao\/wp-json\/wp\/v2\/posts"}],"about":[{"href":"https:\/\/bluestudio.estadao.com.br\/agencia-de-comunicacao\/wp-json\/wp\/v2\/types\/post"}],"author":[{"embeddable":true,"href":"https:\/\/bluestudio.estadao.com.br\/agencia-de-comunicacao\/wp-json\/wp\/v2\/users\/1"}],"replies":[{"embeddable":true,"href":"https:\/\/bluestudio.estadao.com.br\/agencia-de-comunicacao\/wp-json\/wp\/v2\/comments?post=115250"}],"version-history":[{"count":0,"href":"https:\/\/bluestudio.estadao.com.br\/agencia-de-comunicacao\/wp-json\/wp\/v2\/posts\/115250\/revisions"}],"wp:featuredmedia":[{"embeddable":true,"href":"https:\/\/bluestudio.estadao.com.br\/agencia-de-comunicacao\/wp-json\/wp\/v2\/media\/115251"}],"wp:attachment":[{"href":"https:\/\/bluestudio.estadao.com.br\/agencia-de-comunicacao\/wp-json\/wp\/v2\/media?parent=115250"}],"wp:term":[{"taxonomy":"category","embeddable":true,"href":"https:\/\/bluestudio.estadao.com.br\/agencia-de-comunicacao\/wp-json\/wp\/v2\/categories?post=115250"},{"taxonomy":"post_tag","embeddable":true,"href":"https:\/\/bluestudio.estadao.com.br\/agencia-de-comunicacao\/wp-json\/wp\/v2\/tags?post=115250"}],"curies":[{"name":"wp","href":"https:\/\/api.w.org\/{rel}","templated":true}]}}