{"id":115248,"date":"2025-09-02T11:12:00","date_gmt":"2025-09-02T14:12:00","guid":{"rendered":"https:\/\/bluestudio.estadao.com.br\/agencia-de-comunicacao\/prnewswire\/forum-de-prefeitos-da-cupula-mundial-de-cidades-e-concluido-com-a-uniao-de-prefeitos-e-lideres-municipais-em-torno-de-acoes-prioritarias-em-prol-de-um-futuro-habitavel-e-sustentavel\/"},"modified":"2025-09-02T11:12:00","modified_gmt":"2025-09-02T14:12:00","slug":"forum-de-prefeitos-da-cupula-mundial-de-cidades-e-concluido-com-a-uniao-de-prefeitos-e-lideres-municipais-em-torno-de-acoes-prioritarias-em-prol-de-um-futuro-habitavel-e-sustentavel","status":"publish","type":"post","link":"https:\/\/bluestudio.estadao.com.br\/agencia-de-comunicacao\/prnewswire\/forum-de-prefeitos-da-cupula-mundial-de-cidades-e-concluido-com-a-uniao-de-prefeitos-e-lideres-municipais-em-torno-de-acoes-prioritarias-em-prol-de-um-futuro-habitavel-e-sustentavel\/","title":{"rendered":"F\u00f3rum de Prefeitos da C\u00fapula Mundial de Cidades \u00e9 concluido com a uni\u00e3o de prefeitos e l\u00edderes municipais em torno de a\u00e7\u00f5es priorit\u00e1rias em prol de um futuro habit\u00e1vel e sustent\u00e1vel"},"content":{"rendered":"\n<div class=\"xn-content\">\n<p><span class=\"legendSpanClass\">SINGAPURA<\/span>, <span class=\"legendSpanClass\">2 de setembro de 2025<\/span> \/PRNewswire\/ &#8212; O 14\u00ba F\u00f3rum de Prefeitos da C\u00fapula Mundial das Cidades encerrou em 4 de julho, ap\u00f3s reunir em Viena, \u00c1ustria, 61 prefeitos e l\u00edderes municipais de 58 cidades.<\/p>\n<div id=\"prni_dvprnejpgdd99left\" dir=\"ltr\" style=\"width: 100%;text-align: left\"><img decoding=\"async\" id=\"prnejpgdd99left\" title=\" \" src=\"https:\/\/mma.prnewswire.com\/media\/2760311\/WCS_logo_Logo.jpg\" alt=\" \" align=\"middle\" \/> <\/div>\n<p>Entre os participantes estavam executivos seniores da ind\u00fastria, organiza\u00e7\u00f5es internacionais e jovens l\u00edderes, que participaram de debates din\u00e2micos sobre o tema: &#8220;<i>Cidades habit\u00e1veis e sustent\u00e1veis: solu\u00e7\u00f5es locais com impacto global&#8221;<\/i>. Entre os l\u00edderes municipais da Am\u00e9rica Latina estavam os de Medell\u00edn, Santiago de Cali e Cidade do M\u00e9xico.<\/p>\n<p>No F\u00f3rum, os prefeitos e l\u00edderes municipais abordaram os seguintes temas e destacaram as seguintes a\u00e7\u00f5es priorit\u00e1rias:<\/p>\n<ul type=\"disc\">\n<li>Oferta de moradias populares: aumentar a oferta de moradias populares e sustent\u00e1veis em \u00e1reas bem conectadas, por meio do aumento do financiamento, da participa\u00e7\u00e3o da comunidade, da simplifica\u00e7\u00e3o das pol\u00edticas e da capacidade institucional.<\/li>\n<li>Presta\u00e7\u00e3o de servi\u00e7os municipais confi\u00e1veis e eficientes: promover servi\u00e7os inclusivos mediante a participa\u00e7\u00e3o dos cidad\u00e3os, o desenvolvimento de lideran\u00e7as, tecnologias inteligentes e parcerias.<\/li>\n<li>Reformula\u00e7\u00e3o da transi\u00e7\u00e3o energ\u00e9tica urbana: promover a energia limpa por meio da colabora\u00e7\u00e3o intersetorial, investimento em infraestrutura, incentivos e regulamenta\u00e7\u00e3o favor\u00e1vel.<\/li>\n<li>Gest\u00e3o da \u00e1gua urbana em busca da resili\u00eancia: garantir o acesso \u00e0 \u00e1gua com estrat\u00e9gias adaptadas \u00e0s mudan\u00e7as clim\u00e1ticas, pol\u00edticas ajustadas, tecnologias inteligentes e solu\u00e7\u00f5es baseadas na natureza.\u00a0<\/li>\n<\/ul>\n<p>No futuro, a 10<sup>\u00aa<\/sup> edi\u00e7\u00e3o da C\u00fapula Mundial das Cidades (WCS), que ser\u00e1 realizada em Singapura de 14 a 16 de junho de 2026, continuar\u00e1 a abordar essas quest\u00f5es relacionadas \u00e0 habitabilidade.\u00a0Este evento hist\u00f3rico pretende aprofundar a colabora\u00e7\u00e3o entre cidades, ind\u00fastrias e institui\u00e7\u00f5es acad\u00eamicas no enfrentamento dos desafios urbanos urgentes.\u00a0Em geral, a C\u00fapula re\u00fane mais de 3.500 delegados e visitantes profissionais, promovendo a sua participa\u00e7\u00e3o atrav\u00e9s de um programa e uma exposi\u00e7\u00e3o diversificados e abrangentes.<\/p>\n<p>Com o tema &#8220;<i>Cidades habit\u00e1veis e sustent\u00e1veis: AJA agora<\/i>!&#8221;, a WCS 2026 convida os participantes a <u>acelerar o ritmo<\/u> das solu\u00e7\u00f5es urbanas, <u>promover a colabora\u00e7\u00e3o<\/u> entre setores e <u>transformar<\/u> as cidades em benef\u00edcio das gera\u00e7\u00f5es futuras. Os delegados participar\u00e3o de seis trilhas tem\u00e1ticas, incluindo uma nova trilha criada pela equipe respons\u00e1vel pela plataforma WRLDCTY. Cada trilha conta com duas sess\u00f5es plen\u00e1rias, complementadas por reuni\u00f5es, masterclasses e mesas redondas. Os temas abordados s\u00e3o: Cidades para as Pessoas, Cidades Resilientes e Regenerativas, Cidades Inteligentes, Financiamento para Cidades e Cidades do Futuro.<\/p>\n<p>A WCS 2026 tamb\u00e9m acolhe os novos parceiros &#8211; Expo Real Asia Pacific e WRLDCTY, que trazem a sua confer\u00eancia global a Singapura pela primeira vez.<\/p>\n<p>As imagens oficiais do evento a serem atribu\u00eddas \u00e0 C\u00fapula Mundial das Cidades podem ser acessadas por meio deste <a href=\"https:\/\/drive.google.com\/drive\/folders\/1NArhnzYUL3rEl2f8Nuen5XZDHxEcdm91?usp=sharing\" target=\"_blank\" rel=\"nofollow\">link<\/a>. Saiba mais sobre a WCS 2026 em: <a href=\"https:\/\/www.worldcitiessummit.com.sg\/\" target=\"_blank\" rel=\"nofollow\">worldcitiessummit.com.sg<\/a><\/p>\n<p class=\"prntac\"><b>FIM<\/b>\n <\/p>\n<p><b>Sobre a C\u00fapula Mundial das Cidades <\/b>\n <\/p>\n<p>A C\u00fapula Mundial das Cidades (WCS), realizada a cada dois anos, \u00e9 uma plataforma para l\u00edderes governamentais e especialistas do setor abordarem desafios relacionados \u00e0 habitabilidade e sustentabilidade das cidades, compartilharem solu\u00e7\u00f5es urbanas integradas e estabelecerem novas parcerias. Organizada em conjunto pelo Centro para Cidades Habit\u00e1veis (CLC) de Singapura e pela Autoridade de Reestrutura\u00e7\u00e3o Urbana (URA), os principais destaques da C\u00fapula s\u00e3o o F\u00f3rum de Prefeitos da WCS, o Pr\u00eamio Lee Kuan Yew World City e o Simp\u00f3sio de Jovens L\u00edderes da WCS.<\/p>\n<p>Logotipo &#8211; <a href=\"https:\/\/mma.prnewswire.com\/media\/2760311\/WCS_logo_Logo.jpg\" target=\"_blank\" rel=\"nofollow\">https:\/\/mma.prnewswire.com\/media\/2760311\/WCS_logo_Logo.jpg<\/a><\/p>\n<p id=\"PURL\">\n<img loading=\"lazy\" decoding=\"async\" title=\"Cision\" width=\"12\" height=\"12\" alt=\"Cision\" src=\"https:\/\/c212.net\/c\/img\/favicon.png?sn=PT61087&amp;sd=2025-09-02\" \/> View original content:<a id=\"PRNURL\" rel=\"nofollow\" href=\"https:\/\/www.prnewswire.com\/br\/comunicados-para-a-imprensa\/forum-de-prefeitos-da-cupula-mundial-de-cidades-e-concluido-com-a-uniao-de-prefeitos-e-lideres-municipais-em-torno-de-acoes-prioritarias-em-prol-de-um-futuro-habitavel-e-sustentavel-302543584.html\" target=\"_blank\">https:\/\/www.prnewswire.com\/br\/comunicados-para-a-imprensa\/forum-de-prefeitos-da-cupula-mundial-de-cidades-e-concluido-com-a-uniao-de-prefeitos-e-lideres-municipais-em-torno-de-acoes-prioritarias-em-prol-de-um-futuro-habitavel-e-sustentavel-302543584.html<\/a><\/p>\n<p>FONTE World Cities Summit<\/p>\n<\/p><\/div>\n<p>  <img decoding=\"async\" alt=\"\" src=\"https:\/\/rt.prnewswire.com\/rt.gif?NewsItemId=PT61087&amp;Transmission_Id=202509021000PR_NEWS_LATAM____PT61087&amp;DateId=20250902\" style=\"border:0px;width:1px;height:1px\" \/><\/p>\n<p><strong>T\u00f3picos Relacionados:<\/strong> Servi\u00e7os Banc\u00e1rios\/Financeiros, Produtos e Servi\u00e7os Ambientais<\/p>\n<p>A <b>OESP<\/b> n\u00e3o \u00e9(s\u00e3o) respons\u00e1vel(is) por erros, incorre\u00e7\u00f5es, atrasos ou quaisquer decis\u00f5es tomadas por seus clientes com base nos Conte\u00fados ora disponibilizados, bem como tais Conte\u00fados n\u00e3o representam a opini\u00e3o da <b>OESP<\/b> e s\u00e3o de inteira responsabilidade da <b>PR Newswire Ltda<\/b><\/p>\n","protected":false},"excerpt":{"rendered":"SINGAPURA, 2 de setembro de 2025 \/PRNewswire\/ &#8212; O 14\u00ba F\u00f3rum de Prefeitos da C\u00fapula Mundial das Cidades encerrou em 4 de julho, ap\u00f3s reunir em Viena, \u00c1ustria, 61 prefeitos e l\u00edderes","protected":false},"author":1,"featured_media":115249,"comment_status":"open","ping_status":"closed","sticky":false,"template":"","format":"standard","meta":{"_acf_changed":false,"inline_featured_image":false,"_monsterinsights_skip_tracking":false,"_monsterinsights_sitenote_active":false,"_monsterinsights_sitenote_note":"","_monsterinsights_sitenote_category":0,"footnotes":""},"categories":[27],"tags":[1622,1620,1621,1619],"class_list":["post-115248","post","type-post","status-publish","format-standard","has-post-thumbnail","hentry","category-prnewswire","tag-61-prefeitos-e-lideres-municipais-de-58-cidades","tag-apos-reunir-em-viena","tag-austria","tag-o-14o-forum-de-prefeitos-da-cupula-mundial-das-cidades-encerrou-em-4-de-julho"],"acf":[],"_links":{"self":[{"href":"https:\/\/bluestudio.estadao.com.br\/agencia-de-comunicacao\/wp-json\/wp\/v2\/posts\/115248","targetHints":{"allow":["GET"]}}],"collection":[{"href":"https:\/\/bluestudio.estadao.com.br\/agencia-de-comunicacao\/wp-json\/wp\/v2\/posts"}],"about":[{"href":"https:\/\/bluestudio.estadao.com.br\/agencia-de-comunicacao\/wp-json\/wp\/v2\/types\/post"}],"author":[{"embeddable":true,"href":"https:\/\/bluestudio.estadao.com.br\/agencia-de-comunicacao\/wp-json\/wp\/v2\/users\/1"}],"replies":[{"embeddable":true,"href":"https:\/\/bluestudio.estadao.com.br\/agencia-de-comunicacao\/wp-json\/wp\/v2\/comments?post=115248"}],"version-history":[{"count":0,"href":"https:\/\/bluestudio.estadao.com.br\/agencia-de-comunicacao\/wp-json\/wp\/v2\/posts\/115248\/revisions"}],"wp:featuredmedia":[{"embeddable":true,"href":"https:\/\/bluestudio.estadao.com.br\/agencia-de-comunicacao\/wp-json\/wp\/v2\/media\/115249"}],"wp:attachment":[{"href":"https:\/\/bluestudio.estadao.com.br\/agencia-de-comunicacao\/wp-json\/wp\/v2\/media?parent=115248"}],"wp:term":[{"taxonomy":"category","embeddable":true,"href":"https:\/\/bluestudio.estadao.com.br\/agencia-de-comunicacao\/wp-json\/wp\/v2\/categories?post=115248"},{"taxonomy":"post_tag","embeddable":true,"href":"https:\/\/bluestudio.estadao.com.br\/agencia-de-comunicacao\/wp-json\/wp\/v2\/tags?post=115248"}],"curies":[{"name":"wp","href":"https:\/\/api.w.org\/{rel}","templated":true}]}}