{"id":115234,"date":"2025-09-02T04:42:00","date_gmt":"2025-09-02T07:42:00","guid":{"rendered":"https:\/\/bluestudio.estadao.com.br\/agencia-de-comunicacao\/prnewswire\/iniciativa-inovadora-protege-criancas-em-comunidades-produtoras-de-cacau-na-costa-do-marfim\/"},"modified":"2025-09-02T04:42:00","modified_gmt":"2025-09-02T07:42:00","slug":"iniciativa-inovadora-protege-criancas-em-comunidades-produtoras-de-cacau-na-costa-do-marfim","status":"publish","type":"post","link":"https:\/\/bluestudio.estadao.com.br\/agencia-de-comunicacao\/prnewswire\/iniciativa-inovadora-protege-criancas-em-comunidades-produtoras-de-cacau-na-costa-do-marfim\/","title":{"rendered":"Iniciativa inovadora protege crian\u00e7as em comunidades produtoras de cacau na Costa do Marfim"},"content":{"rendered":"\n<div class=\"xn-content\">\n<p class=\"prntac\"><i>Parceria entre a Save the Children, a Coopera\u00e7\u00e3o Italiana e a Ferrero, une esfor\u00e7os para melhorar as condi\u00e7\u00f5es de vida das crian\u00e7as, promover bem-estar e combater o trabalho infantil<\/i>\n <\/p>\n<p>LUXEMBOURG, <span class=\"legendSpanClass\">2 de setembro de 2025<\/span> \/PRNewswire\/ &#8212; Institui\u00e7\u00f5es p\u00fablicas, setor privado e sociedade civil se uniram para proteger crian\u00e7as e adolescentes que vivem em comunidades produtoras de cacau na Costa do Marfim. A iniciativa \u00e9 fruto de uma colabora\u00e7\u00e3o entre a Coopera\u00e7\u00e3o Italiana, a Save the Children e a Ferrero, com a\u00e7\u00f5es previstas na regi\u00e3o de Haut Sassandra e no distrito de Montagnes.<\/p>\n<p>O projeto, que ter\u00e1 dura\u00e7\u00e3o at\u00e9 2030, amplia um programa-piloto iniciado pela Save the Children em 2017 com o apoio da Ferrero, que seguir\u00e1 cofinanciando a iniciativa dentro de um modelo de parceria p\u00fablico-privada.<\/p>\n<p>A iniciativa tamb\u00e9m contar\u00e1 com recursos da Coopera\u00e7\u00e3o Italiana, ap\u00f3s aprova\u00e7\u00e3o em processo seletivo conduzido pela Ag\u00eancia Italiana de Coopera\u00e7\u00e3o para o Desenvolvimento (AICS).<\/p>\n<p>Ap\u00f3s o processo de sele\u00e7\u00e3o, o projeto foi apresentado oficialmente em Abidj\u00e3 durante a miss\u00e3o de maio de 2025 do sistema de coopera\u00e7\u00e3o italiano na \u00c1frica Ocidental, liderada por Stefano Gatti, diretor-geral de Coopera\u00e7\u00e3o para o Desenvolvimento.<\/p>\n<p>Com o novo aporte da AICS[1] e o apoio renovado da Ferrero, o programa contar\u00e1 com um financiamento total de quase 20 milh\u00f5es de euros.[2]<\/p>\n<p>O programa tem como objetivo fortalecer a prote\u00e7\u00e3o infantil e o respeito aos direitos das crian\u00e7as em comunidades produtoras de cacau. As a\u00e7\u00f5es previstas buscam reduzir riscos e enfrentar as causas do trabalho infantil, relacionadas \u00e0 vulnerabilidade socioecon\u00f4mica.<\/p>\n<p><b>Cadeia de fornecimento e impacto social<\/b>\n <\/p>\n<p>A iniciativa envolve governos, institui\u00e7\u00f5es, sociedade civil e setor privado em um esfor\u00e7o conjunto. Ao estimular comunidades mais resilientes e sustent\u00e1veis, o projeto cria condi\u00e7\u00f5es para proteger a inf\u00e2ncia, com foco em acesso \u00e0 educa\u00e7\u00e3o e sa\u00fade b\u00e1sica, melhoria dos sistemas de registro de nascimento, garantia de meios de subsist\u00eancia e nutri\u00e7\u00e3o, apoio \u00e0s comunidades e neg\u00f3cios liderados por mulheres e combate ao trabalho infantil.<\/p>\n<p>O diferencial da iniciativa est\u00e1 em seu enfoque integrado, que conecta comunidades, fam\u00edlias, fornecedores e governos locais no campo, ao mesmo tempo em que promove a sustentabilidade econ\u00f4mica por meio da mobiliza\u00e7\u00e3o de recursos institucionais e privados para impulsionar mudan\u00e7as de longo prazo. Ao atuar diretamente na cadeia de fornecimento do cacau desde a fase de concep\u00e7\u00e3o, o projeto estimula a troca de conhecimento entre os setores. Esse processo amplia o impacto para al\u00e9m do investimento inicial e contribui para transformar boas pr\u00e1ticas em pol\u00edticas p\u00fablicas.<\/p>\n<p>As medidas de prote\u00e7\u00e3o infantil tamb\u00e9m est\u00e3o integradas \u00e0s opera\u00e7\u00f5es da cadeia de fornecimento, o que garante que as a\u00e7\u00f5es cheguem \u00e0s crian\u00e7as mais vulner\u00e1veis, promovam a sustentabilidade a longo prazo e possam ser replicadas em maior escala. A iniciativa conta ainda com indicadores de desempenho e sistemas de avalia\u00e7\u00e3o para assegurar resultados concretos e duradouros.<\/p>\n<p><b>Prote\u00e7\u00e3o infantil no centro da a\u00e7\u00e3o<\/b>\n <\/p>\n<p>&#8220;Acreditamos na import\u00e2ncia da colabora\u00e7\u00e3o entre institui\u00e7\u00f5es p\u00fablicas, nacionais e internacionais, sociedade civil e setor privado, reconhecendo o valor \u00fanico que cada ator traz&#8221;, afirma Daniela Fatarella, CEO da Save the Children It\u00e1lia. &#8220;O verdadeiro impacto n\u00e3o resulta de a\u00e7\u00f5es isoladas, mas de parcerias transformadoras de longo prazo. Por isso, encaramos essa colabora\u00e7\u00e3o como um investimento real que envolve m\u00faltiplos atores para gerar resultados sustent\u00e1veis. O projeto demonstra que o desenvolvimento socioecon\u00f4mico sustent\u00e1vel na Costa do Marfim \u00e9 poss\u00edvel gra\u00e7as \u00e0 experi\u00eancia da Ferrero na cadeia de fornecimento, \u00e0 vis\u00e3o estrat\u00e9gica e capacidade de financiamento da Coopera\u00e7\u00e3o Italiana e \u00e0 experi\u00eancia pr\u00e1tica da Save the Children. Dessa forma, a parceria alcan\u00e7a resultados que v\u00e3o al\u00e9m, tornando-se uma agente de mudan\u00e7a.&#8221;<\/p>\n<p>&#8220;Na Ferrero, respeitar e promover os direitos humanos \u00e9 fundamental. Esses princ\u00edpios est\u00e3o incorporados \u00e0s nossas pr\u00e1ticas de abastecimento, apoiando pessoas e comunidades dentro da nossa cadeia&#8221;, pontua Isabel Hochgesand, Global Chief Procurement Officer da Ferrero. &#8220;Essa nova fase de colabora\u00e7\u00e3o com a Save the Children e a Coopera\u00e7\u00e3o Italiana representa um passo importante para um ecossistema de cacau mais sustent\u00e1vel. Trabalhando ao longo de toda a cadeia de valor do cacau, buscamos construir um fornecimento transparente, inclusivo e duradouro, capaz de gerar impacto positivo tanto para as comunidades quanto para o nosso neg\u00f3cio.&#8221;<\/p>\n<p>Para mais informa\u00e7\u00f5es sobre o programa, visite <a href=\"https:\/\/www.ferrero.com\/int\/en\/news-stories\/stories\/save-the-children-and-ferrero-expand-cocoa-partnership-in-cote-d-ivoire\" target=\"_blank\" rel=\"nofollow\">o site da Ferrero<\/a>.<\/p>\n<p>[1]\u00a0Edital para a concess\u00e3o de subs\u00eddios a iniciativas promovidas por Organiza\u00e7\u00f5es da Sociedade Civil (e outras entidades sem fins lucrativos) inscritas na lista referida no artigo 26, par\u00e1grafo 3, da Lei n.\u00ba 125\/2014, a serem realizadas na Costa do Marfim ? Dota\u00e7\u00e3o financeira plurianual de 30 milh\u00f5es de euros.<\/p>\n<p>[2]\u00a0Do montante total, mais de 8,8 milh\u00f5es de euros prov\u00eam da Coopera\u00e7\u00e3o Italiana, 8 milh\u00f5es s\u00e3o destinados pela Ferrero e a parte restante \u00e9 garantida por um cofinanciamento da Save the Children.<\/p>\n<p id=\"PURL\">\n<img loading=\"lazy\" decoding=\"async\" title=\"Cision\" width=\"12\" height=\"12\" alt=\"Cision\" src=\"https:\/\/c212.net\/c\/img\/favicon.png?sn=PT62833&amp;sd=2025-09-02\" \/> View original content:<a id=\"PRNURL\" rel=\"nofollow\" href=\"https:\/\/www.prnewswire.com\/br\/comunicados-para-a-imprensa\/iniciativa-inovadora-protege-criancas-em-comunidades-produtoras-de-cacau-na-costa-do-marfim-302543225.html\" target=\"_blank\">https:\/\/www.prnewswire.com\/br\/comunicados-para-a-imprensa\/iniciativa-inovadora-protege-criancas-em-comunidades-produtoras-de-cacau-na-costa-do-marfim-302543225.html<\/a><\/p>\n<p>FONTE Ferrero<\/p>\n<\/p><\/div>\n<p>  <img decoding=\"async\" alt=\"\" src=\"https:\/\/rt.prnewswire.com\/rt.gif?NewsItemId=PT62833&amp;Transmission_Id=202509020330PR_NEWS_LATAM____PT62833&amp;DateId=20250902\" style=\"border:0px;width:1px;height:1px\" \/><\/p>\n<p><strong>T\u00f3picos Relacionados:<\/strong> Not\u00edcias Relacionadas a Crian\u00e7as, Computador\/Eletr\u00f4nica, Servi\u00e7os Banc\u00e1rios\/Financeiros<\/p>\n<p>A <b>OESP<\/b> n\u00e3o \u00e9(s\u00e3o) respons\u00e1vel(is) por erros, incorre\u00e7\u00f5es, atrasos ou quaisquer decis\u00f5es tomadas por seus clientes com base nos Conte\u00fados ora disponibilizados, bem como tais Conte\u00fados n\u00e3o representam a opini\u00e3o da <b>OESP<\/b> e s\u00e3o de inteira responsabilidade da <b>PR Newswire Ltda<\/b><\/p>\n","protected":false},"excerpt":{"rendered":"Parceria entre a Save the Children, a Coopera\u00e7\u00e3o Italiana e a Ferrero, une esfor\u00e7os para melhorar as condi\u00e7\u00f5es de vida das crian\u00e7as, promover bem-estar e combater o trabalho infantil LUXEMBOURG,","protected":false},"author":1,"featured_media":115235,"comment_status":"open","ping_status":"closed","sticky":false,"template":"","format":"standard","meta":{"_acf_changed":false,"inline_featured_image":false,"_monsterinsights_skip_tracking":false,"_monsterinsights_sitenote_active":false,"_monsterinsights_sitenote_note":"","_monsterinsights_sitenote_category":0,"footnotes":""},"categories":[27],"tags":[1609,1610],"class_list":["post-115234","post","type-post","status-publish","format-standard","has-post-thumbnail","hentry","category-prnewswire","tag-instituicoes-publicas","tag-setor-privado-e-sociedade-civil-se-uniram-para-proteger-criancas-e-adolescentes-que-vivem-em-comunidades-produtoras-de-cacau-na-costa-do-marfim-a-iniciativ"],"acf":[],"_links":{"self":[{"href":"https:\/\/bluestudio.estadao.com.br\/agencia-de-comunicacao\/wp-json\/wp\/v2\/posts\/115234","targetHints":{"allow":["GET"]}}],"collection":[{"href":"https:\/\/bluestudio.estadao.com.br\/agencia-de-comunicacao\/wp-json\/wp\/v2\/posts"}],"about":[{"href":"https:\/\/bluestudio.estadao.com.br\/agencia-de-comunicacao\/wp-json\/wp\/v2\/types\/post"}],"author":[{"embeddable":true,"href":"https:\/\/bluestudio.estadao.com.br\/agencia-de-comunicacao\/wp-json\/wp\/v2\/users\/1"}],"replies":[{"embeddable":true,"href":"https:\/\/bluestudio.estadao.com.br\/agencia-de-comunicacao\/wp-json\/wp\/v2\/comments?post=115234"}],"version-history":[{"count":0,"href":"https:\/\/bluestudio.estadao.com.br\/agencia-de-comunicacao\/wp-json\/wp\/v2\/posts\/115234\/revisions"}],"wp:featuredmedia":[{"embeddable":true,"href":"https:\/\/bluestudio.estadao.com.br\/agencia-de-comunicacao\/wp-json\/wp\/v2\/media\/115235"}],"wp:attachment":[{"href":"https:\/\/bluestudio.estadao.com.br\/agencia-de-comunicacao\/wp-json\/wp\/v2\/media?parent=115234"}],"wp:term":[{"taxonomy":"category","embeddable":true,"href":"https:\/\/bluestudio.estadao.com.br\/agencia-de-comunicacao\/wp-json\/wp\/v2\/categories?post=115234"},{"taxonomy":"post_tag","embeddable":true,"href":"https:\/\/bluestudio.estadao.com.br\/agencia-de-comunicacao\/wp-json\/wp\/v2\/tags?post=115234"}],"curies":[{"name":"wp","href":"https:\/\/api.w.org\/{rel}","templated":true}]}}