{"id":115206,"date":"2025-09-01T10:42:00","date_gmt":"2025-09-01T13:42:00","guid":{"rendered":"https:\/\/bluestudio.estadao.com.br\/agencia-de-comunicacao\/releases\/releases-geral\/ezviz-firma-parceria-com-a-plastic-bank-para-combater-a-poluicao-plastica-com-inovacao-sustentavel-e-impacto-social\/"},"modified":"2025-09-01T10:42:00","modified_gmt":"2025-09-01T13:42:00","slug":"ezviz-firma-parceria-com-a-plastic-bank-para-combater-a-poluicao-plastica-com-inovacao-sustentavel-e-impacto-social","status":"publish","type":"post","link":"https:\/\/bluestudio.estadao.com.br\/agencia-de-comunicacao\/releases\/releases-geral\/ezviz-firma-parceria-com-a-plastic-bank-para-combater-a-poluicao-plastica-com-inovacao-sustentavel-e-impacto-social\/","title":{"rendered":"EZVIZ firma parceria com a Plastic Bank para combater a polui\u00e7\u00e3o pl\u00e1stica com inova\u00e7\u00e3o sustent\u00e1vel e impacto social"},"content":{"rendered":"<p><img decoding=\"async\" alt=\"\" height=\"312.0px\" src=\"https:\/\/ml.globenewswire.com\/Resource\/Download\/125d08a5-ac72-4136-be3b-b51329e60af3\/image1.jpg\" width=\"624.0px\" \/><\/p>\n<p align=\"justify\">S\u00c3O PAULO, Sept.  01, 2025  (GLOBE NEWSWIRE) &#8212; A EZVIZ, refer\u00eancia global em solu\u00e7\u00f5es de casa inteligente, anuncia uma nova parceria estrat\u00e9gica com a Plastic Bank, organiza\u00e7\u00e3o internacional dedicada \u00e0 redu\u00e7\u00e3o da polui\u00e7\u00e3o pl\u00e1stica nos oceanos. A colabora\u00e7\u00e3o marca mais um passo da EZVIZ em sua <a href=\"https:\/\/www.globenewswire.com\/Tracker?data=VgsmQqE5CFkhlvZGAHtNt47cTzP844gi1Uo0hZcgKAX5q5dhlVcmIvR88DCuc7r0r9ILS_931t1TXaow1UzWGiAFNdxAweeKqRq0HT1gnk88F7rhvJVqFTTtV7InpO0i\" rel=\"nofollow\" target=\"_blank\">Iniciativa Verde<\/a>, alinhada aos compromissos assumidos no \u00faltimo Dia Mundial do Meio Ambiente. Sob o lema Juntos pela mudan\u00e7a, garrafa a garrafa, a empresa refor\u00e7a sua miss\u00e3o de alinhar inova\u00e7\u00e3o tecnol\u00f3gica com responsabilidade ambiental e transforma\u00e7\u00e3o social.<\/p>\n<p align=\"justify\">Em 2025, a parceria j\u00e1 demonstra resultados expressivos: mais de 1 milh\u00e3o de garrafas pl\u00e1sticas deixaram de poluir os oceanos gra\u00e7as ao apoio da EZVIZ, al\u00e9m da remo\u00e7\u00e3o de aproximadamente 20 toneladas de res\u00edduos pl\u00e1sticos em \u00e1reas ambientalmente vulner\u00e1veis. A atua\u00e7\u00e3o conjunta impactou 29 comunidades na Am\u00e9rica Latina, Sudeste Asi\u00e1tico e \u00c1frica, promovendo oportunidades de gera\u00e7\u00e3o de renda e fortalecimento comunit\u00e1rio por meio do modelo de economia circular da Plastic Bank.<\/p>\n<p align=\"justify\">Com a EZVIZ, estamos mostrando que cada pequena a\u00e7\u00e3o pode desencadear uma mudan\u00e7a significativa na prote\u00e7\u00e3o dos oceanos e no empoderamento das comunidades locais, afirma David Katz, fundador da Plastic Bank. Juntos, provamos que a tecnologia pode ser uma for\u00e7a positiva na constru\u00e7\u00e3o de um futuro onde pessoas e planeta prosperam em harmonia.<\/p>\n<p align=\"justify\">Sustentabilidade no DNA da inova\u00e7\u00e3o<\/p>\n<p align=\"justify\">O compromisso da EZVIZ com a sustentabilidade vai al\u00e9m das parcerias. Em 2024, a empresa evitou o descarte de 22,3 toneladas de pl\u00e1stico ao incorporar materiais reciclados na produ\u00e7\u00e3o de seus rob\u00f4s aspiradores. J\u00e1 as c\u00e2meras com bateria, como a <a href=\"https:\/\/www.globenewswire.com\/Tracker?data=tLGmZkG_PB5u9LVoqJDSOxxaWAFuw0bueLxKPSOEtd5zgxPj8Si1sY0qkQsMV2HoBkZJFbCG9X_rO7M4rTRRG78Xf76TjGT4yuklEckP9ZPe5BMYQO8Ds4NSQXBGHepz\" rel=\"nofollow\" target=\"_blank\">EB3<\/a>, combinam uso de energia solar (com economia de at\u00e9 80%) e reciclabilidade de aproximadamente 80% de seus componentes  tudo isso com embalagens 100% recicl\u00e1veis.<\/p>\n<p align=\"justify\">A empresa tamb\u00e9m investe continuamente na reformula\u00e7\u00e3o de suas embalagens. A substitui\u00e7\u00e3o de materiais pl\u00e1sticos por op\u00e7\u00f5es recicladas e \u00e0 base de papel eliminou mais de 1 milh\u00e3o de sacos de pl\u00e1stico bolha por m\u00eas. Medidas adicionais, como a otimiza\u00e7\u00e3o dos formatos de embalagem e a ado\u00e7\u00e3o de grava\u00e7\u00e3o a laser em vez de etiquetas impressas, resultaram na redu\u00e7\u00e3o de 1,57 tonelada de papel apenas em 2024.<\/p>\n<p align=\"justify\">Nossa abordagem \u00e9 hol\u00edstica: desenvolvemos produtos que geram impacto positivo real, destaca Sophie Zhang, Diretora Global de Marca da EZVIZ. Acreditamos em uma redu\u00e7\u00e3o de pl\u00e1stico centrada nas pessoas, movida pela tecnologia e com potencial de escala global.<\/p>\n<p>Contacto<br \/>Charlene Li<br \/>lixiaolan15@ezviz.com<\/p>\n<p>Foto deste comunicado dispon\u00edvel em:\u00a0<a href=\"https:\/\/www.globenewswire.com\/Tracker?data=otQrS_g9cvXslB8wckrMvadoEytvHar7ci3AUyl6UcuI18JbrxEmDPKucGdcrsGlHOVxqLJlKQpIY58-9xQfvwFz17VeK0gE1Ww9QfbG9cavnH-X-DiTSWrtq31iPz_P8Xkd84MiTMcCLSXxDQt4T0eCfiOR_2ohB9RqCI-6G4_2-luI03UcJFGE1x5rNIkRWBWeoTla2FvnSZ8WWXwLL1GFqM_3PGPUcDkk7hQLr6k9K_DNYZqH6s7jmOxnbdp_HRsW5pcjdyYa05lp5NZkrQ==\" rel=\"nofollow\" target=\"_blank\">https:\/\/www.globenewswire.com\/NewsRoom\/AttachmentNg\/da692370-ce62-410c-835e-a7b27234531b<\/a><\/p>\n<p> <img decoding=\"async\" alt=\"\" class=\"__GNW8366DE3E__IMG\" src=\"https:\/\/www.globenewswire.com\/newsroom\/ti?nf=OTUyMDUzNiM3MTE1OTA4IzIyNjQyNjg=\" \/> <br \/><img decoding=\"async\" alt=\"\" src=\"https:\/\/ml.globenewswire.com\/media\/MDY3ZTc5ZjEtMWZjOC00ZGIwLTkzNTQtMGQ0N2EzMmI1MWNhLTEyNzU4MTgtMjAyNS0wOS0wMS1wdA==\/tiny\/Hangzhou-EZVIZ-Network-Co-LTD-.png\" \/><br \/>\n<a href=\"https:\/\/www.globenewswire.com\/NewsRoom\/AttachmentNg\/006cc048-c678-41ea-a61f-64ba45fa7510\"><img loading=\"lazy\" decoding=\"async\" src=\"https:\/\/ml.globenewswire.com\/media\/006cc048-c678-41ea-a61f-64ba45fa7510\/small\/\" border=\"0\" width=\"150\" height=\"38\" alt=\"Primary Logo\" \/><\/a><\/p>\n<p>A <b>OESP<\/b> nao e(sao) responsavel(is) por erros, incorrecoes, atrasos ou quaisquer decisoes tomadas por seus clientes com base nos Conteudos ora disponibilizados, bem como tais Conteudos nao representam a opiniao da <b>OESP<\/b> e sao de inteira responsabilidade da <b>GlobeNewswire<\/b><\/p>\n","protected":false},"excerpt":{"rendered":"S\u00c3O PAULO, Sept.  01, 2025  (GLOBE NEWSWIRE) &#8212; A EZVIZ, refer\u00eancia global em solu\u00e7\u00f5es de casa inteligente, anuncia uma nova parceria estrat\u00e9gica c","protected":false},"author":1,"featured_media":0,"comment_status":"open","ping_status":"closed","sticky":false,"template":"","format":"standard","meta":{"_acf_changed":false,"inline_featured_image":false,"_monsterinsights_skip_tracking":false,"_monsterinsights_sitenote_active":false,"_monsterinsights_sitenote_note":"","_monsterinsights_sitenote_category":0,"footnotes":""},"categories":[34],"tags":[],"class_list":["post-115206","post","type-post","status-publish","format-standard","hentry","category-releases-geral"],"acf":[],"_links":{"self":[{"href":"https:\/\/bluestudio.estadao.com.br\/agencia-de-comunicacao\/wp-json\/wp\/v2\/posts\/115206","targetHints":{"allow":["GET"]}}],"collection":[{"href":"https:\/\/bluestudio.estadao.com.br\/agencia-de-comunicacao\/wp-json\/wp\/v2\/posts"}],"about":[{"href":"https:\/\/bluestudio.estadao.com.br\/agencia-de-comunicacao\/wp-json\/wp\/v2\/types\/post"}],"author":[{"embeddable":true,"href":"https:\/\/bluestudio.estadao.com.br\/agencia-de-comunicacao\/wp-json\/wp\/v2\/users\/1"}],"replies":[{"embeddable":true,"href":"https:\/\/bluestudio.estadao.com.br\/agencia-de-comunicacao\/wp-json\/wp\/v2\/comments?post=115206"}],"version-history":[{"count":0,"href":"https:\/\/bluestudio.estadao.com.br\/agencia-de-comunicacao\/wp-json\/wp\/v2\/posts\/115206\/revisions"}],"wp:attachment":[{"href":"https:\/\/bluestudio.estadao.com.br\/agencia-de-comunicacao\/wp-json\/wp\/v2\/media?parent=115206"}],"wp:term":[{"taxonomy":"category","embeddable":true,"href":"https:\/\/bluestudio.estadao.com.br\/agencia-de-comunicacao\/wp-json\/wp\/v2\/categories?post=115206"},{"taxonomy":"post_tag","embeddable":true,"href":"https:\/\/bluestudio.estadao.com.br\/agencia-de-comunicacao\/wp-json\/wp\/v2\/tags?post=115206"}],"curies":[{"name":"wp","href":"https:\/\/api.w.org\/{rel}","templated":true}]}}