{"id":114938,"date":"2025-08-22T13:12:00","date_gmt":"2025-08-22T16:12:00","guid":{"rendered":"https:\/\/bluestudio.estadao.com.br\/agencia-de-comunicacao\/prnewswire\/setor-de-comercio-lidera-numero-de-ocorrencias-de-incendios-nos-ultimos-dois-anos\/"},"modified":"2025-08-22T13:12:00","modified_gmt":"2025-08-22T16:12:00","slug":"setor-de-comercio-lidera-numero-de-ocorrencias-de-incendios-nos-ultimos-dois-anos","status":"publish","type":"post","link":"https:\/\/bluestudio.estadao.com.br\/agencia-de-comunicacao\/prnewswire\/setor-de-comercio-lidera-numero-de-ocorrencias-de-incendios-nos-ultimos-dois-anos\/","title":{"rendered":"Setor de com\u00e9rcio lidera n\u00famero de ocorr\u00eancias de inc\u00eandios nos \u00faltimos dois anos"},"content":{"rendered":"\n<div class=\"xn-content\">\n<p class=\"prntac\"><b>  <i>Com foco na preven\u00e7\u00e3o e combate aos sinistros, a Expo Inc\u00eandio 2025 \u00a0destacar\u00e1 materiais, recursos e treinamentos <\/i><\/b>\n <\/p>\n<p><span class=\"legendSpanClass\">S\u00c3O PAULO<\/span>, <span class=\"legendSpanClass\">22 de agosto de 2025<\/span> \/PRNewswire\/ &#8212; O n\u00famero de not\u00edcias sobre ocorr\u00eancias de inc\u00eandios estruturais, registrados em estabelecimentos do setor de com\u00e9rcio e de servi\u00e7os, dep\u00f3sitos, ind\u00fastrias e outros locais, cresceu 18% entre 2022 e 2024, e segue expressivo em 2025, segundo dados do Instituto Sprinkler Brasil. O setor de com\u00e9rcio, que inclui lojas, shoppings e supermercados, \u00e9 o que registra o maior n\u00famero de sinistros. \u00c9 nesse cen\u00e1rio que a <a href=\"https:\/\/abspk.org.br\/\" target=\"_blank\" rel=\"nofollow\"><b>Associa\u00e7\u00e3o Brasileira de Sprinklers ? ABSpk<\/b><\/a>\u00a0realiza a<b> Expo Inc\u00eandio 2025,<\/b> primeira feira exclusiva do setor de seguran\u00e7a contra inc\u00eandios no Brasil.<\/p>\n<p>&#8220;A preven\u00e7\u00e3o contra inc\u00eandios deve ser prioridade. \u00c9 preciso ampliar a consci\u00eancia das empresas e institui\u00e7\u00f5es sobre a necessidade de estarem equipadas e preparadas para evitar os sinistros&#8221;, destaca Paulo Floriano, Presidente da ABSpk, ao citar, entre os desafios, o mapeamento dos riscos, o cumprimento das legisla\u00e7\u00f5es e requerimentos das seguradoras.<\/p>\n<p>Os dados do ISB mostram que, al\u00e9m do com\u00e9rcio, os sinistros ocorrem em maior n\u00famero em dep\u00f3sitos e locais p\u00fablicos de reuni\u00e3o, com \u00edndices que respondem por 10% a 15% em m\u00e9dia dos registros. J\u00e1 no primeiro semestre de 2025, o setor de ind\u00fastrias teve o maior aumento, de 34% em rela\u00e7\u00e3o ao mesmo per\u00edodo de 2024 &#8211; ano em que o n\u00famero de not\u00edcias sobre inc\u00eandios bateu o recorde hist\u00f3rico da s\u00e9rie do ISB, com 2.453 ocorr\u00eancias (+10,4%).<\/p>\n<p>&#8220;No cen\u00e1rio em que incidentes como curtos-circuitos, neglig\u00eancia humana, falta de manuten\u00e7\u00e3o preventiva e sobrecargas el\u00e9tricas s\u00e3o as principais causas de inc\u00eandios em ambientes corporativos, torna-se essencial que empresas de todos os portes e segmentos invistam em solu\u00e7\u00f5es eficazes para mitigar riscos, proteger vidas e preservar ativos&#8221;, explica Floriano.<\/p>\n<p>Em correaliza\u00e7\u00e3o com a <b>Associa\u00e7\u00e3o Brasileira de Prote\u00e7\u00e3o Passiva (ABPP), <\/b>a <b>Expo Inc\u00eandio 2025 <\/b>vai reunir mais de 50 expositores, que exibir\u00e3o equipamentos certificados, inova\u00e7\u00f5es em sensores e automa\u00e7\u00e3o desenvolvidos para atender \u00e0s exig\u00eancias das normas t\u00e9cnicas e \u00e0s demandas por efici\u00eancia e sustentabilidade.<\/p>\n<p>Simultaneamente, o Congresso Brasileiro de Sprinklers (CBSpk) e o Semin\u00e1rio Internacional de Prote\u00e7\u00e3o Passiva (SIPP) trar\u00e3o uma programa\u00e7\u00e3o robusta voltada \u00e0 forma\u00e7\u00e3o t\u00e9cnica, ao interc\u00e2mbio de conhecimento e \u00e0 evolu\u00e7\u00e3o das boas pr\u00e1ticas contra inc\u00eandios.<\/p>\n<p><b>Servi\u00e7o:<\/b>\n <\/p>\n<p>O que:\u00a0 \u00a0 \u00a0 \u00a0 \u00a0 \u00a0 \u00a0 <b>Expo Inc\u00eandio 2025 ? Feira de Seguran\u00e7a Contra Inc\u00eandio<br \/><\/b>Quando:\u00a0 \u00a0 \u00a0 \u00a0 \u00a0 \u00a0<b>27 a 29 de agosto de 2025<br \/><\/b>Onde:\u00a0 \u00a0 \u00a0 \u00a0 \u00a0 \u00a0 \u00a0 \u00a0<b>Transam\u00e9rica Expo Center SP<br \/><\/b>Informa\u00e7\u00f5es:\u00a0 \u00a0 <a href=\"http:\/\/expoincendio.com\/\" target=\"_blank\" rel=\"nofollow\"><b>http:\/\/expoincendio.com<\/b><\/a><\/p>\n<p id=\"PURL\">\n<img loading=\"lazy\" decoding=\"async\" title=\"Cision\" width=\"12\" height=\"12\" alt=\"Cision\" src=\"https:\/\/c212.net\/c\/img\/favicon.png?sn=PT57345&amp;sd=2025-08-22\" \/> View original content:<a id=\"PRNURL\" rel=\"nofollow\" href=\"https:\/\/www.prnewswire.com\/br\/comunicados-para-a-imprensa\/setor-de-comercio-lidera-numero-de-ocorrencias-de-incendios-nos-ultimos-dois-anos-302536825.html\" target=\"_blank\">https:\/\/www.prnewswire.com\/br\/comunicados-para-a-imprensa\/setor-de-comercio-lidera-numero-de-ocorrencias-de-incendios-nos-ultimos-dois-anos-302536825.html<\/a><\/p>\n<p>FONTE ABSpk<\/p>\n<\/p><\/div>\n<p>  <img decoding=\"async\" alt=\"\" src=\"https:\/\/rt.prnewswire.com\/rt.gif?NewsItemId=PT57345&amp;Transmission_Id=202508221201PR_NEWS_LATAM____PT57345&amp;DateId=20250822\" style=\"border:0px;width:1px;height:1px\" \/><\/p>\n<p><strong>T\u00f3picos Relacionados:<\/strong> Pesquisa, Enquetes e Estudos, Seguran\u00e7a P\u00fablica, Eventos Futuros<\/p>\n<p>A <b>OESP<\/b> n\u00e3o \u00e9(s\u00e3o) respons\u00e1vel(is) por erros, incorre\u00e7\u00f5es, atrasos ou quaisquer decis\u00f5es tomadas por seus clientes com base nos Conte\u00fados ora disponibilizados, bem como tais Conte\u00fados n\u00e3o representam a opini\u00e3o da <b>OESP<\/b> e s\u00e3o de inteira responsabilidade da <b>PR Newswire Ltda<\/b><\/p>\n","protected":false},"excerpt":{"rendered":"Com foco na preven\u00e7\u00e3o e combate aos sinistros, a Expo Inc\u00eandio 2025 \u00a0destacar\u00e1 materiais, recursos e treinamentos S\u00c3O PAULO, 22 de agosto de 2025 \/PRNewswire\/ &#8212; O n\u00famero de not\u00edcias","protected":false},"author":1,"featured_media":114939,"comment_status":"open","ping_status":"closed","sticky":false,"template":"","format":"standard","meta":{"_acf_changed":false,"inline_featured_image":false,"_monsterinsights_skip_tracking":false,"_monsterinsights_sitenote_active":false,"_monsterinsights_sitenote_note":"","_monsterinsights_sitenote_category":0,"footnotes":""},"categories":[27],"tags":[1461,1459,1460,1457,1458],"class_list":["post-114938","post","type-post","status-publish","format-standard","has-post-thumbnail","hentry","category-prnewswire","tag-cresceu","tag-depositos","tag-industrias-e-outros-locais","tag-o-numero-de-noticias-sobre-ocorrencias-de-incendios-estruturais","tag-registrados-em-estabelecimentos-do-setor-de-comercio-e-de-servicos"],"acf":[],"_links":{"self":[{"href":"https:\/\/bluestudio.estadao.com.br\/agencia-de-comunicacao\/wp-json\/wp\/v2\/posts\/114938","targetHints":{"allow":["GET"]}}],"collection":[{"href":"https:\/\/bluestudio.estadao.com.br\/agencia-de-comunicacao\/wp-json\/wp\/v2\/posts"}],"about":[{"href":"https:\/\/bluestudio.estadao.com.br\/agencia-de-comunicacao\/wp-json\/wp\/v2\/types\/post"}],"author":[{"embeddable":true,"href":"https:\/\/bluestudio.estadao.com.br\/agencia-de-comunicacao\/wp-json\/wp\/v2\/users\/1"}],"replies":[{"embeddable":true,"href":"https:\/\/bluestudio.estadao.com.br\/agencia-de-comunicacao\/wp-json\/wp\/v2\/comments?post=114938"}],"version-history":[{"count":0,"href":"https:\/\/bluestudio.estadao.com.br\/agencia-de-comunicacao\/wp-json\/wp\/v2\/posts\/114938\/revisions"}],"wp:featuredmedia":[{"embeddable":true,"href":"https:\/\/bluestudio.estadao.com.br\/agencia-de-comunicacao\/wp-json\/wp\/v2\/media\/114939"}],"wp:attachment":[{"href":"https:\/\/bluestudio.estadao.com.br\/agencia-de-comunicacao\/wp-json\/wp\/v2\/media?parent=114938"}],"wp:term":[{"taxonomy":"category","embeddable":true,"href":"https:\/\/bluestudio.estadao.com.br\/agencia-de-comunicacao\/wp-json\/wp\/v2\/categories?post=114938"},{"taxonomy":"post_tag","embeddable":true,"href":"https:\/\/bluestudio.estadao.com.br\/agencia-de-comunicacao\/wp-json\/wp\/v2\/tags?post=114938"}],"curies":[{"name":"wp","href":"https:\/\/api.w.org\/{rel}","templated":true}]}}