{"id":114918,"date":"2025-08-22T09:57:00","date_gmt":"2025-08-22T12:57:00","guid":{"rendered":"https:\/\/bluestudio.estadao.com.br\/agencia-de-comunicacao\/releases\/releases-geral\/arshlutauppgjor-islandshotela-hf-fyrir-fyrstu-sex-manudi-arsins-2025\/"},"modified":"2025-08-22T09:57:00","modified_gmt":"2025-08-22T12:57:00","slug":"arshlutauppgjor-islandshotela-hf-fyrir-fyrstu-sex-manudi-arsins-2025","status":"publish","type":"post","link":"https:\/\/bluestudio.estadao.com.br\/agencia-de-comunicacao\/releases\/releases-geral\/arshlutauppgjor-islandshotela-hf-fyrir-fyrstu-sex-manudi-arsins-2025\/","title":{"rendered":"\u00c1rshlutauppgj\u00f6r \u00cdslandsh\u00f3tela hf. fyrir fyrstu sex m\u00e1nu\u00f0i \u00e1rsins 2025"},"content":{"rendered":"<p><b>Rekstur \u00cdslandsh\u00f3tela st\u00f6\u00f0ugur \u00e1 milli \u00e1ra<\/p>\n<p> \u00c1rshlutauppgj\u00f6r \u00cdslandsh\u00f3tela hf. fyrir fyrstu sex m\u00e1nu\u00f0i \u00e1rsins 2025<\/b><\/p>\n<p>Stj\u00f3rn \u00cdslandsh\u00f3tela hf. sta\u00f0festi \u00e1 fundi s\u00ednum \u00ed dag, f\u00f6studaginn 22. \u00e1g\u00fast 2025, samst\u00e6\u00f0u\u00e1rshlutareikning f\u00e9lagsins fyrir t\u00edmabili\u00f0 1. jan\u00faar til 30. j\u00fan\u00ed 2025. \u00c1rshlutareikningur f\u00e9lagsins hefur n\u00fa veri\u00f0 birtur.<\/p>\n<p><b>Helstu lykilt\u00f6lur fyrstu sex m\u00e1na\u00f0a 2025 mi\u00f0a\u00f0 vi\u00f0 sama t\u00edmabil 2024:<\/b><\/p>\n<ul type=\"disc\">\n<li style=\"margin-top:0cm;margin-bottom:8pt\">Rekstrartekjurn\u00e1mu <b>6.477,8 m.kr.<\/b> (2024: 6.691 m.kr.)<\/li>\n<li style=\"margin-top:0cm;margin-bottom:8pt\">EBITDAnam <b>688,7 m.kr.<\/b> (2024: 735 m.kr.)<\/li>\n<li style=\"margin-top:0cm;margin-bottom:8pt\">Tapeftir skatta nam <b>1.146,8 m.kr.<\/b> (2024: 1.201,2 m.kr.)<\/li>\n<li style=\"margin-top:0cm;margin-bottom:8pt\">B\u00f3kf\u00e6rteigi\u00f0 f\u00e9 \u00ed lok j\u00fan\u00ed 2025 var <b>24.599,2 m.kr.<\/b> (\u00e1rslok 2024: 25.746,0m.kr.)<\/li>\n<li style=\"margin-top:0cm;margin-bottom:8pt\">Eiginfj\u00e1rhlutfall\u00ed lok t\u00edmabilsins var <b>37,8%\u00a0<\/b>(\u00e1rslok 2024: 36,3%)<\/li>\n<\/ul>\n<p>\u00c1 fyrstu sex m\u00e1nu\u00f0um \u00e1rsins 2025 komu 955 \u00fe\u00fasund fer\u00f0amenn til landsins samanbori\u00f0 vi\u00f0 963 \u00fe\u00fasund \u00e1 sama t\u00edmabili 2024, sem jafngildir samdr\u00e6tti um t\u00e6p 1%. Mestu \u00e1hrifin voru \u00e1 fyrstu \u00feremur m\u00e1nu\u00f0um \u00e1rsins \u00feegar fer\u00f0am\u00f6nnum f\u00e6kka\u00f0i um r\u00famlega 9% fr\u00e1 fyrra \u00e1ri. \u00der\u00f3unin haf\u00f0i neikv\u00e6\u00f0 \u00e1hrif \u00e1 rekstur f\u00e9lagsins \u00e1 fyrsta \u00e1rsfj\u00f3r\u00f0ungi, \u00e1 sama t\u00edma og aukinn rekstrarkostna\u00f0ur vegna launah\u00e6kkana og ver\u00f0lags\u00fer\u00f3unar j\u00f3kst. Gengi \u00edslensku kr\u00f3nunnar haf\u00f0i einnig \u00e1hrif \u00e1 rekstur og marka\u00f0sumhverfi \u00e1 \u00e1rinu, \u00fear sem sterkt gengi kr\u00f3nunnar dregur \u00far samkeppnish\u00e6fni \u00cdslands sem \u00e1fangasta\u00f0ar.<\/p>\n<p>Eftir samdr\u00e1tt \u00e1 fyrri hluta \u00e1rsins t\u00f3k vi\u00f0 j\u00e1kv\u00e6\u00f0 \u00fer\u00f3un \u00ed j\u00fal\u00ed 2025 \u00feegar fer\u00f0am\u00f6nnum fj\u00f6lga\u00f0i um 9% fr\u00e1 fyrra \u00e1ri. Tekjur f\u00e9lagsins jukust um 11,6% og eru horfur fyrir \u00e1g\u00fast einnig j\u00e1kv\u00e6\u00f0ar.<\/p>\n<p>\u00c1 t\u00edmabilinu var Fossh\u00f3tel Hekla selt, en \u00fea\u00f0 hefur veri\u00f0 loka\u00f0 um nokkurt skei\u00f0. Sala \u00feess er hluti af a\u00f0ger\u00f0um f\u00e9lagsins til a\u00f0 b\u00e6ta rekstur og auka ar\u00f0semi.<\/p>\n<p>\u00c1 \u00e1rinu 2025 var jafnframt tekin \u00e1kv\u00f6r\u00f0un um samruna \u00cdslandsh\u00f3tela hf. og Fossh\u00f3tels Reykjav\u00edk ehf. undir nafni \u00cdslandsh\u00f3tela hf. Samruninn, sem sam\u00feykktur var af stj\u00f3rn f\u00e9lagsins 28. j\u00fan\u00ed 2025, gildir afturvirkt fr\u00e1 og me\u00f0 1. jan\u00faar 2025. Markmi\u00f0 hans er a\u00f0 einfalda rekstur, samr\u00e6ma verklag og styrkja samkeppnish\u00e6fni f\u00e9lagsins.<\/p>\n<p>F\u00e9lagi\u00f0 h\u00e9lt \u00e1fram vinnu vi\u00f0 st\u00e6kkun H\u00f3tel Reykjav\u00edk Grand \u00e1 t\u00edmabilinu og voru stigin st\u00f3r skref \u00ed \u00e1framhaldandi uppbyggingu h\u00f3telsins. Um er a\u00f0 r\u00e6\u00f0a st\u00e6rstu framkv\u00e6md f\u00e9lagsins fr\u00e1 upphafi, \u00fear sem b\u00e6\u00f0i er r\u00e1\u00f0ist \u00ed fj\u00f6lgun herbergja, st\u00e6kkun r\u00e1\u00f0stefnu- og fundara\u00f0st\u00f6\u00f0u og endurb\u00e6tur \u00e1 \u00fej\u00f3nustuinnvi\u00f0um. Markmi\u00f0 verkefnisins er a\u00f0 treysta st\u00f6\u00f0u H\u00f3tel Reykjav\u00edk Grand sem lei\u00f0andi r\u00e1\u00f0stefnu- og gisti\u00fej\u00f3nustua\u00f0ila \u00e1 h\u00f6fu\u00f0borgarsv\u00e6\u00f0inu og auka samkeppnish\u00e6fni f\u00e9lagsins til framt\u00ed\u00f0ar. Verkefni\u00f0 er jafnframt hluti af langt\u00edmastefnu f\u00e9lagsins til a\u00f0 b\u00e6ta rekstur og styrkja tekjugrundv\u00f6ll.<\/p>\n<p>Fyrri hluti \u00e1rsins marka\u00f0ist af f\u00e6rri fer\u00f0am\u00f6nnum og auknum rekstrarkostna\u00f0i, en horfur fyrir s\u00ed\u00f0ari hluta \u00e1rsins eru j\u00e1kv\u00e6\u00f0ar. Vi\u00f0 sj\u00e1um greinilegan vi\u00f0sn\u00faning \u00ed j\u00fal\u00ed og \u00e1g\u00fast me\u00f0 auknum tekjum samhli\u00f0a fj\u00f6lgun fer\u00f0amanna. Samruninn vi\u00f0 Fossh\u00f3tel Reykjav\u00edk mun styrkja reksturinn og b\u00e6ta hagkv\u00e6mni til framt\u00ed\u00f0ar. \u00de\u00e1 er st\u00e6kkun H\u00f3tel Reykjav\u00edk Grand eitt mikilv\u00e6gasta uppbyggingarverkefni okkar fr\u00e1 upphafi og mun \u00fea\u00f0 styrkja st\u00f6\u00f0u f\u00e9lagsins verulega, segir Dav\u00ed\u00f0 Torfi \u00d3lafsson, forstj\u00f3ri \u00cdslandsh\u00f3tela hf.<\/p>\n<p>\u00c1rshlutareikningur f\u00e9lagsins er me\u00f0fylgjandi og er hann einnig a\u00f0 finna \u00e1 heimas\u00ed\u00f0u f\u00e9lagsins, <a href=\"https:\/\/www.globenewswire.com\/Tracker?data=NmE51xi95fL5vxAYhPIiHZzGZfaNx7YGSuqSSTVvSxKRDg7XLFPljMGkKvnXaDkgDb9n-3GYDIKOxgZTsLgmWBlfomZBH8lIdmb1Uzj0Vw-bTVuqnuWsOvfNFN6Y4VSAS4ABOsru0C27iGqZpySmcA==\" rel=\"nofollow\" target=\"_blank\">www.islandshotel.is\/fjarfestar<\/a>.<\/p>\n<p>F\u00e9lagi\u00f0 er me\u00f0 skr\u00e1\u00f0 skuldabr\u00e9f \u00ed Kauph\u00f6ll \u00cdslands og fylgir \u00feeim reglum sem gilda um f\u00e9l\u00f6g me\u00f0 skr\u00e1\u00f0a fj\u00e1rm\u00e1lagerninga \u00e1 skipulegum marka\u00f0i. Me\u00f0fylgjandi er sta\u00f0festingarbr\u00e9f fr\u00e1 Deloitte vegna skuldabr\u00e9faflokks IH140647.<\/p>\n<p><b>N\u00e1nari uppl\u00fdsingar veitir: <br \/> <\/b>Dav\u00ed\u00f0 Torfi \u00d3lafsson, forstj\u00f3ri \u00cdslandsh\u00f3tela hf.<br \/> <a href=\"https:\/\/www.globenewswire.com\/Tracker?data=kgxU0396-ei3tqdOw93BI2wISJWvSA2ue2RF0lsb4h3Dtt5B9A_QMwTYTH3r-6EnNL4-MneOzyALOgQ0SHqsL5V00Kazhxht1k-z73ZDyOs=\" rel=\"nofollow\" target=\"_blank\">david@islandshotel.is<br \/> <\/a>s\u00edmi: 862 8089<\/p>\n<p id=\"gnw_attachments_section-header\">\n <strong>Attachments<\/strong>\n<\/p>\n<ul id=\"gnw_attachments_section-items\">\n<li>\n  <a target=\"_blank\" href=\"https:\/\/ml-eu.globenewswire.com\/Resource\/Download\/05423946-04bd-4b96-89f9-f98d168a2ac3\">\u00c1rshlutareikningur samst\u00e6\u00f0u \u00cdslandsh\u00f3tela hf. 1.jan\u00faar -30.j\u00fan\u00ed 2025<\/a>\n<\/li>\n<li>\n  <a target=\"_blank\" href=\"https:\/\/ml-eu.globenewswire.com\/Resource\/Download\/ebbfd508-6268-464a-9c39-f51d02e051aa\">Sk\u00fdrsla Deloitte vegna eftirlits me\u00f0 skuldabr\u00e9fa\u00fatg\u00e1fu 30.6.2025<\/a>\n<\/li>\n<\/ul>\n<p><img decoding=\"async\" alt=\"\" class=\"__GNW8366DE3E__IMG\" src=\"https:\/\/www.globenewswire.com\/newsroom\/ti?nf=MTAwMTEyNDIyMiM0MDIyMDIxNTgjMjEyMDc5NA==\" \/> <br \/><img decoding=\"async\" alt=\"\" src=\"https:\/\/ml-eu.globenewswire.com\/media\/OTU1MWU2MjgtYWQzOS00ZmQzLTliY2ItNDZmMzY1ZTY3MWQ2LTExMzIzNjUtMjAyNS0wOC0yMi1lbg==\/tiny\/-slandsh-tel.png\" \/><\/p>\n<p>A <b>OESP<\/b> nao e(sao) responsavel(is) por erros, incorrecoes, atrasos ou quaisquer decisoes tomadas por seus clientes com base nos Conteudos ora disponibilizados, bem como tais Conteudos nao representam a opiniao da <b>OESP<\/b> e sao de inteira responsabilidade da <b>GlobeNewswire<\/b><\/p>\n","protected":false},"excerpt":{"rendered":"Rekstur \u00cdslandsh\u00f3tela st\u00f6\u00f0ugur \u00e1 milli \u00e1ra  \u00c1rshlutauppgj\u00f6r \u00cdslandsh\u00f3tela hf. fyrir fyrstu sex m\u00e1nu\u00f0i \u00e1rsins 2025\nStj\u00f3rn \u00cdslandsh\u00f3tela hf. sta\u00f0festi \u00e1 fundi s\u00ed","protected":false},"author":1,"featured_media":0,"comment_status":"open","ping_status":"closed","sticky":false,"template":"","format":"standard","meta":{"_acf_changed":false,"inline_featured_image":false,"_monsterinsights_skip_tracking":false,"_monsterinsights_sitenote_active":false,"_monsterinsights_sitenote_note":"","_monsterinsights_sitenote_category":0,"footnotes":""},"categories":[34],"tags":[],"class_list":["post-114918","post","type-post","status-publish","format-standard","hentry","category-releases-geral"],"acf":[],"_links":{"self":[{"href":"https:\/\/bluestudio.estadao.com.br\/agencia-de-comunicacao\/wp-json\/wp\/v2\/posts\/114918","targetHints":{"allow":["GET"]}}],"collection":[{"href":"https:\/\/bluestudio.estadao.com.br\/agencia-de-comunicacao\/wp-json\/wp\/v2\/posts"}],"about":[{"href":"https:\/\/bluestudio.estadao.com.br\/agencia-de-comunicacao\/wp-json\/wp\/v2\/types\/post"}],"author":[{"embeddable":true,"href":"https:\/\/bluestudio.estadao.com.br\/agencia-de-comunicacao\/wp-json\/wp\/v2\/users\/1"}],"replies":[{"embeddable":true,"href":"https:\/\/bluestudio.estadao.com.br\/agencia-de-comunicacao\/wp-json\/wp\/v2\/comments?post=114918"}],"version-history":[{"count":0,"href":"https:\/\/bluestudio.estadao.com.br\/agencia-de-comunicacao\/wp-json\/wp\/v2\/posts\/114918\/revisions"}],"wp:attachment":[{"href":"https:\/\/bluestudio.estadao.com.br\/agencia-de-comunicacao\/wp-json\/wp\/v2\/media?parent=114918"}],"wp:term":[{"taxonomy":"category","embeddable":true,"href":"https:\/\/bluestudio.estadao.com.br\/agencia-de-comunicacao\/wp-json\/wp\/v2\/categories?post=114918"},{"taxonomy":"post_tag","embeddable":true,"href":"https:\/\/bluestudio.estadao.com.br\/agencia-de-comunicacao\/wp-json\/wp\/v2\/tags?post=114918"}],"curies":[{"name":"wp","href":"https:\/\/api.w.org\/{rel}","templated":true}]}}