{"id":114751,"date":"2025-08-20T13:57:00","date_gmt":"2025-08-20T16:57:00","guid":{"rendered":"https:\/\/bluestudio.estadao.com.br\/agencia-de-comunicacao\/prnewswire\/as-vesperas-da-cop30-produtoras-rurais-premiadas-mostram-como-praticas-esg-impulsionam-produtividade-e-geram-impacto-alem-da-porteira\/"},"modified":"2025-08-20T13:57:00","modified_gmt":"2025-08-20T16:57:00","slug":"as-vesperas-da-cop30-produtoras-rurais-premiadas-mostram-como-praticas-esg-impulsionam-produtividade-e-geram-impacto-alem-da-porteira","status":"publish","type":"post","link":"https:\/\/bluestudio.estadao.com.br\/agencia-de-comunicacao\/prnewswire\/as-vesperas-da-cop30-produtoras-rurais-premiadas-mostram-como-praticas-esg-impulsionam-produtividade-e-geram-impacto-alem-da-porteira\/","title":{"rendered":"\u00c0s v\u00e9speras da COP30, produtoras rurais premiadas mostram como pr\u00e1ticas ESG impulsionam produtividade e geram impacto al\u00e9m da porteira"},"content":{"rendered":"\n<div class=\"xn-content\">\n<p class=\"prntac\">\n<i>Com Serasa Experian como novo apoiador institucional, o Pr\u00eamio Mulheres do Agro, iniciativa da Bayer e <\/i>da Associa\u00e7\u00e3o Brasileiro do Agroneg\u00f3cio (Abag), <i>refor\u00e7a seu compromisso em reconhecer as boas pr\u00e1ticas sustent\u00e1veis que transformam o agroneg\u00f3cio<\/i><\/p>\n<p><span class=\"legendSpanClass\">S\u00c3O PAULO<\/span>, <span class=\"legendSpanClass\">20 de agosto de 2025<\/span> \/PRNewswire\/ &#8212; O\u00a0agroneg\u00f3cio brasileiro tem se consolidado como refer\u00eancia global em pr\u00e1ticas sustent\u00e1veis, com 91,8% dos produtores rurais implementando iniciativas alinhadas \u00e0 sustentabilidade, \u00e0 responsabilidade social e \u00e0 governan\u00e7a, segundo pesquisa da Serasa Experian. Al\u00e9m disso, 87% dos entrevistados reconhecem que essas pr\u00e1ticas contribuem diretamente para a redu\u00e7\u00e3o de custos e aumento da produtividade, demonstrando que sustentabilidade e lucratividade podem caminhar juntas.<\/p>\n<p>\u00c0 medida que o Brasil se prepara para sediar a COP30 em Bel\u00e9m (PA), hist\u00f3rias inspiradoras de produtoras rurais reconhecidas pelo Pr\u00eamio Mulheres do Agro (PMA), idealizado pela Bayer e pela Associa\u00e7\u00e3o Brasileiro do Agroneg\u00f3cio (Abag), refor\u00e7am como a ado\u00e7\u00e3o de boas pr\u00e1ticas pode gerar impactos positivos n\u00e3o apenas para o meio ambiente, mas tamb\u00e9m para as propriedades. Rossana Aboud, Fl\u00e1via Saldanha e Paula Dias, vencedoras das edi\u00e7\u00f5es anteriores da premia\u00e7\u00e3o, s\u00e3o exemplos concretos de como inova\u00e7\u00e3o e responsabilidade socioambiental podem impulsionar ganhos econ\u00f4micos e otimizar recursos no campo.<\/p>\n<p>Rossana Aboud, da Fazenda \u00c1frica, em Teresina (PI), combina tecnologia e sustentabilidade na pecu\u00e1ria de corte. A aduba\u00e7\u00e3o org\u00e2nica, feita com compostagem do pr\u00f3prio esterco do gado, cria um ciclo virtuoso entre solo e rebanho. Ao adubar o pasto com material org\u00e2nico rico em nutrientes, ocorre uma promo\u00e7\u00e3o na microbiota do solo, aumentando sua fertilidade e capacidade de reten\u00e7\u00e3o de \u00e1gua. O que reflete diretamente na qualidade da pastagem, que por sua vez, impacta positivamente o desempenho dos animais.\u00a0<\/p>\n<p>Essas pr\u00e1ticas t\u00eam contribu\u00eddo para a efici\u00eancia no uso de recursos, na redu\u00e7\u00e3o de custos operacionais e no aumento da rentabilidade da produ\u00e7\u00e3o. &#8220;Quando o gado vive em um ambiente com bem-estar, ou seja, em piquetes rotacionados, com sombra, manejo humanizado e sem estresse, os resultados zoot\u00e9cnicos s\u00e3o superiores. O solo \u00e9 mais vivo e o gado mais saud\u00e1vel&#8221;, explica Rossana. \u00a0<\/p>\n<p>A segunda colocada na categoria Pequena Propriedade do Pr\u00eamio Mulheres do Agro de 2023, tamb\u00e9m abre as portas de sua fazenda para alunos de escolas locais, oferecendo tours educativos que destacam a produ\u00e7\u00e3o respons\u00e1vel de alimentos e incentivam jovens a enxergar o agroneg\u00f3cio como parte da solu\u00e7\u00e3o para os desafios clim\u00e1ticos. &#8220;Receber jovens em nossa propriedade nos permite plantar neles a ideia de que o agroneg\u00f3cio \u00e9 parte da solu\u00e7\u00e3o para os desafios clim\u00e1ticos&#8221;, destaca.<\/p>\n<p>J\u00e1 Fl\u00e1via Saldanha, respons\u00e1vel pela Fazenda Calif\u00f3rnia, em Jacarezinho (PR), \u00e9 um caso em cafeicultura regenerativa, pr\u00e1ticas conservacionistas e gest\u00e3o ESG. Sua propriedade, certificada pela Rainforest Alliance, \u00e9 exemplo de como pr\u00e1ticas sustent\u00e1veis agregam valor e visibilidade no mercado global. &#8220;Adotar a cafeicultura regenerativa foi uma decis\u00e3o estrat\u00e9gica para unir produtividade e responsabilidade ambiental&#8221;, explica.<\/p>\n<p>Desde que assumiu a gest\u00e3o da propriedade, em 2004, Fl\u00e1via implementou t\u00e9cnicas como compostagem org\u00e2nica, uso de bioinsumos e corredores ecol\u00f3gicos, resultando em um aumento de quase 30% na produtividade do caf\u00e9 e ganhos significativos. Recentemente, tamb\u00e9m passou a acrescentar o uso de mix de plantas de cobertura do solo nas entrelinhas do caf\u00e9, promovendo ainda mais a sa\u00fade do solo e o equil\u00edbrio do ecossistema.<\/p>\n<p>&#8220;Essas pr\u00e1ticas t\u00eam transformado nosso solo, al\u00e9m de aumentar a resili\u00eancia das lavouras e reduzir os impactos das mudan\u00e7as clim\u00e1ticas. Mais do que produzir caf\u00e9 de alta qualidade, queremos mostrar que o agro brasileiro pode ser l\u00edder mundial em solu\u00e7\u00f5es sustent\u00e1veis, inspirar outros produtores e conectar as novas gera\u00e7\u00f5es ao campo por meio da educa\u00e7\u00e3o ambiental&#8221;, diz.\u00a0<\/p>\n<p>Fl\u00e1via, que foi primeira colocada na categoria Grande Propriedade do Pr\u00eamio Mulheres do Agro de 2023, multiplica as experi\u00eancias na fazenda com os pequenos. O projeto &#8220;O Futuro em Nossas M\u00e3os&#8221; surgiu a partir da fase escolar de suas filhas.\u00a0\u00a0&#8220;Tive um desejo de contribuir ativamente com a forma\u00e7\u00e3o das minhas filhas, e percebi que as crian\u00e7as aprendem temas, como zonas rural e urbana, agricultura, biomas, meio ambiente e preserva\u00e7\u00e3o dos recursos, mas essas informa\u00e7\u00f5es chegavam at\u00e9 elas de forma superficial, especialmente quando se tratava da agricultura. A partir disso, senti que havia uma oportunidade para contribuir com a tem\u00e1tica&#8221;, lembra.<\/p>\n<p>Assim, surgiu a ideia de abrir as portas da fazenda e receber alunos e professores para criar um espa\u00e7o de aprendizado pr\u00e1tico, vivencial e l\u00fadico. Atualmente, o projeto tem parceria com universidades, col\u00e9gios t\u00e9cnicos agr\u00edcolas, escolas estaduais, municipais e particulares tanto de Jacarezinho quanto de munic\u00edpios vizinhos. Ele se tornou parte ativa da rotina da Fazenda Calif\u00f3rnia. &#8220;Recebemos mensalmente de dois a tr\u00eas grupos escolares. Ao longo do ano, s\u00e3o aproximadamente 900 crian\u00e7as e jovens impactados&#8221;, conta.<\/p>\n<p>Paula Dias, propriet\u00e1ria da Grandpa Joel&#8217;s Coffee, em Santa Rita do Sapuca\u00ed (MG), transformou sua propriedade em um modelo de inova\u00e7\u00e3o. Com o objetivo de fortalecer a agricultura regenerativa em sua propriedade, ela investe continuamente na amplia\u00e7\u00e3o de seus conhecimentos por meio de cursos e consultorias especializadas. Pioneira no cultivo de baunilha no Sul de Minas, investe em reflorestamento e preserva\u00e7\u00e3o ambiental, mant\u00e9m uma estufa de mudas nativas e frut\u00edferas que alimenta o ecossistema local e ajuda a proteger esp\u00e9cies como o lobo-guar\u00e1. Al\u00e9m disso, ela doa mudas e sementes para a comunidade e incentiva o reuso criativo de embalagens de caf\u00e9 como vasos para plantio. A combina\u00e7\u00e3o dessas pr\u00e1ticas com t\u00e9cnicas de manejo sustent\u00e1vel resulta em melhorias na qualidade dos produtos, fortalece a percep\u00e7\u00e3o dos clientes sobre a dedica\u00e7\u00e3o da empresa em manter um local de trabalho saud\u00e1vel, consciente e sustent\u00e1vel, e contribui para o crescimento das exporta\u00e7\u00f5es.<\/p>\n<p>Para a segunda colocada na categoria Pequena Propriedade do Pr\u00eamio Mulheres do Agro 2024, cada semente plantada, seja no solo ou na consci\u00eancia das pessoas, \u00e9 uma forma de regenerar a natureza e transformar o futuro. &#8220;Nosso trabalho com reflorestamento, agricultura regenerativa e educa\u00e7\u00e3o ambiental melhora a biodiversidade local e inspira outras pessoas a se conectarem com a terra e a valorizarem os recursos naturais. Sustentabilidade \u00e9 um ciclo, ou seja, o que devolvemos \u00e0 natureza retorna em forma de produtividade, qualidade e equil\u00edbrio&#8221;, conta.\u00a0<\/p>\n<p>O Pr\u00eamio Mulheres do Agro nasceu para reconhecer e valorizar o\u00a0protagonismo feminino no campo, destacando hist\u00f3rias inspiradoras de mulheres que aliam inova\u00e7\u00e3o, sustentabilidade e impacto social em suas propriedades.<\/p>\n<p>Segundo Isabela Fagundes, Especialista em Comunica\u00e7\u00e3o Corporativa da Bayer, anualmente essas hist\u00f3rias ressaltam o protagonismo da agricultura brasileira e a lideran\u00e7a feminina na ado\u00e7\u00e3o de pr\u00e1ticas sustent\u00e1veis e regenerativas no campo. &#8220;Esses exemplos n\u00e3o apenas nos colocam como uma refer\u00eancia, mas tamb\u00e9m destacam o setor agr\u00edcola como parte fundamental das solu\u00e7\u00f5es para os desafios de seguran\u00e7a alimentar e ambiental&#8221;, diz.<\/p>\n<p>Ela acrescenta que, em 2025, com a realiza\u00e7\u00e3o da COP30 no Brasil, o pa\u00eds ter\u00e1 a oportunidade de debater metas que impactam o meio ambiente e a sociedade como um todo. &#8220;A COP30 ser\u00e1 um marco para a Bayer, especialmente por ser realizada no Brasil, nosso segundo maior mercado. \u00c9 um momento estrat\u00e9gico para a companhia demonstrar que \u00e9 poss\u00edvel unir alta produtividade e desenvolvimento regional, por meio de projetos sociais, parcerias institucionais, promo\u00e7\u00e3o do conhecimento e solu\u00e7\u00f5es inovadoras em agricultura regenerativa&#8221;, acrescenta.<\/p>\n<p><b>Serasa Experian \u00e9 a nova apoiadora institucional do Pr\u00eamio Mulheres do Agro <\/b>\n <\/p>\n<p>A oitava edi\u00e7\u00e3o do Pr\u00eamio Mulheres do Agro chega com uma novidade especial: a Serasa Experian \u00e9 a mais nova apoiadora oficial da premia\u00e7\u00e3o. A parceria refor\u00e7a a relev\u00e2ncia do pilar sustentabilidade no reconhecimento das iniciativas de produtoras rurais em todo o pa\u00eds. Como a primeira e maior Datatech do Brasil, a empresa trar\u00e1 uma ferramenta inovadora para potencializar a avalia\u00e7\u00e3o das pr\u00e1ticas sustent\u00e1veis adotadas pelas candidatas, garantindo ainda mais rigor e transpar\u00eancia ao processo de sele\u00e7\u00e3o.<\/p>\n<p>&#8220;Contribuir com a premia\u00e7\u00e3o nessa parceria refor\u00e7a nosso compromisso de seguir valorizando projetos que entregam produtividade, transpar\u00eancia e sustentabilidade ao\u00a0setor. Al\u00e9m disso, fortalecemos a miss\u00e3o de impulsionar o protagonismo feminino no campo e de mostrar que o futuro do agroneg\u00f3cio brasileiro est\u00e1 nas m\u00e3os de quem cuida da terra, das pessoas e do planeta, consolidando o setor como uma voz essencial na COP 30&#8221;, afirma Jeysa Meneses Gerente de Solu\u00e7\u00f5es Agro da Serasa Experian.<\/p>\n<p>&#8220;Estamos felizes com a pot\u00eancia que essa parceria trar\u00e1, refor\u00e7ando nosso compromisso em valorizar projetos que integram inova\u00e7\u00e3o e sustentabilidade. Com o apoio da Serasa Experian, fortalecemos a miss\u00e3o de impulsionar o protagonismo feminino no campo, incentivando e valorizando a\u00e7\u00f5es sustent\u00e1veis&#8221;, afirma Isabela.<\/p>\n<p>As vencedoras do Pr\u00eamio Mulheres do Agro 2025 ser\u00e3o anunciadas no dia 22 de outubro, durante o Congresso Nacional das Mulheres do Agro, em S\u00e3o Paulo.<\/p>\n<p>Para saber mais acesse o <a href=\"https:\/\/www.premiomulheresdoagro.com.br\/\" target=\"_blank\" rel=\"nofollow\">site oficial<\/a>. \u00a0<\/p>\n<p><b>Informa\u00e7\u00f5es \u00e0 imprensa<\/b>? <br \/><b>JeffreyGroup<\/b>? <br \/>Paula Siqueira ? 11 96570-4346? <br \/>Amanda Barreto ? 11 95203-2586? <br \/><a href=\"mailto:agrobayer@jeffreygroup.com\" target=\"_blank\" rel=\"nofollow\">agrobayer@jeffreygroup.com<\/a>??\u00a0<\/p>\n<p><b>Sobre a Bayer?<\/b>?\u00a0<\/p>\n<p>A Bayer \u00e9 uma empresa global com compet\u00eancias essenciais nas ci\u00eancias da vida nos setores de agroneg\u00f3cios e sa\u00fade. Seus produtos e servi\u00e7os s\u00e3o projetados para ajudar as pessoas e o planeta a prosperar, apoiando os esfor\u00e7os para superar os principais desafios apresentados por uma popula\u00e7\u00e3o global em crescimento e envelhecimento. A Bayer est\u00e1 comprometida em impulsionar o desenvolvimento sustent\u00e1vel e gerar um impacto positivo em seus neg\u00f3cios. Ao mesmo tempo, o Grupo pretende aumentar o seu poder de ganho e criar valor atrav\u00e9s da inova\u00e7\u00e3o e do crescimento. A marca Bayer representa confian\u00e7a, confiabilidade e qualidade. O Brasil \u00e9 a segunda maior opera\u00e7\u00e3o da companhia no mundo.?\u00a0<\/p>\n<p>\u00a0<\/p>\n<p id=\"PURL\">\n<img loading=\"lazy\" decoding=\"async\" title=\"Cision\" width=\"12\" height=\"12\" alt=\"Cision\" src=\"https:\/\/c212.net\/c\/img\/favicon.png?sn=PT55590&#038;sd=2025-08-20\" \/> View original content:<a id=\"PRNURL\" rel=\"nofollow\" href=\"https:\/\/www.prnewswire.com\/br\/comunicados-para-a-imprensa\/as-vesperas-da-cop30-produtoras-rurais-premiadas-mostram-como-praticas-esg-impulsionam-produtividade-e-geram-impacto-alem-da-porteira-302534857.html\" target=\"_blank\">https:\/\/www.prnewswire.com\/br\/comunicados-para-a-imprensa\/as-vesperas-da-cop30-produtoras-rurais-premiadas-mostram-como-praticas-esg-impulsionam-produtividade-e-geram-impacto-alem-da-porteira-302534857.html<\/a><\/p>\n<p>FONTE Bayer<\/p>\n<\/p><\/div>\n<p>  <img decoding=\"async\" alt=\"\" src=\"https:\/\/rt.prnewswire.com\/rt.gif?NewsItemId=PT55590&#038;Transmission_Id=202508201249PR_NEWS_LATAM____PT55590&#038;DateId=20250820\" style=\"border:0px; width:1px; height:1px;\" \/><\/p>\n<p><strong>T\u00f3picos Relacionados:<\/strong> Not\u00edcias Relacionadas a Mulheres, Pr\u00eamios, Conserva\u00e7\u00e3o\/Reciclagem, Responsabilidade Social Corporativa, Agricultura, Diversidade, Equidade e Inclus\u00e3o<\/p>\n<p>A <b>OESP<\/b> n\u00e3o \u00e9(s\u00e3o) respons\u00e1vel(is) por erros, incorre\u00e7\u00f5es, atrasos ou quaisquer decis\u00f5es tomadas por seus clientes com base nos Conte\u00fados ora disponibilizados, bem como tais Conte\u00fados n\u00e3o representam a opini\u00e3o da <b>OESP<\/b> e s\u00e3o de inteira responsabilidade da <b>PR Newswire Ltda<\/b><\/p>\n","protected":false},"excerpt":{"rendered":"Com Serasa Experian como novo apoiador institucional, o Pr\u00eamio Mulheres do Agro, iniciativa da Bayer e da Associa\u00e7\u00e3o Brasileiro do Agroneg\u00f3cio (Abag), refor\u00e7a seu compromisso em reconhecer as","protected":false},"author":1,"featured_media":114752,"comment_status":"open","ping_status":"closed","sticky":false,"template":"","format":"standard","meta":{"_acf_changed":false,"inline_featured_image":false,"_monsterinsights_skip_tracking":false,"_monsterinsights_sitenote_active":false,"_monsterinsights_sitenote_note":"","_monsterinsights_sitenote_category":0,"footnotes":""},"categories":[27],"tags":[1338,1337,1336],"class_list":["post-114751","post","type-post","status-publish","format-standard","has-post-thumbnail","hentry","category-prnewswire","tag-8-dos-produtores-rurais-implementando-iniciativas-alinhadas-a-sustentabilidade","tag-com-91","tag-o-agronegocio-brasileiro-tem-se-consolidado-como-referencia-global-em-praticas-sustentaveis"],"acf":[],"_links":{"self":[{"href":"https:\/\/bluestudio.estadao.com.br\/agencia-de-comunicacao\/wp-json\/wp\/v2\/posts\/114751","targetHints":{"allow":["GET"]}}],"collection":[{"href":"https:\/\/bluestudio.estadao.com.br\/agencia-de-comunicacao\/wp-json\/wp\/v2\/posts"}],"about":[{"href":"https:\/\/bluestudio.estadao.com.br\/agencia-de-comunicacao\/wp-json\/wp\/v2\/types\/post"}],"author":[{"embeddable":true,"href":"https:\/\/bluestudio.estadao.com.br\/agencia-de-comunicacao\/wp-json\/wp\/v2\/users\/1"}],"replies":[{"embeddable":true,"href":"https:\/\/bluestudio.estadao.com.br\/agencia-de-comunicacao\/wp-json\/wp\/v2\/comments?post=114751"}],"version-history":[{"count":0,"href":"https:\/\/bluestudio.estadao.com.br\/agencia-de-comunicacao\/wp-json\/wp\/v2\/posts\/114751\/revisions"}],"wp:featuredmedia":[{"embeddable":true,"href":"https:\/\/bluestudio.estadao.com.br\/agencia-de-comunicacao\/wp-json\/wp\/v2\/media\/114752"}],"wp:attachment":[{"href":"https:\/\/bluestudio.estadao.com.br\/agencia-de-comunicacao\/wp-json\/wp\/v2\/media?parent=114751"}],"wp:term":[{"taxonomy":"category","embeddable":true,"href":"https:\/\/bluestudio.estadao.com.br\/agencia-de-comunicacao\/wp-json\/wp\/v2\/categories?post=114751"},{"taxonomy":"post_tag","embeddable":true,"href":"https:\/\/bluestudio.estadao.com.br\/agencia-de-comunicacao\/wp-json\/wp\/v2\/tags?post=114751"}],"curies":[{"name":"wp","href":"https:\/\/api.w.org\/{rel}","templated":true}]}}